{"id":17995,"date":"2023-12-01T08:24:45","date_gmt":"2023-12-01T07:24:45","guid":{"rendered":"https:\/\/projectes.xtec.cat\/pfi\/?p=17995"},"modified":"2023-12-01T13:50:46","modified_gmt":"2023-12-01T12:50:46","slug":"obertura-dinscripcions-per-al-projecte-pfi-tech-la-mostra-dona-visibilitat-als-projectes-de-les-families-professionals-tecnologiques-i-industrials","status":"publish","type":"post","link":"https:\/\/projectes.xtec.cat\/pfi\/general\/obertura-dinscripcions-per-al-projecte-pfi-tech-la-mostra-dona-visibilitat-als-projectes-de-les-families-professionals-tecnologiques-i-industrials\/","title":{"rendered":"Obertes les inscripcions del Projecte PFI Tech"},"content":{"rendered":"<h6>La Mostra dona visibilitat als projectes de les Fam\u00edlies Professionals Tecnol\u00f2giques i Industrials<\/h6>\n<p>&nbsp;<\/p>\n<p>Avui anunciem l&#8217;obertura de les inscripcions per a la primera edici\u00f3 de la Mostra PFITech, un esdeveniment que t\u00e9 com a objectiu destacar els projectes realitzats pels Programes de Formaci\u00f3 i Inserci\u00f3 (PFI) en les fam\u00edlies professionals tecnol\u00f2giques i industrials. Aquesta iniciativa pret\u00e9n crear un espai de compartici\u00f3, intercanvi i reconeixement de les compet\u00e8ncies professionals dels participants.<\/p>\n<p>La Mostra PFITech no nom\u00e9s oferir\u00e0 als estudiants l&#8217;oportunitat de mostrar els seus projectes, sin\u00f3 que tamb\u00e9 proporcionar\u00e0 una experi\u00e8ncia enriquidora amb una pon\u00e8ncia marc, estands i tallers pr\u00e0ctics d\u2019orientaci\u00f3 professional a c\u00e0rrec d\u2019empreses destacades dins del sector industrial. Aquesta jornada ser\u00e0 una oportunitat \u00fanica per als estudiants per con\u00e8ixer de prop les metodologies i tecnologies que actualment es destaquen a la Industria 4.0.<\/p>\n<p>En aquesta primera edici\u00f3 de PFITech, estan convidats a participar grups de PFI de centres educatius p\u00fablics del Departament d\u2019Educaci\u00f3 que es centren en les seg\u00fcents fam\u00edlies professionals:<\/p>\n<ol>\n<li>Electricitat i electr\u00f2nica<\/li>\n<li>Fabricaci\u00f3 mec\u00e0nica<\/li>\n<li>Instal\u00b7laci\u00f3 i manteniment<\/li>\n<li>Inform\u00e0tica i comunicacions<\/li>\n<li>Transport i manteniment de vehicles<\/li>\n<\/ol>\n<p>El per\u00edode d\u2019inscripci\u00f3 estar\u00e0 obert des de l&#8217;<strong>1 <\/strong>fins al <strong>17 de desembre de 2023<\/strong>. Les sol\u00b7licituds es poden realitzar mitjan\u00e7ant el <a href=\"https:\/\/docs.google.com\/forms\/d\/e\/1FAIpQLSfhOLurWodz6gqi5Rq3hczqboxlCQzaG23QdggrXv9r8Eh79w\/viewform\">formulari d&#8217;Inscripci\u00f3<\/a> i les bases es poden consultar al document <a href=\"https:\/\/projectes.xtec.cat\/pfi\/wp-content\/uploads\/usu1781\/2023\/12\/Bases-participacio-PFITech.docx-1.pdf\">Bases participaci\u00f3 PFITech<\/a>.<\/p>\n<p>Els grups seleccionats seran anunciats el <strong>20<\/strong> de <strong>desembre<\/strong> de <strong>2023. <\/strong>La data de la fira est\u00e0 fixada pel <strong>28<\/strong> de <strong>febrer<\/strong> de<strong> 2024<\/strong>.<\/p>\n<p>Amb molta il\u00b7lusi\u00f3, convidem a tots els interessats a formar part d&#8217;aquesta experi\u00e8ncia. La Mostra PFITech ser\u00e0 una oportunitat excepcional per mostrar el talent emergent i connectar amb professionals de la ind\u00fastria.<\/p>\n<p>Us hi esperem!!<\/p>\n<p>#pfiCAT #ImpulsFP #SomFP<\/p>\n","protected":false},"excerpt":{"rendered":"<p>La Mostra dona visibilitat als projectes de les Fam\u00edlies Professionals Tecnol\u00f2giques i Industrials<br \/>\n&nbsp;<br \/>\nAvui anunciem l&#8217;obertura de les inscripcions per a la primera edici\u00f3 de la Mostra PFITech, un esdeveniment que t\u00e9 com a objectiu destacar els projectes realitzats pels Programes de Formaci\u00f3 i Inserci\u00f3 (PFI)&hellip;  <a href=\"https:\/\/projectes.xtec.cat\/pfi\/general\/obertura-dinscripcions-per-al-projecte-pfi-tech-la-mostra-dona-visibilitat-als-projectes-de-les-families-professionals-tecnologiques-i-industrials\/\" title=\"Read Obertes les inscripcions del Projecte PFI Tech\">Llegeix m\u00e9s\u00bb<\/a><\/p>\n","protected":false},"author":1,"featured_media":0,"comment_status":"open","ping_status":"closed","sticky":false,"template":"","format":"standard","meta":{"_bbp_topic_count":0,"_bbp_reply_count":0,"_bbp_total_topic_count":0,"_bbp_total_reply_count":0,"_bbp_voice_count":0,"_bbp_anonymous_reply_count":0,"_bbp_topic_count_hidden":0,"_bbp_reply_count_hidden":0,"_bbp_forum_subforum_count":0,"footnotes":""},"categories":[1,610,29],"tags":[],"class_list":["post-17995","post","type-post","status-publish","format-standard","hentry","category-general","category-pfitech","category-portada"],"post_mailing_queue_ids":[],"_links":{"self":[{"href":"https:\/\/projectes.xtec.cat\/pfi\/wp-json\/wp\/v2\/posts\/17995","targetHints":{"allow":["GET"]}}],"collection":[{"href":"https:\/\/projectes.xtec.cat\/pfi\/wp-json\/wp\/v2\/posts"}],"about":[{"href":"https:\/\/projectes.xtec.cat\/pfi\/wp-json\/wp\/v2\/types\/post"}],"author":[{"embeddable":true,"href":"https:\/\/projectes.xtec.cat\/pfi\/wp-json\/wp\/v2\/users\/1"}],"replies":[{"embeddable":true,"href":"https:\/\/projectes.xtec.cat\/pfi\/wp-json\/wp\/v2\/comments?post=17995"}],"version-history":[{"count":6,"href":"https:\/\/projectes.xtec.cat\/pfi\/wp-json\/wp\/v2\/posts\/17995\/revisions"}],"predecessor-version":[{"id":18005,"href":"https:\/\/projectes.xtec.cat\/pfi\/wp-json\/wp\/v2\/posts\/17995\/revisions\/18005"}],"wp:attachment":[{"href":"https:\/\/projectes.xtec.cat\/pfi\/wp-json\/wp\/v2\/media?parent=17995"}],"wp:term":[{"taxonomy":"category","embeddable":true,"href":"https:\/\/projectes.xtec.cat\/pfi\/wp-json\/wp\/v2\/categories?post=17995"},{"taxonomy":"post_tag","embeddable":true,"href":"https:\/\/projectes.xtec.cat\/pfi\/wp-json\/wp\/v2\/tags?post=17995"}],"curies":[{"name":"wp","href":"https:\/\/api.w.org\/{rel}","templated":true}]}}