{"id":18034,"date":"2023-12-05T17:04:52","date_gmt":"2023-12-05T16:04:52","guid":{"rendered":"https:\/\/projectes.xtec.cat\/pfi\/?p=18034"},"modified":"2023-12-11T11:58:41","modified_gmt":"2023-12-11T10:58:41","slug":"4a-fira-de-microprojectes-pfi","status":"publish","type":"post","link":"https:\/\/projectes.xtec.cat\/pfi\/general\/4a-fira-de-microprojectes-pfi\/","title":{"rendered":"4a Fira de Microprojectes PFI"},"content":{"rendered":"<p><span style=\"font-weight: 400;\">Avui s&#8217;ha celebrat la 4a edici\u00f3 de la Fira de Microprojectes, una iniciativa del Servei de Programes de Qualificaci\u00f3 i Iniciaci\u00f3 Professional per impulsar la participaci\u00f3 dels centres i de l\u2019alumnat dels Programes de Formaci\u00f3 i Inserci\u00f3 (PFI).<\/span><\/p>\n<p><span style=\"font-weight: 400;\">La Fira t\u00e9 lloc de manera virtual i acull 217 grups que sumen m\u00e9s de 3000 alumnes en total, fet que suposa un increment de 45 grups respecte a l&#8217;edici\u00f3 anterior. L&#8217;esdeveniment consta de tres torns, dos al mat\u00ed i un a la tarda que ofereixen a l\u2019alumnat l&#8217;oportunitat de presentar els microprojectes treballats durant el primer trimestre del curs.<\/span><\/p>\n<p><span style=\"font-weight: 400;\">Aquesta iniciativa, que s&#8217;emmarca dins dels projectes pedag\u00f2gics dels PFI, t\u00e9 com a objectiu principal fomentar la integraci\u00f3 i aplicaci\u00f3 de les compet\u00e8ncies adquirides pels alumnes, tant les professionals com les b\u00e0siques i transversals. La Fira, organitzada en diferents sales virtuals que es distribueixen per perfils professionals i afinitats, ha proporcionat un espai d&#8217;intercanvi ric i divers.<\/span><\/p>\n<p><span style=\"font-weight: 400;\">Els microprojectes no nom\u00e9s han servit per consolidar les habilitats, sin\u00f3 que tamb\u00e9 han promogut el treball interdisciplinari dels equips docents i han impulsat la col\u00b7laboraci\u00f3 amb altres centres del territori. Aix\u00f2 ha afavorit la creaci\u00f3 de projectes en xarxa i l&#8217;aplicaci\u00f3 pr\u00e0ctica dels coneixements adquirits en contextos reals.<\/span><\/p>\n<p><span style=\"font-weight: 400;\">Per obtenir m\u00e9s informaci\u00f3 i accedir als detalls sobre els projectes presentats, es pot visitar l&#8217;espai web de la Fira a trav\u00e9s d&#8217;aquest <\/span><a href=\"https:\/\/meet.google.com\/qok-jaom-ybp\"><span style=\"font-weight: 400;\">enlla\u00e7<\/span><\/a><span style=\"font-weight: 400;\">.<\/span><\/p>\n<p><span style=\"font-weight: 400;\">Felicitats a tot l&#8217;alumnat i professorat que han participat a la 4a Fira de Microprojectes.<\/span><\/p>\n<table style=\"border-collapse: collapse; width: 100%;\">\n<tbody>\n<tr>\n<td style=\"width: 33.3676%; border-style: hidden;\"><a href=\"https:\/\/projectes.xtec.cat\/pfi\/wp-content\/uploads\/usu1781\/2023\/12\/WhatsApp-Image-2023-12-05-at-11.03.42-1.jpeg\"><img loading=\"lazy\" decoding=\"async\" class=\"aligncenter size-full wp-image-18037\" src=\"https:\/\/projectes.xtec.cat\/pfi\/wp-content\/uploads\/usu1781\/2023\/12\/WhatsApp-Image-2023-12-05-at-11.03.42-1.jpeg\" alt=\"\" width=\"1024\" height=\"768\" srcset=\"https:\/\/projectes.xtec.cat\/pfi\/wp-content\/uploads\/usu1781\/2023\/12\/WhatsApp-Image-2023-12-05-at-11.03.42-1.jpeg 1024w, https:\/\/projectes.xtec.cat\/pfi\/wp-content\/uploads\/usu1781\/2023\/12\/WhatsApp-Image-2023-12-05-at-11.03.42-1-300x225.jpeg 300w, https:\/\/projectes.xtec.cat\/pfi\/wp-content\/uploads\/usu1781\/2023\/12\/WhatsApp-Image-2023-12-05-at-11.03.42-1-768x576.jpeg 768w, https:\/\/projectes.xtec.cat\/pfi\/wp-content\/uploads\/usu1781\/2023\/12\/WhatsApp-Image-2023-12-05-at-11.03.42-1-200x150.jpeg 200w\" sizes=\"auto, (max-width: 1024px) 100vw, 1024px\" \/><\/a><\/td>\n<td style=\"width: 33.3676%; border-style: hidden;\"><a href=\"https:\/\/projectes.xtec.cat\/pfi\/wp-content\/uploads\/usu1781\/2023\/12\/WhatsApp-Image-2023-12-05-at-11.04.39-1.jpeg\"><img loading=\"lazy\" decoding=\"async\" class=\"aligncenter size-full wp-image-18038\" src=\"https:\/\/projectes.xtec.cat\/pfi\/wp-content\/uploads\/usu1781\/2023\/12\/WhatsApp-Image-2023-12-05-at-11.04.39-1.jpeg\" alt=\"\" width=\"1024\" height=\"768\" srcset=\"https:\/\/projectes.xtec.cat\/pfi\/wp-content\/uploads\/usu1781\/2023\/12\/WhatsApp-Image-2023-12-05-at-11.04.39-1.jpeg 1024w, https:\/\/projectes.xtec.cat\/pfi\/wp-content\/uploads\/usu1781\/2023\/12\/WhatsApp-Image-2023-12-05-at-11.04.39-1-300x225.jpeg 300w, https:\/\/projectes.xtec.cat\/pfi\/wp-content\/uploads\/usu1781\/2023\/12\/WhatsApp-Image-2023-12-05-at-11.04.39-1-768x576.jpeg 768w, https:\/\/projectes.xtec.cat\/pfi\/wp-content\/uploads\/usu1781\/2023\/12\/WhatsApp-Image-2023-12-05-at-11.04.39-1-200x150.jpeg 200w\" sizes=\"auto, (max-width: 1024px) 100vw, 1024px\" \/><\/a><\/td>\n<td style=\"width: 33.3676%; border-style: hidden;\"><a href=\"https:\/\/projectes.xtec.cat\/pfi\/wp-content\/uploads\/usu1781\/2023\/12\/WhatsApp-Image-2023-12-05-at-12.59.48.jpeg\"><img loading=\"lazy\" decoding=\"async\" class=\"aligncenter size-full wp-image-18039\" src=\"https:\/\/projectes.xtec.cat\/pfi\/wp-content\/uploads\/usu1781\/2023\/12\/WhatsApp-Image-2023-12-05-at-12.59.48.jpeg\" alt=\"\" width=\"2048\" height=\"1536\" srcset=\"https:\/\/projectes.xtec.cat\/pfi\/wp-content\/uploads\/usu1781\/2023\/12\/WhatsApp-Image-2023-12-05-at-12.59.48.jpeg 2048w, https:\/\/projectes.xtec.cat\/pfi\/wp-content\/uploads\/usu1781\/2023\/12\/WhatsApp-Image-2023-12-05-at-12.59.48-300x225.jpeg 300w, https:\/\/projectes.xtec.cat\/pfi\/wp-content\/uploads\/usu1781\/2023\/12\/WhatsApp-Image-2023-12-05-at-12.59.48-1024x768.jpeg 1024w, https:\/\/projectes.xtec.cat\/pfi\/wp-content\/uploads\/usu1781\/2023\/12\/WhatsApp-Image-2023-12-05-at-12.59.48-768x576.jpeg 768w, https:\/\/projectes.xtec.cat\/pfi\/wp-content\/uploads\/usu1781\/2023\/12\/WhatsApp-Image-2023-12-05-at-12.59.48-1536x1152.jpeg 1536w, https:\/\/projectes.xtec.cat\/pfi\/wp-content\/uploads\/usu1781\/2023\/12\/WhatsApp-Image-2023-12-05-at-12.59.48-200x150.jpeg 200w\" sizes=\"auto, (max-width: 2048px) 100vw, 2048px\" \/><\/a><\/td>\n<\/tr>\n<tr>\n<td style=\"width: 33.3676%; border-style: hidden;\"><a href=\"https:\/\/projectes.xtec.cat\/pfi\/wp-content\/uploads\/usu1781\/2023\/12\/WhatsApp-Image-2023-12-05-at-13.39.36.jpeg\"><img loading=\"lazy\" decoding=\"async\" class=\"aligncenter size-full wp-image-18040\" src=\"https:\/\/projectes.xtec.cat\/pfi\/wp-content\/uploads\/usu1781\/2023\/12\/WhatsApp-Image-2023-12-05-at-13.39.36.jpeg\" alt=\"\" width=\"2040\" height=\"1536\" srcset=\"https:\/\/projectes.xtec.cat\/pfi\/wp-content\/uploads\/usu1781\/2023\/12\/WhatsApp-Image-2023-12-05-at-13.39.36.jpeg 2040w, https:\/\/projectes.xtec.cat\/pfi\/wp-content\/uploads\/usu1781\/2023\/12\/WhatsApp-Image-2023-12-05-at-13.39.36-300x226.jpeg 300w, https:\/\/projectes.xtec.cat\/pfi\/wp-content\/uploads\/usu1781\/2023\/12\/WhatsApp-Image-2023-12-05-at-13.39.36-1024x771.jpeg 1024w, https:\/\/projectes.xtec.cat\/pfi\/wp-content\/uploads\/usu1781\/2023\/12\/WhatsApp-Image-2023-12-05-at-13.39.36-768x578.jpeg 768w, https:\/\/projectes.xtec.cat\/pfi\/wp-content\/uploads\/usu1781\/2023\/12\/WhatsApp-Image-2023-12-05-at-13.39.36-1536x1157.jpeg 1536w, https:\/\/projectes.xtec.cat\/pfi\/wp-content\/uploads\/usu1781\/2023\/12\/WhatsApp-Image-2023-12-05-at-13.39.36-200x150.jpeg 200w\" sizes=\"auto, (max-width: 2040px) 100vw, 2040px\" \/><\/a><\/td>\n<td style=\"width: 33.3676%; border-style: hidden;\"><a href=\"https:\/\/projectes.xtec.cat\/pfi\/wp-content\/uploads\/usu1781\/2023\/12\/WhatsApp-Image-2023-12-05-at-12.59.35.jpeg\"><img loading=\"lazy\" decoding=\"async\" class=\"aligncenter wp-image-18041 \" src=\"https:\/\/projectes.xtec.cat\/pfi\/wp-content\/uploads\/usu1781\/2023\/12\/WhatsApp-Image-2023-12-05-at-12.59.35-e1701780504467.jpeg\" alt=\"\" width=\"315\" height=\"258\" srcset=\"https:\/\/projectes.xtec.cat\/pfi\/wp-content\/uploads\/usu1781\/2023\/12\/WhatsApp-Image-2023-12-05-at-12.59.35-e1701780504467.jpeg 1536w, https:\/\/projectes.xtec.cat\/pfi\/wp-content\/uploads\/usu1781\/2023\/12\/WhatsApp-Image-2023-12-05-at-12.59.35-e1701780504467-300x246.jpeg 300w, https:\/\/projectes.xtec.cat\/pfi\/wp-content\/uploads\/usu1781\/2023\/12\/WhatsApp-Image-2023-12-05-at-12.59.35-e1701780504467-1024x839.jpeg 1024w, https:\/\/projectes.xtec.cat\/pfi\/wp-content\/uploads\/usu1781\/2023\/12\/WhatsApp-Image-2023-12-05-at-12.59.35-e1701780504467-768x630.jpeg 768w\" sizes=\"auto, (max-width: 315px) 100vw, 315px\" \/><\/a><\/td>\n<td style=\"width: 33.3676%; border-style: hidden;\"><a href=\"https:\/\/projectes.xtec.cat\/pfi\/wp-content\/uploads\/usu1781\/2023\/12\/WhatsApp-Image-2023-12-05-at-13.38.52.jpeg\"><img loading=\"lazy\" decoding=\"async\" class=\"aligncenter size-full wp-image-18042\" src=\"https:\/\/projectes.xtec.cat\/pfi\/wp-content\/uploads\/usu1781\/2023\/12\/WhatsApp-Image-2023-12-05-at-13.38.52.jpeg\" alt=\"\" width=\"2040\" height=\"1536\" srcset=\"https:\/\/projectes.xtec.cat\/pfi\/wp-content\/uploads\/usu1781\/2023\/12\/WhatsApp-Image-2023-12-05-at-13.38.52.jpeg 2040w, https:\/\/projectes.xtec.cat\/pfi\/wp-content\/uploads\/usu1781\/2023\/12\/WhatsApp-Image-2023-12-05-at-13.38.52-300x226.jpeg 300w, https:\/\/projectes.xtec.cat\/pfi\/wp-content\/uploads\/usu1781\/2023\/12\/WhatsApp-Image-2023-12-05-at-13.38.52-1024x771.jpeg 1024w, https:\/\/projectes.xtec.cat\/pfi\/wp-content\/uploads\/usu1781\/2023\/12\/WhatsApp-Image-2023-12-05-at-13.38.52-768x578.jpeg 768w, https:\/\/projectes.xtec.cat\/pfi\/wp-content\/uploads\/usu1781\/2023\/12\/WhatsApp-Image-2023-12-05-at-13.38.52-1536x1157.jpeg 1536w, https:\/\/projectes.xtec.cat\/pfi\/wp-content\/uploads\/usu1781\/2023\/12\/WhatsApp-Image-2023-12-05-at-13.38.52-200x150.jpeg 200w\" sizes=\"auto, (max-width: 2040px) 100vw, 2040px\" \/><\/a><\/td>\n<\/tr>\n<\/tbody>\n<\/table>\n<p>#pfiCAT #ImpulsFP #SomFP<\/p>\n","protected":false},"excerpt":{"rendered":"<p>Avui s&#8217;ha celebrat la 4a edici\u00f3 de la Fira de Microprojectes, una iniciativa del Servei de Programes de Qualificaci\u00f3 i Iniciaci\u00f3 Professional per impulsar la participaci\u00f3 dels centres i de l\u2019alumnat dels Programes de Formaci\u00f3 i Inserci\u00f3 (PFI).<br \/>\nLa Fira t\u00e9 lloc de manera virtual i&hellip;  <a href=\"https:\/\/projectes.xtec.cat\/pfi\/general\/4a-fira-de-microprojectes-pfi\/\" title=\"Read 4a Fira de Microprojectes PFI\">Llegeix m\u00e9s\u00bb<\/a><\/p>\n","protected":false},"author":1,"featured_media":18035,"comment_status":"open","ping_status":"closed","sticky":false,"template":"","format":"standard","meta":{"_bbp_topic_count":0,"_bbp_reply_count":0,"_bbp_total_topic_count":0,"_bbp_total_reply_count":0,"_bbp_voice_count":0,"_bbp_anonymous_reply_count":0,"_bbp_topic_count_hidden":0,"_bbp_reply_count_hidden":0,"_bbp_forum_subforum_count":0,"footnotes":""},"categories":[1,382,29],"tags":[],"class_list":["post-18034","post","type-post","status-publish","format-standard","has-post-thumbnail","hentry","category-general","category-microprojectes","category-portada"],"post_mailing_queue_ids":[],"_links":{"self":[{"href":"https:\/\/projectes.xtec.cat\/pfi\/wp-json\/wp\/v2\/posts\/18034","targetHints":{"allow":["GET"]}}],"collection":[{"href":"https:\/\/projectes.xtec.cat\/pfi\/wp-json\/wp\/v2\/posts"}],"about":[{"href":"https:\/\/projectes.xtec.cat\/pfi\/wp-json\/wp\/v2\/types\/post"}],"author":[{"embeddable":true,"href":"https:\/\/projectes.xtec.cat\/pfi\/wp-json\/wp\/v2\/users\/1"}],"replies":[{"embeddable":true,"href":"https:\/\/projectes.xtec.cat\/pfi\/wp-json\/wp\/v2\/comments?post=18034"}],"version-history":[{"count":6,"href":"https:\/\/projectes.xtec.cat\/pfi\/wp-json\/wp\/v2\/posts\/18034\/revisions"}],"predecessor-version":[{"id":18067,"href":"https:\/\/projectes.xtec.cat\/pfi\/wp-json\/wp\/v2\/posts\/18034\/revisions\/18067"}],"wp:featuredmedia":[{"embeddable":true,"href":"https:\/\/projectes.xtec.cat\/pfi\/wp-json\/wp\/v2\/media\/18035"}],"wp:attachment":[{"href":"https:\/\/projectes.xtec.cat\/pfi\/wp-json\/wp\/v2\/media?parent=18034"}],"wp:term":[{"taxonomy":"category","embeddable":true,"href":"https:\/\/projectes.xtec.cat\/pfi\/wp-json\/wp\/v2\/categories?post=18034"},{"taxonomy":"post_tag","embeddable":true,"href":"https:\/\/projectes.xtec.cat\/pfi\/wp-json\/wp\/v2\/tags?post=18034"}],"curies":[{"name":"wp","href":"https:\/\/api.w.org\/{rel}","templated":true}]}}