{"id":18106,"date":"2023-12-13T13:13:19","date_gmt":"2023-12-13T12:13:19","guid":{"rendered":"https:\/\/projectes.xtec.cat\/pfi\/?p=18106"},"modified":"2023-12-13T13:37:00","modified_gmt":"2023-12-13T12:37:00","slug":"obertes-les-inscripcions-al-concurs-pfi-perruqueria-i-estetica","status":"publish","type":"post","link":"https:\/\/projectes.xtec.cat\/pfi\/portada\/obertes-les-inscripcions-al-concurs-pfi-perruqueria-i-estetica\/","title":{"rendered":"Obertes les inscripcions al Concurs PFI: Perruqueria i Est\u00e8tica"},"content":{"rendered":"<p>Avui obrim les inscripcions per a la<strong> 3a edici\u00f3 del Concurs PFI: Perruqueria i Est\u00e8tica<\/strong>, adre\u00e7at a centres p\u00fablics i autoritzats del Departament d&#8217;Educaci\u00f3 de la fam\u00edlia professional d&#8217;Imatge Personal.<\/p>\n<p>L&#8217;<strong>objectiu<\/strong> \u00e9s potenciar els Programes de Formaci\u00f3 i Inserci\u00f3 (PFI), millorar l&#8217;ensenyament dels m\u00f2duls professionals i recon\u00e8ixer la feina dels implicats. Aquest concurs destaca les compet\u00e8ncies professionals i transversals essencials, com la concentraci\u00f3, la resoluci\u00f3 de problemes i la creativitat.<\/p>\n<p>Enguany el concurs arriba a la seva <strong>3a edici\u00f3 i\u00a0consolida la seva traject\u00f2ria amb la novetat d\u2019oferir\u00a0certificaci\u00f3 al professorat en la preparaci\u00f3 de l\u2019alumnat. <\/strong>Tamb\u00e9 ofereix una jornada pr\u00e8via a tot l\u2019alumnat participant anomenat\u00a0<strong>\u201cCompeteix amb Estil\u201d.<\/strong><\/p>\n<p><strong><a href=\"https:\/\/projectes.xtec.cat\/pfi\/wp-content\/uploads\/usu1781\/2023\/02\/baixa.png\"><img loading=\"lazy\" decoding=\"async\" class=\"wp-image-16257 alignleft\" src=\"https:\/\/projectes.xtec.cat\/pfi\/wp-content\/uploads\/usu1781\/2023\/02\/baixa.png\" alt=\"\" width=\"47\" height=\"46\" srcset=\"https:\/\/projectes.xtec.cat\/pfi\/wp-content\/uploads\/usu1781\/2023\/02\/baixa.png 227w, https:\/\/projectes.xtec.cat\/pfi\/wp-content\/uploads\/usu1781\/2023\/02\/baixa-150x150.png 150w\" sizes=\"auto, (max-width: 47px) 100vw, 47px\" \/><\/a><\/strong><\/p>\n<p><strong>Inscripcions<\/strong>\u00a0a la\u00a0<strong>3a edici\u00f3 del Concurs PFI: Perruqueria i Est\u00e8tica<\/strong>\u00a0del\u00a0<strong>13-12-23<\/strong>\u00a0al\u00a0<strong>12-01-24.<\/strong><\/p>\n<ul>\n<li style=\"list-style-type: none;\">\n<ul>\n<li style=\"list-style-type: none;\">\n<ul>\n<li style=\"list-style-type: none;\">\n<ul>\n<li style=\"list-style-type: none;\">\n<ul>\n<li style=\"list-style-type: none;\">\n<ul>\n<li style=\"list-style-type: none;\">\n<ul>\n<li style=\"list-style-type: none;\">\n<ul>\n<li><a href=\"https:\/\/projectes.xtec.cat\/pfi\/wp-content\/uploads\/usu1781\/2023\/12\/Bases-i-directrius-tecniques-2023-24.pdf\">Bases i directrius t\u00e8cniques 2023-24<\/a><\/li>\n<li><a href=\"https:\/\/docs.google.com\/forms\/d\/e\/1FAIpQLSeRO630jxL8kSUPWzYqKxGEHukw4QjiDh7Rdslx9N5wEfePiw\/viewform\">Enlla\u00e7 a la inscripci\u00f3\u00a0<\/a><\/li>\n<\/ul>\n<\/li>\n<\/ul>\n<\/li>\n<\/ul>\n<\/li>\n<\/ul>\n<\/li>\n<\/ul>\n<\/li>\n<\/ul>\n<\/li>\n<\/ul>\n<\/li>\n<\/ul>\n<p>Per a m\u00e9s informaci\u00f3 consulta el seu espai al Nodes PFI. Amb molta il\u00b7lusi\u00f3, convidem a tots els interessats a formar part d&#8217;aquesta experi\u00e8ncia! Us hi esperem!!<\/p>\n<p>#pfiCAT #ImpulsFP #SomFP<\/p>\n","protected":false},"excerpt":{"rendered":"<p>Avui obrim les inscripcions per a la 3a edici\u00f3 del Concurs PFI: Perruqueria i Est\u00e8tica, adre\u00e7at a centres p\u00fablics i autoritzats del Departament d&#8217;Educaci\u00f3 de la fam\u00edlia professional d&#8217;Imatge Personal.<br \/>\nL&#8217;objectiu \u00e9s potenciar els Programes de Formaci\u00f3 i Inserci\u00f3 (PFI), millorar l&#8217;ensenyament dels m\u00f2duls professionals i&hellip;  <a href=\"https:\/\/projectes.xtec.cat\/pfi\/portada\/obertes-les-inscripcions-al-concurs-pfi-perruqueria-i-estetica\/\" title=\"Read Obertes les inscripcions al Concurs PFI: Perruqueria i Est\u00e8tica\">Llegeix m\u00e9s\u00bb<\/a><\/p>\n","protected":false},"author":1,"featured_media":18119,"comment_status":"open","ping_status":"closed","sticky":false,"template":"","format":"standard","meta":{"_bbp_topic_count":0,"_bbp_reply_count":0,"_bbp_total_topic_count":0,"_bbp_total_reply_count":0,"_bbp_voice_count":0,"_bbp_anonymous_reply_count":0,"_bbp_topic_count_hidden":0,"_bbp_reply_count_hidden":0,"_bbp_forum_subforum_count":0,"footnotes":""},"categories":[526,29],"tags":[],"class_list":["post-18106","post","type-post","status-publish","format-standard","has-post-thumbnail","hentry","category-concurs-perruqueria-i-estetica","category-portada"],"post_mailing_queue_ids":[],"_links":{"self":[{"href":"https:\/\/projectes.xtec.cat\/pfi\/wp-json\/wp\/v2\/posts\/18106","targetHints":{"allow":["GET"]}}],"collection":[{"href":"https:\/\/projectes.xtec.cat\/pfi\/wp-json\/wp\/v2\/posts"}],"about":[{"href":"https:\/\/projectes.xtec.cat\/pfi\/wp-json\/wp\/v2\/types\/post"}],"author":[{"embeddable":true,"href":"https:\/\/projectes.xtec.cat\/pfi\/wp-json\/wp\/v2\/users\/1"}],"replies":[{"embeddable":true,"href":"https:\/\/projectes.xtec.cat\/pfi\/wp-json\/wp\/v2\/comments?post=18106"}],"version-history":[{"count":6,"href":"https:\/\/projectes.xtec.cat\/pfi\/wp-json\/wp\/v2\/posts\/18106\/revisions"}],"predecessor-version":[{"id":18118,"href":"https:\/\/projectes.xtec.cat\/pfi\/wp-json\/wp\/v2\/posts\/18106\/revisions\/18118"}],"wp:featuredmedia":[{"embeddable":true,"href":"https:\/\/projectes.xtec.cat\/pfi\/wp-json\/wp\/v2\/media\/18119"}],"wp:attachment":[{"href":"https:\/\/projectes.xtec.cat\/pfi\/wp-json\/wp\/v2\/media?parent=18106"}],"wp:term":[{"taxonomy":"category","embeddable":true,"href":"https:\/\/projectes.xtec.cat\/pfi\/wp-json\/wp\/v2\/categories?post=18106"},{"taxonomy":"post_tag","embeddable":true,"href":"https:\/\/projectes.xtec.cat\/pfi\/wp-json\/wp\/v2\/tags?post=18106"}],"curies":[{"name":"wp","href":"https:\/\/api.w.org\/{rel}","templated":true}]}}