{"id":18144,"date":"2023-12-20T09:42:12","date_gmt":"2023-12-20T08:42:12","guid":{"rendered":"https:\/\/projectes.xtec.cat\/pfi\/?p=18144"},"modified":"2023-12-20T09:43:34","modified_gmt":"2023-12-20T08:43:34","slug":"decoracio-de-la-pista-de-gel-badanadal-de-manlleu","status":"publish","type":"post","link":"https:\/\/projectes.xtec.cat\/pfi\/general\/decoracio-de-la-pista-de-gel-badanadal-de-manlleu\/","title":{"rendered":"Decoraci\u00f3 de la pista de gel Badanadal de Manlleu"},"content":{"rendered":"<p>El parc del Badanadal, consolidat com activitat de dinamitzaci\u00f3 comercial nadalenca a la comarca d\u2019Osona, ha estat decorat pels alumnes del PFI per donar una imatge m\u00e9s n\u00f2rdica i acollidora. Els alumnes del perfil d\u2019auxiliars en vivers i jardins de Manlleu han decorat per segon any consecutiu les casetes de fusta del parc del Badanadal i la pista de gel sint\u00e8tic.<\/p>\n<p>Els alumnes han emprat branques de bedoll per a fer l&#8217;estructura amb ornaments d\u2019avet i eucaliptus, tota la decoraci\u00f3 ha estat feta pels alumnes a l&#8217;aula i traslladada a la pla\u00e7a Fra Bernad\u00ed, tamb\u00e9 s&#8217;han encarregat de fer els detalls decoratius i instal\u00b7lar els llums de Nadal solars, per crear una imatge m\u00e9s festiva de la pista de gel.<\/p>\n<p>Durant 33 dies (del 6 de desembre al 7 de gener), es podr\u00e0 veure a la pista de gel i el parc del Badanadal de Manlleu el treball de decoraci\u00f3 realitzat per l\u2019alumnat del PFI de vivers i jardins, a m\u00e9s de patinar sobre a la pista i gaudir del comer\u00e7 local de la ciutat.<\/p>\n<p>Per acabar aquesta activitat, divendres passat els alumnes van poder patinar a la pista de gel, ho van passar molt b\u00e9!<\/p>\n\n\t\t<style type=\"text\/css\">\n\t\t\t#gallery-1 {\n\t\t\t\tmargin: auto;\n\t\t\t}\n\t\t\t#gallery-1 .gallery-item {\n\t\t\t\tfloat: left;\n\t\t\t\tmargin-top: 10px;\n\t\t\t\ttext-align: center;\n\t\t\t\twidth: 33%;\n\t\t\t}\n\t\t\t#gallery-1 img {\n\t\t\t\tborder: 2px solid #cfcfcf;\n\t\t\t}\n\t\t\t#gallery-1 .gallery-caption {\n\t\t\t\tmargin-left: 0;\n\t\t\t}\n\t\t\t\/* see gallery_shortcode() in wp-includes\/media.php *\/\n\t\t<\/style>\n\t\t<div id='gallery-1' class='gallery galleryid-18144 gallery-columns-3 gallery-size-thumbnail'><dl class='gallery-item'>\n\t\t\t<dt class='gallery-icon portrait'>\n\t\t\t\t<a href='https:\/\/projectes.xtec.cat\/pfi\/general\/decoracio-de-la-pista-de-gel-badanadal-de-manlleu\/attachment\/imagen-de-whatsapp-2023-12-18-a-las-10-33-07_6a0097aa\/'><img loading=\"lazy\" decoding=\"async\" width=\"150\" height=\"150\" src=\"https:\/\/projectes.xtec.cat\/pfi\/wp-content\/uploads\/usu1781\/2023\/12\/Imagen-de-WhatsApp-2023-12-18-a-las-10.33.07_6a0097aa-150x150.jpg\" class=\"attachment-thumbnail size-thumbnail\" alt=\"\" aria-describedby=\"gallery-1-18152\" \/><\/a>\n\t\t\t<\/dt>\n\t\t\t\t<dd class='wp-caption-text gallery-caption' id='gallery-1-18152'>\n\t\t\t\tDecoraci\u00f3 1\n\t\t\t\t<\/dd><\/dl><dl class='gallery-item'>\n\t\t\t<dt class='gallery-icon portrait'>\n\t\t\t\t<a href='https:\/\/projectes.xtec.cat\/pfi\/general\/decoracio-de-la-pista-de-gel-badanadal-de-manlleu\/attachment\/imagen-de-whatsapp-2023-12-18-a-las-10-33-07_9ef39a7d\/'><img loading=\"lazy\" decoding=\"async\" width=\"150\" height=\"150\" src=\"https:\/\/projectes.xtec.cat\/pfi\/wp-content\/uploads\/usu1781\/2023\/12\/Imagen-de-WhatsApp-2023-12-18-a-las-10.33.07_9ef39a7d-150x150.jpg\" class=\"attachment-thumbnail size-thumbnail\" alt=\"\" aria-describedby=\"gallery-1-18153\" \/><\/a>\n\t\t\t<\/dt>\n\t\t\t\t<dd class='wp-caption-text gallery-caption' id='gallery-1-18153'>\n\t\t\t\tDecoraci\u00f3 2\n\t\t\t\t<\/dd><\/dl><dl class='gallery-item'>\n\t\t\t<dt class='gallery-icon landscape'>\n\t\t\t\t<a href='https:\/\/projectes.xtec.cat\/pfi\/general\/decoracio-de-la-pista-de-gel-badanadal-de-manlleu\/attachment\/imagen-de-whatsapp-2023-12-18-a-las-10-33-07_139ab11d\/'><img loading=\"lazy\" decoding=\"async\" width=\"150\" height=\"150\" src=\"https:\/\/projectes.xtec.cat\/pfi\/wp-content\/uploads\/usu1781\/2023\/12\/Imagen-de-WhatsApp-2023-12-18-a-las-10.33.07_139ab11d-150x150.jpg\" class=\"attachment-thumbnail size-thumbnail\" alt=\"\" aria-describedby=\"gallery-1-18154\" \/><\/a>\n\t\t\t<\/dt>\n\t\t\t\t<dd class='wp-caption-text gallery-caption' id='gallery-1-18154'>\n\t\t\t\tAlumnes dia de muntatge\n\t\t\t\t<\/dd><\/dl><br style=\"clear: both\" \/><dl class='gallery-item'>\n\t\t\t<dt class='gallery-icon landscape'>\n\t\t\t\t<a href='https:\/\/projectes.xtec.cat\/pfi\/general\/decoracio-de-la-pista-de-gel-badanadal-de-manlleu\/attachment\/img-20231211-wa0004\/'><img loading=\"lazy\" decoding=\"async\" width=\"150\" height=\"150\" src=\"https:\/\/projectes.xtec.cat\/pfi\/wp-content\/uploads\/usu1781\/2023\/12\/IMG-20231211-WA0004-150x150.jpg\" class=\"attachment-thumbnail size-thumbnail\" alt=\"\" aria-describedby=\"gallery-1-18147\" \/><\/a>\n\t\t\t<\/dt>\n\t\t\t\t<dd class='wp-caption-text gallery-caption' id='gallery-1-18147'>\n\t\t\t\tDecoraci\u00f3 3\n\t\t\t\t<\/dd><\/dl><dl class='gallery-item'>\n\t\t\t<dt class='gallery-icon landscape'>\n\t\t\t\t<a href='https:\/\/projectes.xtec.cat\/pfi\/general\/decoracio-de-la-pista-de-gel-badanadal-de-manlleu\/attachment\/img-20231211-wa0006\/'><img loading=\"lazy\" decoding=\"async\" width=\"150\" height=\"150\" src=\"https:\/\/projectes.xtec.cat\/pfi\/wp-content\/uploads\/usu1781\/2023\/12\/IMG-20231211-WA0006-150x150.jpg\" class=\"attachment-thumbnail size-thumbnail\" alt=\"\" aria-describedby=\"gallery-1-18148\" \/><\/a>\n\t\t\t<\/dt>\n\t\t\t\t<dd class='wp-caption-text gallery-caption' id='gallery-1-18148'>\n\t\t\t\tDecoraci\u00f3 4\n\t\t\t\t<\/dd><\/dl><dl class='gallery-item'>\n\t\t\t<dt class='gallery-icon landscape'>\n\t\t\t\t<a href='https:\/\/projectes.xtec.cat\/pfi\/general\/decoracio-de-la-pista-de-gel-badanadal-de-manlleu\/attachment\/img-20231211-wa0013\/'><img loading=\"lazy\" decoding=\"async\" width=\"150\" height=\"150\" src=\"https:\/\/projectes.xtec.cat\/pfi\/wp-content\/uploads\/usu1781\/2023\/12\/IMG-20231211-WA0013-150x150.jpg\" class=\"attachment-thumbnail size-thumbnail\" alt=\"\" aria-describedby=\"gallery-1-18149\" \/><\/a>\n\t\t\t<\/dt>\n\t\t\t\t<dd class='wp-caption-text gallery-caption' id='gallery-1-18149'>\n\t\t\t\tDecoraci\u00f3 5\n\t\t\t\t<\/dd><\/dl><br style=\"clear: both\" \/><dl class='gallery-item'>\n\t\t\t<dt class='gallery-icon landscape'>\n\t\t\t\t<a href='https:\/\/projectes.xtec.cat\/pfi\/general\/decoracio-de-la-pista-de-gel-badanadal-de-manlleu\/attachment\/imagen-de-whatsapp-2023-12-18-a-las-10-33-07_2974bc95\/'><img loading=\"lazy\" decoding=\"async\" width=\"150\" height=\"150\" src=\"https:\/\/projectes.xtec.cat\/pfi\/wp-content\/uploads\/usu1781\/2023\/12\/Imagen-de-WhatsApp-2023-12-18-a-las-10.33.07_2974bc95-150x150.jpg\" class=\"attachment-thumbnail size-thumbnail\" alt=\"\" aria-describedby=\"gallery-1-18155\" \/><\/a>\n\t\t\t<\/dt>\n\t\t\t\t<dd class='wp-caption-text gallery-caption' id='gallery-1-18155'>\n\t\t\t\tDecoraci\u00f3 6\n\t\t\t\t<\/dd><\/dl><dl class='gallery-item'>\n\t\t\t<dt class='gallery-icon landscape'>\n\t\t\t\t<a href='https:\/\/projectes.xtec.cat\/pfi\/general\/decoracio-de-la-pista-de-gel-badanadal-de-manlleu\/attachment\/imagen-de-whatsapp-2023-12-18-a-las-10-33-07_29278327\/'><img loading=\"lazy\" decoding=\"async\" width=\"150\" height=\"150\" src=\"https:\/\/projectes.xtec.cat\/pfi\/wp-content\/uploads\/usu1781\/2023\/12\/Imagen-de-WhatsApp-2023-12-18-a-las-10.33.07_29278327-150x150.jpg\" class=\"attachment-thumbnail size-thumbnail\" alt=\"\" aria-describedby=\"gallery-1-18156\" \/><\/a>\n\t\t\t<\/dt>\n\t\t\t\t<dd class='wp-caption-text gallery-caption' id='gallery-1-18156'>\n\t\t\t\tDecoraci\u00f3 7\n\t\t\t\t<\/dd><\/dl><dl class='gallery-item'>\n\t\t\t<dt class='gallery-icon portrait'>\n\t\t\t\t<a href='https:\/\/projectes.xtec.cat\/pfi\/general\/decoracio-de-la-pista-de-gel-badanadal-de-manlleu\/attachment\/imagen-de-whatsapp-2023-12-18-a-las-10-33-07_6da04c96\/'><img loading=\"lazy\" decoding=\"async\" width=\"150\" height=\"150\" src=\"https:\/\/projectes.xtec.cat\/pfi\/wp-content\/uploads\/usu1781\/2023\/12\/Imagen-de-WhatsApp-2023-12-18-a-las-10.33.07_6da04c96-150x150.jpg\" class=\"attachment-thumbnail size-thumbnail\" alt=\"\" aria-describedby=\"gallery-1-18157\" \/><\/a>\n\t\t\t<\/dt>\n\t\t\t\t<dd class='wp-caption-text gallery-caption' id='gallery-1-18157'>\n\t\t\t\tPatinar 1\n\t\t\t\t<\/dd><\/dl><br style=\"clear: both\" \/>\n\t\t<\/div>\n\n<p>#pfiCAT #ImpulsFP #SomFP<\/p>\n<p>&nbsp;<\/p>\n","protected":false},"excerpt":{"rendered":"<p>Els alumnes del PFI de jardineria han elaborat la decoraci\u00f3 amb elements vegetals&hellip;  <a href=\"https:\/\/projectes.xtec.cat\/pfi\/general\/decoracio-de-la-pista-de-gel-badanadal-de-manlleu\/\" title=\"Read Decoraci\u00f3 de la pista de gel Badanadal de Manlleu\">Llegeix m\u00e9s\u00bb<\/a><\/p>\n","protected":false},"author":266,"featured_media":18154,"comment_status":"open","ping_status":"closed","sticky":false,"template":"","format":"standard","meta":{"_bbp_topic_count":0,"_bbp_reply_count":0,"_bbp_total_topic_count":0,"_bbp_total_reply_count":0,"_bbp_voice_count":0,"_bbp_anonymous_reply_count":0,"_bbp_topic_count_hidden":0,"_bbp_reply_count_hidden":0,"_bbp_forum_subforum_count":0,"footnotes":""},"categories":[1,29],"tags":[583,292,441,442],"class_list":["post-18144","post","type-post","status-publish","format-standard","has-post-thumbnail","hentry","category-general","category-portada","tag-pfimanlleu","tag-impulspf","tag-pficat","tag-somfp"],"post_mailing_queue_ids":[],"_links":{"self":[{"href":"https:\/\/projectes.xtec.cat\/pfi\/wp-json\/wp\/v2\/posts\/18144","targetHints":{"allow":["GET"]}}],"collection":[{"href":"https:\/\/projectes.xtec.cat\/pfi\/wp-json\/wp\/v2\/posts"}],"about":[{"href":"https:\/\/projectes.xtec.cat\/pfi\/wp-json\/wp\/v2\/types\/post"}],"author":[{"embeddable":true,"href":"https:\/\/projectes.xtec.cat\/pfi\/wp-json\/wp\/v2\/users\/266"}],"replies":[{"embeddable":true,"href":"https:\/\/projectes.xtec.cat\/pfi\/wp-json\/wp\/v2\/comments?post=18144"}],"version-history":[{"count":6,"href":"https:\/\/projectes.xtec.cat\/pfi\/wp-json\/wp\/v2\/posts\/18144\/revisions"}],"predecessor-version":[{"id":18175,"href":"https:\/\/projectes.xtec.cat\/pfi\/wp-json\/wp\/v2\/posts\/18144\/revisions\/18175"}],"wp:featuredmedia":[{"embeddable":true,"href":"https:\/\/projectes.xtec.cat\/pfi\/wp-json\/wp\/v2\/media\/18154"}],"wp:attachment":[{"href":"https:\/\/projectes.xtec.cat\/pfi\/wp-json\/wp\/v2\/media?parent=18144"}],"wp:term":[{"taxonomy":"category","embeddable":true,"href":"https:\/\/projectes.xtec.cat\/pfi\/wp-json\/wp\/v2\/categories?post=18144"},{"taxonomy":"post_tag","embeddable":true,"href":"https:\/\/projectes.xtec.cat\/pfi\/wp-json\/wp\/v2\/tags?post=18144"}],"curies":[{"name":"wp","href":"https:\/\/api.w.org\/{rel}","templated":true}]}}