{"id":18197,"date":"2024-01-12T09:45:25","date_gmt":"2024-01-12T08:45:25","guid":{"rendered":"https:\/\/projectes.xtec.cat\/pfi\/?p=18197"},"modified":"2024-01-25T10:25:52","modified_gmt":"2024-01-25T09:25:52","slug":"radiografia-de-lesport-femeni-delit","status":"publish","type":"post","link":"https:\/\/projectes.xtec.cat\/pfi\/general\/radiografia-de-lesport-femeni-delit\/","title":{"rendered":"Radiografia de l\u2019esport femen\u00ed d\u2019elit"},"content":{"rendered":"<p>Us adjuntem la investigaci\u00f3 per treballar a l&#8217;aula PFI sobre <a href=\"https:\/\/www.inmujeres.gob.es\/areasTematicas\/AreaDeporte\/docs\/Estudios\/Desigualdad_en_el_deporte.pdf\" data-vars-event-name=\"downloadLink\" data-vars-event-cat=\"download link\" data-vars-event-act=\"clickout www.inmujeres.gob.es\" data-vars-event-lab=\"https:\/\/www.inmujeres.gob.es\/areasTematicas\/AreaDeporte\/docs\/Estudios\/Desigualdad_en_el_deporte.pdf\" data-vars-event-val=\"undefined\" data-vars-non-interaction=\"false\" data-vars-link-type=\"external\" data-vars-link-domain=\"www.inmujeres.gob.es\" data-vars-link-text=\"\u2018Desigualtats de les esportistes d\u2019alta competici\u00f3 a Espanya i mesures per a la igualtat efectiva\u2019\" data-vars-link-class=\"ep-detail-body\">\u2018Desigualtats de les esportistes d\u2019alta competici\u00f3 a Espanya i mesures per a la igualtat efectiva\u2019<\/a> del <strong>Ministeri d\u2019Igualtat.\u00a0 <\/strong>\u00c9s un informe llarg pel que s&#8217;hauria de destacar les parts que penseu que m\u00e9s interessin al vostre alumnat.<strong><br \/>\n<\/strong><\/p>\n<p>Es tracta d\u2019un estudi de car\u00e0cter qualitatiu que s\u2019ha fet a partir de les respostes de 16 esportistes d\u2019elit, cinc representants d\u2019organitzacions esportives, tres periodistes i dos referents del sector. En l&#8217;informe s&#8217;assegura que en l\u2019esport femen\u00ed espanyol persisteixen <strong>estructures patriarcals<\/strong>.<\/p>\n<p>L\u2019informe destaca que, com que algunes esportistes no tenen un contracte, no hi ha cap protecci\u00f3 legal que asseguri la seva continu\u00eftat despr\u00e9s d\u2019un part. I el s\u00fammum s\u00f3n les<strong> cl\u00e0usules antiembar\u00e0s<\/strong>, que ja no s\u00f3n freq\u00fcents en el futbol per\u00f2 s\u00ed susceptibles de produir-se en altres esports.<\/p>\n<p>#pfiCAT #impulsFP #SomFP<\/p>\n","protected":false},"excerpt":{"rendered":"<p>Us adjuntem la investigaci\u00f3 per treballar a l&#8217;aula PFI sobre <a href=\"https:\/\/www.inmujeres.gob.es\/areasTematicas\/AreaDeporte\/docs\/Estudios\/Desigualdad_en_el_deporte.pdf\" data-vars-event-name=\"downloadLink\" data-vars-event-cat=\"download link\" data-vars-event-act=\"clickout www.inmujeres.gob.es\" data-vars-event-lab=\"https:\/\/www.inmujeres.gob.es\/areasTematicas\/AreaDeporte\/docs\/Estudios\/Desigualdad_en_el_deporte.pdf\" data-vars-event-val=\"undefined\" data-vars-non-interaction=\"false\" data-vars-link-type=\"external\" data-vars-link-domain=\"www.inmujeres.gob.es\" data-vars-link-text=\"\u2018Desigualtats de les esportistes d\u2019alta competici\u00f3 a Espanya i mesures per a la igualtat efectiva\u2019\" data-vars-link-class=\"ep-detail-body\">\u2018Desigualtats de les esportistes d\u2019alta competici\u00f3 a Espanya&hellip;  <a href=\"https:\/\/projectes.xtec.cat\/pfi\/general\/radiografia-de-lesport-femeni-delit\/\" title=\"Read Radiografia de l\u2019esport femen\u00ed d\u2019elit\">Llegeix m\u00e9s\u00bb<\/a><\/p>\n","protected":false},"author":1,"featured_media":18198,"comment_status":"open","ping_status":"closed","sticky":false,"template":"","format":"standard","meta":{"_bbp_topic_count":0,"_bbp_reply_count":0,"_bbp_total_topic_count":0,"_bbp_total_reply_count":0,"_bbp_voice_count":0,"_bbp_anonymous_reply_count":0,"_bbp_topic_count_hidden":0,"_bbp_reply_count_hidden":0,"_bbp_forum_subforum_count":0,"footnotes":""},"categories":[380,1,29],"tags":[],"class_list":["post-18197","post","type-post","status-publish","format-standard","has-post-thumbnail","hentry","category-coed-i-igualtat","category-general","category-portada"],"post_mailing_queue_ids":[],"_links":{"self":[{"href":"https:\/\/projectes.xtec.cat\/pfi\/wp-json\/wp\/v2\/posts\/18197","targetHints":{"allow":["GET"]}}],"collection":[{"href":"https:\/\/projectes.xtec.cat\/pfi\/wp-json\/wp\/v2\/posts"}],"about":[{"href":"https:\/\/projectes.xtec.cat\/pfi\/wp-json\/wp\/v2\/types\/post"}],"author":[{"embeddable":true,"href":"https:\/\/projectes.xtec.cat\/pfi\/wp-json\/wp\/v2\/users\/1"}],"replies":[{"embeddable":true,"href":"https:\/\/projectes.xtec.cat\/pfi\/wp-json\/wp\/v2\/comments?post=18197"}],"version-history":[{"count":1,"href":"https:\/\/projectes.xtec.cat\/pfi\/wp-json\/wp\/v2\/posts\/18197\/revisions"}],"predecessor-version":[{"id":18199,"href":"https:\/\/projectes.xtec.cat\/pfi\/wp-json\/wp\/v2\/posts\/18197\/revisions\/18199"}],"wp:featuredmedia":[{"embeddable":true,"href":"https:\/\/projectes.xtec.cat\/pfi\/wp-json\/wp\/v2\/media\/18198"}],"wp:attachment":[{"href":"https:\/\/projectes.xtec.cat\/pfi\/wp-json\/wp\/v2\/media?parent=18197"}],"wp:term":[{"taxonomy":"category","embeddable":true,"href":"https:\/\/projectes.xtec.cat\/pfi\/wp-json\/wp\/v2\/categories?post=18197"},{"taxonomy":"post_tag","embeddable":true,"href":"https:\/\/projectes.xtec.cat\/pfi\/wp-json\/wp\/v2\/tags?post=18197"}],"curies":[{"name":"wp","href":"https:\/\/api.w.org\/{rel}","templated":true}]}}