{"id":18226,"date":"2024-01-23T15:01:48","date_gmt":"2024-01-23T14:01:48","guid":{"rendered":"https:\/\/projectes.xtec.cat\/pfi\/?p=18226"},"modified":"2024-01-23T15:02:32","modified_gmt":"2024-01-23T14:02:32","slug":"entrevista-a-la-radio-montornes","status":"publish","type":"post","link":"https:\/\/projectes.xtec.cat\/pfi\/general\/entrevista-a-la-radio-montornes\/","title":{"rendered":"Ens entrevisten a la r\u00e0dio Montorn\u00e8s!!!"},"content":{"rendered":"<p>El passat dijous 19 de gener, l&#8217;alumne Albert Arcos del PFI-PTT de cuina de l&#8217;Institut Marta Mata i la seva tutora Meritxell Gracia van ser convidats a r\u00e0dio Montorn\u00e8s per explicar el proc\u00e9s de selecci\u00f3 de la beca de FP mobilitat . Enguany l&#8217;alumnat participant anir\u00e0 a It\u00e0lia. L&#8217;Albert ha estat un dels 6 seleccionats per poder gaudir d&#8217;aquesta experi\u00e8ncia. Tot un orgull per a tothom!<\/p>\n<p>Aqu\u00ed us deixem l&#8217;entrevista per si la voleu escoltar!<\/p>\n<p><a href=\"https:\/\/radio.montornes.cat\/radios\/la-interseccio\/2024\/01\/18\/la-interseccio-533-algu-se-n-va-de-viatge-programa-sencer\">https:\/\/radio.montornes.cat\/radios\/la-interseccio\/2024\/01\/18\/la-interseccio-533-algu-se-n-va-de-viatge-programa-sencer<\/a><\/p>\n<p>#pfiCAT #ImpulsFP #SomFP<\/p>\n<p><a href=\"https:\/\/projectes.xtec.cat\/pfi\/wp-content\/uploads\/usu1781\/2024\/01\/Facetune_18-01-2024-15-48-37-scaled.jpg\"><img loading=\"lazy\" decoding=\"async\" class=\"aligncenter wp-image-18227\" src=\"https:\/\/projectes.xtec.cat\/pfi\/wp-content\/uploads\/usu1781\/2024\/01\/Facetune_18-01-2024-15-48-37-scaled.jpg\" alt=\"\" width=\"761\" height=\"581\" srcset=\"https:\/\/projectes.xtec.cat\/pfi\/wp-content\/uploads\/usu1781\/2024\/01\/Facetune_18-01-2024-15-48-37-scaled.jpg 2560w, https:\/\/projectes.xtec.cat\/pfi\/wp-content\/uploads\/usu1781\/2024\/01\/Facetune_18-01-2024-15-48-37-300x229.jpg 300w, https:\/\/projectes.xtec.cat\/pfi\/wp-content\/uploads\/usu1781\/2024\/01\/Facetune_18-01-2024-15-48-37-1024x782.jpg 1024w, https:\/\/projectes.xtec.cat\/pfi\/wp-content\/uploads\/usu1781\/2024\/01\/Facetune_18-01-2024-15-48-37-768x586.jpg 768w, https:\/\/projectes.xtec.cat\/pfi\/wp-content\/uploads\/usu1781\/2024\/01\/Facetune_18-01-2024-15-48-37-1536x1173.jpg 1536w, https:\/\/projectes.xtec.cat\/pfi\/wp-content\/uploads\/usu1781\/2024\/01\/Facetune_18-01-2024-15-48-37-2048x1564.jpg 2048w\" sizes=\"auto, (max-width: 761px) 100vw, 761px\" \/><\/a><\/p>\n<p>&nbsp;<\/p>\n","protected":false},"excerpt":{"rendered":"<p>El passat dijous 19 de gener, l&#8217;alumne Albert Arcos del PFI-PTT de cuina de l&#8217;Institut Marta Mata i la seva tutora Meritxell Gracia van ser convidats a r\u00e0dio Montorn\u00e8s per explicar el proc\u00e9s de selecci\u00f3 de la beca de FP mobilitat . Enguany l&#8217;alumnat participant&hellip;  <a href=\"https:\/\/projectes.xtec.cat\/pfi\/general\/entrevista-a-la-radio-montornes\/\" title=\"Read Ens entrevisten a la r\u00e0dio Montorn\u00e8s!!!\">Llegeix m\u00e9s\u00bb<\/a><\/p>\n","protected":false},"author":324,"featured_media":18227,"comment_status":"open","ping_status":"closed","sticky":false,"template":"","format":"standard","meta":{"_bbp_topic_count":0,"_bbp_reply_count":0,"_bbp_total_topic_count":0,"_bbp_total_reply_count":0,"_bbp_voice_count":0,"_bbp_anonymous_reply_count":0,"_bbp_topic_count_hidden":0,"_bbp_reply_count_hidden":0,"_bbp_forum_subforum_count":0,"footnotes":""},"categories":[1,567,29],"tags":[],"class_list":["post-18226","post","type-post","status-publish","format-standard","has-post-thumbnail","hentry","category-general","category-mobilitat","category-portada"],"post_mailing_queue_ids":[],"_links":{"self":[{"href":"https:\/\/projectes.xtec.cat\/pfi\/wp-json\/wp\/v2\/posts\/18226","targetHints":{"allow":["GET"]}}],"collection":[{"href":"https:\/\/projectes.xtec.cat\/pfi\/wp-json\/wp\/v2\/posts"}],"about":[{"href":"https:\/\/projectes.xtec.cat\/pfi\/wp-json\/wp\/v2\/types\/post"}],"author":[{"embeddable":true,"href":"https:\/\/projectes.xtec.cat\/pfi\/wp-json\/wp\/v2\/users\/324"}],"replies":[{"embeddable":true,"href":"https:\/\/projectes.xtec.cat\/pfi\/wp-json\/wp\/v2\/comments?post=18226"}],"version-history":[{"count":4,"href":"https:\/\/projectes.xtec.cat\/pfi\/wp-json\/wp\/v2\/posts\/18226\/revisions"}],"predecessor-version":[{"id":18255,"href":"https:\/\/projectes.xtec.cat\/pfi\/wp-json\/wp\/v2\/posts\/18226\/revisions\/18255"}],"wp:featuredmedia":[{"embeddable":true,"href":"https:\/\/projectes.xtec.cat\/pfi\/wp-json\/wp\/v2\/media\/18227"}],"wp:attachment":[{"href":"https:\/\/projectes.xtec.cat\/pfi\/wp-json\/wp\/v2\/media?parent=18226"}],"wp:term":[{"taxonomy":"category","embeddable":true,"href":"https:\/\/projectes.xtec.cat\/pfi\/wp-json\/wp\/v2\/categories?post=18226"},{"taxonomy":"post_tag","embeddable":true,"href":"https:\/\/projectes.xtec.cat\/pfi\/wp-json\/wp\/v2\/tags?post=18226"}],"curies":[{"name":"wp","href":"https:\/\/api.w.org\/{rel}","templated":true}]}}