{"id":18241,"date":"2024-01-23T14:57:37","date_gmt":"2024-01-23T13:57:37","guid":{"rendered":"https:\/\/projectes.xtec.cat\/pfi\/?p=18241"},"modified":"2024-01-23T14:57:59","modified_gmt":"2024-01-23T13:57:59","slug":"1atrobada-projecte-els-valors-en-lesport-manresa-i-castellet","status":"publish","type":"post","link":"https:\/\/projectes.xtec.cat\/pfi\/general\/1atrobada-projecte-els-valors-en-lesport-manresa-i-castellet\/","title":{"rendered":"1\u00aaTrobada projecte &#8220;Els valors en l&#8217;Esport&#8221; Manresa i Castellet"},"content":{"rendered":"<p>El passat divendres 19 de gener es va celebrar la 1\u00aa Trobada\u00a0 del projecte &#8220;Els valors en l&#8217;Esport&#8221; a la FUB-U Manresa que va reunir a m\u00e9s d&#8217;un centenar d&#8217;alumnes i professorat del PFI de Manresa i Sant Vicen\u00e7 de Castellet. Un dia diferent per al nostre alumnat on va con\u00e8ixer l&#8217;esport com a projecte formatiu i laboral, destacant el treball en equip, l&#8217;esfor\u00e7 i la humilitat.<\/p>\n<p>Durant aquesta trobada es va poder comptar amb els testimonis de Pablo Testa i Elisabet Ventura, que a trav\u00e9s de les seves experi\u00e8ncies de vida en el m\u00f3n de l&#8217;esport van demostrar a l&#8217;alumnat que tot en aquesta vida requereix d&#8217;esfor\u00e7 i const\u00e0ncia. Per tal de vincular les activitats esportives amb els m\u00f2duls generals des d&#8217;una perspectiva significativa per a l&#8217;aprenentatge de l&#8217;alumnat el proper 1 de mar\u00e7 hi ha prevista la 2\u00aa Trobada a l`institut Castellet.<\/p>\n<p>&nbsp;<\/p>\n<p><a href=\"https:\/\/projectes.xtec.cat\/pfi\/wp-content\/uploads\/usu1781\/2024\/01\/1705766195030-2-scaled.jpg\"><img loading=\"lazy\" decoding=\"async\" class=\"aligncenter wp-image-18242\" src=\"https:\/\/projectes.xtec.cat\/pfi\/wp-content\/uploads\/usu1781\/2024\/01\/1705766195030-2-scaled.jpg\" alt=\"\" width=\"451\" height=\"601\" srcset=\"https:\/\/projectes.xtec.cat\/pfi\/wp-content\/uploads\/usu1781\/2024\/01\/1705766195030-2-scaled.jpg 1920w, https:\/\/projectes.xtec.cat\/pfi\/wp-content\/uploads\/usu1781\/2024\/01\/1705766195030-2-225x300.jpg 225w, https:\/\/projectes.xtec.cat\/pfi\/wp-content\/uploads\/usu1781\/2024\/01\/1705766195030-2-768x1024.jpg 768w, https:\/\/projectes.xtec.cat\/pfi\/wp-content\/uploads\/usu1781\/2024\/01\/1705766195030-2-1152x1536.jpg 1152w, https:\/\/projectes.xtec.cat\/pfi\/wp-content\/uploads\/usu1781\/2024\/01\/1705766195030-2-1536x2048.jpg 1536w\" sizes=\"auto, (max-width: 451px) 100vw, 451px\" \/><\/a><\/p>\n<p>&nbsp;<\/p>\n","protected":false},"excerpt":{"rendered":"<p>El passat divendres 19 de gener es va celebrar la 1\u00aa Trobada\u00a0 del projecte &#8220;Els valors en l&#8217;Esport&#8221; a la FUB-U Manresa que va reunir a m\u00e9s d&#8217;un centenar d&#8217;alumnes i professorat del PFI de Manresa i Sant Vicen\u00e7 de Castellet. Un dia diferent per&hellip;  <a href=\"https:\/\/projectes.xtec.cat\/pfi\/general\/1atrobada-projecte-els-valors-en-lesport-manresa-i-castellet\/\" title=\"Read 1\u00aaTrobada projecte &#8220;Els valors en l&#8217;Esport&#8221; Manresa i Castellet\">Llegeix m\u00e9s\u00bb<\/a><\/p>\n","protected":false},"author":285,"featured_media":18242,"comment_status":"open","ping_status":"closed","sticky":false,"template":"","format":"standard","meta":{"_bbp_topic_count":0,"_bbp_reply_count":0,"_bbp_total_topic_count":0,"_bbp_total_reply_count":0,"_bbp_voice_count":0,"_bbp_anonymous_reply_count":0,"_bbp_topic_count_hidden":0,"_bbp_reply_count_hidden":0,"_bbp_forum_subforum_count":0,"footnotes":""},"categories":[1,29,568],"tags":[294,292,441],"class_list":["post-18241","post","type-post","status-publish","format-standard","has-post-thumbnail","hentry","category-general","category-portada","category-projecte-esports","tag-impulsfp","tag-impulspf","tag-pficat"],"post_mailing_queue_ids":[],"_links":{"self":[{"href":"https:\/\/projectes.xtec.cat\/pfi\/wp-json\/wp\/v2\/posts\/18241","targetHints":{"allow":["GET"]}}],"collection":[{"href":"https:\/\/projectes.xtec.cat\/pfi\/wp-json\/wp\/v2\/posts"}],"about":[{"href":"https:\/\/projectes.xtec.cat\/pfi\/wp-json\/wp\/v2\/types\/post"}],"author":[{"embeddable":true,"href":"https:\/\/projectes.xtec.cat\/pfi\/wp-json\/wp\/v2\/users\/285"}],"replies":[{"embeddable":true,"href":"https:\/\/projectes.xtec.cat\/pfi\/wp-json\/wp\/v2\/comments?post=18241"}],"version-history":[{"count":3,"href":"https:\/\/projectes.xtec.cat\/pfi\/wp-json\/wp\/v2\/posts\/18241\/revisions"}],"predecessor-version":[{"id":18253,"href":"https:\/\/projectes.xtec.cat\/pfi\/wp-json\/wp\/v2\/posts\/18241\/revisions\/18253"}],"wp:featuredmedia":[{"embeddable":true,"href":"https:\/\/projectes.xtec.cat\/pfi\/wp-json\/wp\/v2\/media\/18242"}],"wp:attachment":[{"href":"https:\/\/projectes.xtec.cat\/pfi\/wp-json\/wp\/v2\/media?parent=18241"}],"wp:term":[{"taxonomy":"category","embeddable":true,"href":"https:\/\/projectes.xtec.cat\/pfi\/wp-json\/wp\/v2\/categories?post=18241"},{"taxonomy":"post_tag","embeddable":true,"href":"https:\/\/projectes.xtec.cat\/pfi\/wp-json\/wp\/v2\/tags?post=18241"}],"curies":[{"name":"wp","href":"https:\/\/api.w.org\/{rel}","templated":true}]}}