{"id":18395,"date":"2024-02-15T11:18:41","date_gmt":"2024-02-15T10:18:41","guid":{"rendered":"https:\/\/projectes.xtec.cat\/pfi\/?p=18395"},"modified":"2024-02-15T11:20:30","modified_gmt":"2024-02-15T10:20:30","slug":"1a-trobada-projecte-esports-maresme","status":"publish","type":"post","link":"https:\/\/projectes.xtec.cat\/pfi\/general\/1a-trobada-projecte-esports-maresme\/","title":{"rendered":"1\u00aa Trobada Projecte Esports Maresme"},"content":{"rendered":"<p style=\"text-align: justify;\">El divendres 9 de febrer es va celebrar la 1\u00aa Trobada dins del marc del Projecte \u201cEls valors en l\u2019esport\u201d dels programes de formaci\u00f3 i inserci\u00f3. Es va desenvolupar al centre cultural Calisay d\u2019Arenys de Mar. Van participar m\u00e9s de 80 alumnes i professorat de l\u2019Institut d\u2019Alella, Institut Premi\u00e0 de Mar, institut Thos i Codina i institut Els Tres Turons.<\/p>\n<p style=\"text-align: justify;\">La jornada va comptar amb la participaci\u00f3 de tres ponents de luxe, Maria G\u00fcell Dom\u00e8nech, exjugadora de l&#8217;equip femen\u00ed de b\u00e0squet Argentona durant l&#8217;\u00e8poca de la postguerra; Feliu Torrus, jugador de la Kings League, i Albert Comas, fundador del Club de F\u00fatbol Sinera United d&#8217;Arenys de mar.<\/p>\n<p style=\"text-align: justify;\">Ens vam explicar les seves hist\u00f2ries de vida i van connectar molt amb el nostre alumnat al ser molt propers i motivadors. Als ponents se li va realitzar un obsequi decoratiu realitzat per l\u2019alumnat del PFI de jardineria. Despr\u00e9s de l\u2019acte van gaudir d\u2019un esmorzat molt dol\u00e7 gr\u00e0cies a l\u2019alumnat del PFI de pastisseria.<\/p>\n<p style=\"text-align: justify;\">Va ser una jornada molt enriquidora en la qual el nostre alumnat va con\u00e8ixer l\u2019esport com a projecte formatiu, laboral, inclusiu i posant en relleu l\u2019esfor\u00e7 i el poder aprofitar les oportunitats. Agra\u00efm molt la implicaci\u00f3 de tot el professorat i alumnat PFI, aix\u00ed com a l\u2019Ajuntament d\u2019Arenys de Mar per acollir-nos i donar-nos una gran benvinguda en un marc incomparable com el Calisay.<\/p>\n<table style=\"border-collapse: collapse; width: 100%;\">\n<tbody>\n<tr>\n<td style=\"width: 50%;\"><a href=\"https:\/\/projectes.xtec.cat\/pfi\/wp-content\/uploads\/usu1781\/2024\/02\/1707506170262-1-1-scaled.jpg\"><img loading=\"lazy\" decoding=\"async\" class=\"aligncenter size-full wp-image-18405\" src=\"https:\/\/projectes.xtec.cat\/pfi\/wp-content\/uploads\/usu1781\/2024\/02\/1707506170262-1-1-scaled.jpg\" alt=\"\" width=\"2560\" height=\"1152\" srcset=\"https:\/\/projectes.xtec.cat\/pfi\/wp-content\/uploads\/usu1781\/2024\/02\/1707506170262-1-1-scaled.jpg 2560w, https:\/\/projectes.xtec.cat\/pfi\/wp-content\/uploads\/usu1781\/2024\/02\/1707506170262-1-1-300x135.jpg 300w, https:\/\/projectes.xtec.cat\/pfi\/wp-content\/uploads\/usu1781\/2024\/02\/1707506170262-1-1-1024x461.jpg 1024w, https:\/\/projectes.xtec.cat\/pfi\/wp-content\/uploads\/usu1781\/2024\/02\/1707506170262-1-1-768x345.jpg 768w, https:\/\/projectes.xtec.cat\/pfi\/wp-content\/uploads\/usu1781\/2024\/02\/1707506170262-1-1-1536x691.jpg 1536w, https:\/\/projectes.xtec.cat\/pfi\/wp-content\/uploads\/usu1781\/2024\/02\/1707506170262-1-1-2048x921.jpg 2048w\" sizes=\"auto, (max-width: 2560px) 100vw, 2560px\" \/><\/a><\/td>\n<td style=\"width: 50%;\"><a href=\"https:\/\/projectes.xtec.cat\/pfi\/wp-content\/uploads\/usu1781\/2024\/02\/1707506170184-1-scaled.jpg\"><img loading=\"lazy\" decoding=\"async\" class=\"aligncenter size-full wp-image-18400\" src=\"https:\/\/projectes.xtec.cat\/pfi\/wp-content\/uploads\/usu1781\/2024\/02\/1707506170184-1-scaled.jpg\" alt=\"\" width=\"2560\" height=\"1152\" srcset=\"https:\/\/projectes.xtec.cat\/pfi\/wp-content\/uploads\/usu1781\/2024\/02\/1707506170184-1-scaled.jpg 2560w, https:\/\/projectes.xtec.cat\/pfi\/wp-content\/uploads\/usu1781\/2024\/02\/1707506170184-1-300x135.jpg 300w, https:\/\/projectes.xtec.cat\/pfi\/wp-content\/uploads\/usu1781\/2024\/02\/1707506170184-1-1024x461.jpg 1024w, https:\/\/projectes.xtec.cat\/pfi\/wp-content\/uploads\/usu1781\/2024\/02\/1707506170184-1-768x345.jpg 768w, https:\/\/projectes.xtec.cat\/pfi\/wp-content\/uploads\/usu1781\/2024\/02\/1707506170184-1-1536x691.jpg 1536w, https:\/\/projectes.xtec.cat\/pfi\/wp-content\/uploads\/usu1781\/2024\/02\/1707506170184-1-2048x921.jpg 2048w\" sizes=\"auto, (max-width: 2560px) 100vw, 2560px\" \/><\/a><\/td>\n<\/tr>\n<tr>\n<td style=\"width: 50%;\"><a href=\"https:\/\/projectes.xtec.cat\/pfi\/wp-content\/uploads\/usu1781\/2024\/02\/1707506170274-1-scaled.jpg\"><img loading=\"lazy\" decoding=\"async\" class=\"aligncenter size-full wp-image-18401\" src=\"https:\/\/projectes.xtec.cat\/pfi\/wp-content\/uploads\/usu1781\/2024\/02\/1707506170274-1-scaled.jpg\" alt=\"\" width=\"2560\" height=\"1152\" srcset=\"https:\/\/projectes.xtec.cat\/pfi\/wp-content\/uploads\/usu1781\/2024\/02\/1707506170274-1-scaled.jpg 2560w, https:\/\/projectes.xtec.cat\/pfi\/wp-content\/uploads\/usu1781\/2024\/02\/1707506170274-1-300x135.jpg 300w, https:\/\/projectes.xtec.cat\/pfi\/wp-content\/uploads\/usu1781\/2024\/02\/1707506170274-1-1024x461.jpg 1024w, https:\/\/projectes.xtec.cat\/pfi\/wp-content\/uploads\/usu1781\/2024\/02\/1707506170274-1-768x345.jpg 768w, https:\/\/projectes.xtec.cat\/pfi\/wp-content\/uploads\/usu1781\/2024\/02\/1707506170274-1-1536x691.jpg 1536w, https:\/\/projectes.xtec.cat\/pfi\/wp-content\/uploads\/usu1781\/2024\/02\/1707506170274-1-2048x921.jpg 2048w\" sizes=\"auto, (max-width: 2560px) 100vw, 2560px\" \/><\/a><\/td>\n<td style=\"width: 50%;\"><a href=\"https:\/\/projectes.xtec.cat\/pfi\/wp-content\/uploads\/usu1781\/2024\/02\/20240209_113224-1-scaled.jpg\"><img loading=\"lazy\" decoding=\"async\" class=\"aligncenter size-full wp-image-18399\" src=\"https:\/\/projectes.xtec.cat\/pfi\/wp-content\/uploads\/usu1781\/2024\/02\/20240209_113224-1-scaled.jpg\" alt=\"\" width=\"2560\" height=\"1920\" srcset=\"https:\/\/projectes.xtec.cat\/pfi\/wp-content\/uploads\/usu1781\/2024\/02\/20240209_113224-1-scaled.jpg 2560w, https:\/\/projectes.xtec.cat\/pfi\/wp-content\/uploads\/usu1781\/2024\/02\/20240209_113224-1-300x225.jpg 300w, https:\/\/projectes.xtec.cat\/pfi\/wp-content\/uploads\/usu1781\/2024\/02\/20240209_113224-1-1024x768.jpg 1024w, https:\/\/projectes.xtec.cat\/pfi\/wp-content\/uploads\/usu1781\/2024\/02\/20240209_113224-1-768x576.jpg 768w, https:\/\/projectes.xtec.cat\/pfi\/wp-content\/uploads\/usu1781\/2024\/02\/20240209_113224-1-1536x1152.jpg 1536w, https:\/\/projectes.xtec.cat\/pfi\/wp-content\/uploads\/usu1781\/2024\/02\/20240209_113224-1-2048x1536.jpg 2048w, https:\/\/projectes.xtec.cat\/pfi\/wp-content\/uploads\/usu1781\/2024\/02\/20240209_113224-1-200x150.jpg 200w\" sizes=\"auto, (max-width: 2560px) 100vw, 2560px\" \/><\/a><\/td>\n<\/tr>\n<\/tbody>\n<\/table>\n<p>&nbsp;<\/p>\n<p>&nbsp;<\/p>\n<p>#pfiCAT #ImpulsFP #SomFP<\/p>\n","protected":false},"excerpt":{"rendered":"<p>El divendres 9 de febrer es va celebrar la 1\u00aa Trobada dins del marc del Projecte \u201cEls valors en l\u2019esport\u201d dels programes de formaci\u00f3 i inserci\u00f3. Es va desenvolupar al centre cultural Calisay d\u2019Arenys de Mar. Van participar m\u00e9s de 80 alumnes i professorat de&hellip;  <a href=\"https:\/\/projectes.xtec.cat\/pfi\/general\/1a-trobada-projecte-esports-maresme\/\" title=\"Read 1\u00aa Trobada Projecte Esports Maresme\">Llegeix m\u00e9s\u00bb<\/a><\/p>\n","protected":false},"author":264,"featured_media":18399,"comment_status":"open","ping_status":"closed","sticky":false,"template":"","format":"standard","meta":{"_bbp_topic_count":0,"_bbp_reply_count":0,"_bbp_total_topic_count":0,"_bbp_total_reply_count":0,"_bbp_voice_count":0,"_bbp_anonymous_reply_count":0,"_bbp_topic_count_hidden":0,"_bbp_reply_count_hidden":0,"_bbp_forum_subforum_count":0,"footnotes":""},"categories":[1,29],"tags":[],"class_list":["post-18395","post","type-post","status-publish","format-standard","has-post-thumbnail","hentry","category-general","category-portada"],"post_mailing_queue_ids":[],"_links":{"self":[{"href":"https:\/\/projectes.xtec.cat\/pfi\/wp-json\/wp\/v2\/posts\/18395","targetHints":{"allow":["GET"]}}],"collection":[{"href":"https:\/\/projectes.xtec.cat\/pfi\/wp-json\/wp\/v2\/posts"}],"about":[{"href":"https:\/\/projectes.xtec.cat\/pfi\/wp-json\/wp\/v2\/types\/post"}],"author":[{"embeddable":true,"href":"https:\/\/projectes.xtec.cat\/pfi\/wp-json\/wp\/v2\/users\/264"}],"replies":[{"embeddable":true,"href":"https:\/\/projectes.xtec.cat\/pfi\/wp-json\/wp\/v2\/comments?post=18395"}],"version-history":[{"count":2,"href":"https:\/\/projectes.xtec.cat\/pfi\/wp-json\/wp\/v2\/posts\/18395\/revisions"}],"predecessor-version":[{"id":18409,"href":"https:\/\/projectes.xtec.cat\/pfi\/wp-json\/wp\/v2\/posts\/18395\/revisions\/18409"}],"wp:featuredmedia":[{"embeddable":true,"href":"https:\/\/projectes.xtec.cat\/pfi\/wp-json\/wp\/v2\/media\/18399"}],"wp:attachment":[{"href":"https:\/\/projectes.xtec.cat\/pfi\/wp-json\/wp\/v2\/media?parent=18395"}],"wp:term":[{"taxonomy":"category","embeddable":true,"href":"https:\/\/projectes.xtec.cat\/pfi\/wp-json\/wp\/v2\/categories?post=18395"},{"taxonomy":"post_tag","embeddable":true,"href":"https:\/\/projectes.xtec.cat\/pfi\/wp-json\/wp\/v2\/tags?post=18395"}],"curies":[{"name":"wp","href":"https:\/\/api.w.org\/{rel}","templated":true}]}}