{"id":18441,"date":"2024-03-07T08:21:46","date_gmt":"2024-03-07T07:21:46","guid":{"rendered":"https:\/\/projectes.xtec.cat\/pfi\/?p=18441"},"modified":"2024-03-07T09:38:01","modified_gmt":"2024-03-07T08:38:01","slug":"conferencia-resiliencia-elixir-per-al-benestar-emocional","status":"publish","type":"post","link":"https:\/\/projectes.xtec.cat\/pfi\/portada\/conferencia-resiliencia-elixir-per-al-benestar-emocional\/","title":{"rendered":"Confer\u00e8ncia Resili\u00e8ncia: Elixir per al benestar emocional- Sant Joan de D\u00e9u"},"content":{"rendered":"<p style=\"font-weight: 400;\">En el marc del programa\u00a0<em>Z-SHAKE, Jo soc el meu Futur <\/em>i gr\u00e0cies al suport de la Z Zurich Foundation i el seu programa <strong>Henka<\/strong>, impulsat per l\u00a0<a href=\"https:\/\/www.sjdhospitalbarcelona.org\/es\/servicios-asistenciales\/salud-mental#units\" data-saferedirecturl=\"https:\/\/www.google.com\/url?q=https:\/\/www.sjdhospitalbarcelona.org\/es\/servicios-asistenciales\/salud-mental%23units&amp;source=gmail&amp;ust=1709190492096000&amp;usg=AOvVaw2HYJEP3RMMjB_2RuK2AX_f\">&#8216;Hospital Sant Joan de D\u00e9u<\/a>, es far\u00e0 una pon\u00e8ncia amb el t\u00edtol RESILI\u00c8NCIA: ELIXIR PER AL BENESTAR EMOCIONAL enfocada a promoure el benestar emocional i la resili\u00e8ncia entre els joves entre 12 i 25 anys, a c\u00e0rrec de <b>Clara Serra Arum\u00ed,\u00a0<\/b>Psic\u00f2loga de l&#8217;Hospital Sant Joan de D\u00e9u.<\/p>\n<p style=\"font-weight: 400;\">\u00a0Data i horari: dijous, 7 de mar\u00e7\u00a0de 12:50 h a 14:00 h<\/p>\n<p>Les persones interessades han de confirmar assist\u00e8ncia en aquest <strong><a href=\"https:\/\/es.surveymonkey.com\/r\/PonenciaRESILIENCIA_HENKA\">enlla\u00e7<\/a> <\/strong>abans del 6 de mar\u00e7. <em>S&#8217;enviar\u00e0 l&#8217;enlla\u00e7 de connexi\u00f3 el dia abans de la pon\u00e8ncia.<\/em><\/p>\n<p>Es proporcionar\u00e0 material addicional per treballar a l&#8217;aula amb l&#8217;objectiu que els alumnes comprenguin la import\u00e0ncia de l&#8217;autoregulaci\u00f3 de les seves emocions en el dia a dia dia. Es donaran eines per a la identificaci\u00f3 de les emocions i per desenvolupar estrat\u00e8gies d&#8217;autoregulaci\u00f3. Tamb\u00e9 es tractar\u00e0 la gesti\u00f3 de l&#8217;estr\u00e8s en els diferents \u00e0mbits de les seves vides.<\/p>\n<p><a href=\"https:\/\/projectes.xtec.cat\/pfi\/wp-content\/uploads\/usu1781\/2023\/07\/LOGO-JA-2022.jpg\"><img loading=\"lazy\" decoding=\"async\" class=\"alignnone wp-image-17343\" src=\"https:\/\/projectes.xtec.cat\/pfi\/wp-content\/uploads\/usu1781\/2023\/07\/LOGO-JA-2022.jpg\" alt=\"\" width=\"194\" height=\"99\" srcset=\"https:\/\/projectes.xtec.cat\/pfi\/wp-content\/uploads\/usu1781\/2023\/07\/LOGO-JA-2022.jpg 1890w, https:\/\/projectes.xtec.cat\/pfi\/wp-content\/uploads\/usu1781\/2023\/07\/LOGO-JA-2022-300x153.jpg 300w, https:\/\/projectes.xtec.cat\/pfi\/wp-content\/uploads\/usu1781\/2023\/07\/LOGO-JA-2022-1024x523.jpg 1024w, https:\/\/projectes.xtec.cat\/pfi\/wp-content\/uploads\/usu1781\/2023\/07\/LOGO-JA-2022-768x392.jpg 768w, https:\/\/projectes.xtec.cat\/pfi\/wp-content\/uploads\/usu1781\/2023\/07\/LOGO-JA-2022-1536x784.jpg 1536w\" sizes=\"auto, (max-width: 194px) 100vw, 194px\" \/><\/a><\/p>\n","protected":false},"excerpt":{"rendered":"<p>En el marc del programa\u00a0Z-SHAKE, Jo soc el meu Futur i gr\u00e0cies al suport de la Z Zurich Foundation i el seu programa Henka, impulsat per l\u00a0<a href=\"https:\/\/www.sjdhospitalbarcelona.org\/es\/servicios-asistenciales\/salud-mental#units\" data-saferedirecturl=\"https:\/\/www.google.com\/url?q=https:\/\/www.sjdhospitalbarcelona.org\/es\/servicios-asistenciales\/salud-mental%23units&amp;source=gmail&amp;ust=1709190492096000&amp;usg=AOvVaw2HYJEP3RMMjB_2RuK2AX_f\">&#8216;Hospital Sant Joan de D\u00e9u<\/a>, es far\u00e0 una pon\u00e8ncia amb el t\u00edtol RESILI\u00c8NCIA: ELIXIR PER AL BENESTAR&hellip;  <a href=\"https:\/\/projectes.xtec.cat\/pfi\/portada\/conferencia-resiliencia-elixir-per-al-benestar-emocional\/\" title=\"Read Confer\u00e8ncia Resili\u00e8ncia: Elixir per al benestar emocional- Sant Joan de D\u00e9u\">Llegeix m\u00e9s\u00bb<\/a><\/p>\n","protected":false},"author":1,"featured_media":18503,"comment_status":"open","ping_status":"closed","sticky":false,"template":"","format":"standard","meta":{"_bbp_topic_count":0,"_bbp_reply_count":0,"_bbp_total_topic_count":0,"_bbp_total_reply_count":0,"_bbp_voice_count":0,"_bbp_anonymous_reply_count":0,"_bbp_topic_count_hidden":0,"_bbp_reply_count_hidden":0,"_bbp_forum_subforum_count":0,"footnotes":""},"categories":[29],"tags":[627,611,562],"class_list":["post-18441","post","type-post","status-publish","format-standard","has-post-thumbnail","hentry","category-portada","tag-benestar","tag-josocelmeufutur","tag-salut-mental"],"post_mailing_queue_ids":[],"_links":{"self":[{"href":"https:\/\/projectes.xtec.cat\/pfi\/wp-json\/wp\/v2\/posts\/18441","targetHints":{"allow":["GET"]}}],"collection":[{"href":"https:\/\/projectes.xtec.cat\/pfi\/wp-json\/wp\/v2\/posts"}],"about":[{"href":"https:\/\/projectes.xtec.cat\/pfi\/wp-json\/wp\/v2\/types\/post"}],"author":[{"embeddable":true,"href":"https:\/\/projectes.xtec.cat\/pfi\/wp-json\/wp\/v2\/users\/1"}],"replies":[{"embeddable":true,"href":"https:\/\/projectes.xtec.cat\/pfi\/wp-json\/wp\/v2\/comments?post=18441"}],"version-history":[{"count":4,"href":"https:\/\/projectes.xtec.cat\/pfi\/wp-json\/wp\/v2\/posts\/18441\/revisions"}],"predecessor-version":[{"id":18525,"href":"https:\/\/projectes.xtec.cat\/pfi\/wp-json\/wp\/v2\/posts\/18441\/revisions\/18525"}],"wp:featuredmedia":[{"embeddable":true,"href":"https:\/\/projectes.xtec.cat\/pfi\/wp-json\/wp\/v2\/media\/18503"}],"wp:attachment":[{"href":"https:\/\/projectes.xtec.cat\/pfi\/wp-json\/wp\/v2\/media?parent=18441"}],"wp:term":[{"taxonomy":"category","embeddable":true,"href":"https:\/\/projectes.xtec.cat\/pfi\/wp-json\/wp\/v2\/categories?post=18441"},{"taxonomy":"post_tag","embeddable":true,"href":"https:\/\/projectes.xtec.cat\/pfi\/wp-json\/wp\/v2\/tags?post=18441"}],"curies":[{"name":"wp","href":"https:\/\/api.w.org\/{rel}","templated":true}]}}