{"id":18444,"date":"2024-02-29T08:02:55","date_gmt":"2024-02-29T07:02:55","guid":{"rendered":"https:\/\/projectes.xtec.cat\/pfi\/?p=18444"},"modified":"2024-03-11T13:11:00","modified_gmt":"2024-03-11T12:11:00","slug":"inici-de-practiques-al-pfi-de-mollerussa-amb-un-reconeixement-especial-a-les-empreses-collaboradores-del-pfi","status":"publish","type":"post","link":"https:\/\/projectes.xtec.cat\/pfi\/general\/inici-de-practiques-al-pfi-de-mollerussa-amb-un-reconeixement-especial-a-les-empreses-collaboradores-del-pfi\/","title":{"rendered":"Inici de pr\u00e0ctiques al PFI de Mollerussa"},"content":{"rendered":"<p>Inici de pr\u00e0ctiques al PFI de Mollerussa amb un reconeixement especial a les empreses col\u00b7laboradores del PFI<\/p>\n<p>Els alumnes del Programa de Formaci\u00f3 i Inserci\u00f3 (PFI) de l&#8217;Institut de Mollerussa han encetat amb entusiasme el seu per\u00edode de pr\u00e0ctiques en empreses locals, marcant el comen\u00e7ament d&#8217;una experi\u00e8ncia enriquidora tant per a ells com per als seus futurs professionals. Aquesta iniciativa, que ofereix una oportunitat \u00fanica d&#8217;integraci\u00f3 laboral i aprenentatge pr\u00e0ctic, \u00e9s fonamental per al desenvolupament de les seves habilitats i compet\u00e8ncies.<\/p>\n<p>Enguany, com a novetat rellevant, s&#8217;ha implementat un reconeixement especial a les empreses col\u00b7laboradores del PFI. Amb l&#8217;objectiu de valorar i premiar l&#8217;esfor\u00e7 i la dedicaci\u00f3 de les empreses en el proc\u00e9s educatiu dels alumnes, s&#8217;ha creat un adhesiu distintiu que certifica la seva participaci\u00f3 activa en el programa del PFI.<\/p>\n<p>Aquesta iniciativa sorgida a trav\u00e9s del PFI de l&#8217;INS Mollerussa, no nom\u00e9s incentiva la implicaci\u00f3 de les empreses en la formaci\u00f3 dels joves professionals, sin\u00f3 que tamb\u00e9 reconeix la seva contribuci\u00f3 al desenvolupament econ\u00f2mic i social del nostre entorn.<\/p>\n<p><a href=\"https:\/\/projectes.xtec.cat\/pfi\/wp-content\/uploads\/usu1781\/2024\/02\/Practiques-PFI-INSMollerussa-Adhesiu-2.jpg\"><img loading=\"lazy\" decoding=\"async\" class=\"alignnone wp-image-18446\" src=\"https:\/\/projectes.xtec.cat\/pfi\/wp-content\/uploads\/usu1781\/2024\/02\/Practiques-PFI-INSMollerussa-Adhesiu-2-1024x461.jpg\" alt=\"\" width=\"649\" height=\"292\" srcset=\"https:\/\/projectes.xtec.cat\/pfi\/wp-content\/uploads\/usu1781\/2024\/02\/Practiques-PFI-INSMollerussa-Adhesiu-2-1024x461.jpg 1024w, https:\/\/projectes.xtec.cat\/pfi\/wp-content\/uploads\/usu1781\/2024\/02\/Practiques-PFI-INSMollerussa-Adhesiu-2-300x135.jpg 300w, https:\/\/projectes.xtec.cat\/pfi\/wp-content\/uploads\/usu1781\/2024\/02\/Practiques-PFI-INSMollerussa-Adhesiu-2-768x346.jpg 768w, https:\/\/projectes.xtec.cat\/pfi\/wp-content\/uploads\/usu1781\/2024\/02\/Practiques-PFI-INSMollerussa-Adhesiu-2-1536x691.jpg 1536w, https:\/\/projectes.xtec.cat\/pfi\/wp-content\/uploads\/usu1781\/2024\/02\/Practiques-PFI-INSMollerussa-Adhesiu-2.jpg 1600w\" sizes=\"auto, (max-width: 649px) 100vw, 649px\" \/><\/a><\/p>\n<p>L&#8217;entrega d&#8217;aquests adhesius distintius no nom\u00e9s t\u00e9 un valor simb\u00f2lic, sin\u00f3 que tamb\u00e9 serveix com a eina de promoci\u00f3 i difusi\u00f3 del comprom\u00eds de les empreses amb la formaci\u00f3 i la inserci\u00f3 laboral dels joves. Aquest reconeixement p\u00fablic refor\u00e7a el vincle entre els centres educatius i el teixit empresarial, fomentant una relaci\u00f3 de col\u00b7laboraci\u00f3 mutuament beneficiosa.<\/p>\n<p>\u00c9s important destacar que el Programa de Formaci\u00f3 i Inserci\u00f3 proporciona als alumnes una formaci\u00f3 integral, combinant la teoria apresa a l&#8217;institut amb l&#8217;experi\u00e8ncia pr\u00e0ctica en el m\u00f3n laboral real. Aix\u00f2 els permet adquirir habilitats espec\u00edfiques i adaptar-se millor a les exig\u00e8ncies del mercat laboral, millorant aix\u00ed les seves oportunitats d&#8217;ocupabilitat i inserci\u00f3 professional.<\/p>\n<p>En definitiva, l&#8217;inici del per\u00edode de pr\u00e0ctiques dels alumnes del PFI de l&#8217;Institut de Mollerussa marca un pas important en el seu cam\u00ed cap a l&#8217;\u00e8xit professional. Amb l&#8217;aportaci\u00f3 de les empreses col\u00b7laboradores i el suport dels professionals de l&#8217;educaci\u00f3, es consolida un model educatiu que promou la formaci\u00f3 integral dels joves i contribueix al desenvolupament socioecon\u00f2mic de la nostra comunitat.<\/p>\n<p><a href=\"https:\/\/projectes.xtec.cat\/pfi\/wp-content\/uploads\/usu1781\/2024\/02\/Practiques-PFI-INSMollerussa-Adhesiu-1.jpg\"><img loading=\"lazy\" decoding=\"async\" class=\"alignnone wp-image-18445\" src=\"https:\/\/projectes.xtec.cat\/pfi\/wp-content\/uploads\/usu1781\/2024\/02\/Practiques-PFI-INSMollerussa-Adhesiu-1-1024x633.jpg\" alt=\"\" width=\"660\" height=\"408\" srcset=\"https:\/\/projectes.xtec.cat\/pfi\/wp-content\/uploads\/usu1781\/2024\/02\/Practiques-PFI-INSMollerussa-Adhesiu-1-1024x633.jpg 1024w, https:\/\/projectes.xtec.cat\/pfi\/wp-content\/uploads\/usu1781\/2024\/02\/Practiques-PFI-INSMollerussa-Adhesiu-1-300x185.jpg 300w, https:\/\/projectes.xtec.cat\/pfi\/wp-content\/uploads\/usu1781\/2024\/02\/Practiques-PFI-INSMollerussa-Adhesiu-1-768x475.jpg 768w, https:\/\/projectes.xtec.cat\/pfi\/wp-content\/uploads\/usu1781\/2024\/02\/Practiques-PFI-INSMollerussa-Adhesiu-1.jpg 1456w\" sizes=\"auto, (max-width: 660px) 100vw, 660px\" \/><\/a><\/p>\n<p>#pfiCAT #sOMfp #ImpulsFP<\/p>\n","protected":false},"excerpt":{"rendered":"<p>Enguany, com a novetat rellevant, s&#8217;ha implementat un reconeixement especial a les empreses col\u00b7laboradores del PFI. Amb l&#8217;objectiu de valorar i premiar l&#8217;esfor\u00e7 i la dedicaci\u00f3 de les empreses en el proc\u00e9s educatiu dels alumnes, s&#8217;ha creat un adhesiu distintiu que certifica la seva participaci\u00f3 activa en el programa del PFI.&hellip;  <a href=\"https:\/\/projectes.xtec.cat\/pfi\/general\/inici-de-practiques-al-pfi-de-mollerussa-amb-un-reconeixement-especial-a-les-empreses-collaboradores-del-pfi\/\" title=\"Read Inici de pr\u00e0ctiques al PFI de Mollerussa\">Llegeix m\u00e9s\u00bb<\/a><\/p>\n","protected":false},"author":238,"featured_media":18445,"comment_status":"open","ping_status":"closed","sticky":false,"template":"","format":"standard","meta":{"_bbp_topic_count":0,"_bbp_reply_count":0,"_bbp_total_topic_count":0,"_bbp_total_reply_count":0,"_bbp_voice_count":0,"_bbp_anonymous_reply_count":0,"_bbp_topic_count_hidden":0,"_bbp_reply_count_hidden":0,"_bbp_forum_subforum_count":0,"footnotes":""},"categories":[64,1,436,29],"tags":[289,294,305,288,334,441],"class_list":["post-18444","post","type-post","status-publish","format-standard","has-post-thumbnail","hentry","category-comunitat","category-general","category-intercanvi-experiencies","category-portada","tag-alumnes-pfi","tag-impulsfp","tag-moduls-professionals","tag-noticies","tag-pfi","tag-pficat"],"post_mailing_queue_ids":[],"_links":{"self":[{"href":"https:\/\/projectes.xtec.cat\/pfi\/wp-json\/wp\/v2\/posts\/18444","targetHints":{"allow":["GET"]}}],"collection":[{"href":"https:\/\/projectes.xtec.cat\/pfi\/wp-json\/wp\/v2\/posts"}],"about":[{"href":"https:\/\/projectes.xtec.cat\/pfi\/wp-json\/wp\/v2\/types\/post"}],"author":[{"embeddable":true,"href":"https:\/\/projectes.xtec.cat\/pfi\/wp-json\/wp\/v2\/users\/238"}],"replies":[{"embeddable":true,"href":"https:\/\/projectes.xtec.cat\/pfi\/wp-json\/wp\/v2\/comments?post=18444"}],"version-history":[{"count":5,"href":"https:\/\/projectes.xtec.cat\/pfi\/wp-json\/wp\/v2\/posts\/18444\/revisions"}],"predecessor-version":[{"id":18580,"href":"https:\/\/projectes.xtec.cat\/pfi\/wp-json\/wp\/v2\/posts\/18444\/revisions\/18580"}],"wp:featuredmedia":[{"embeddable":true,"href":"https:\/\/projectes.xtec.cat\/pfi\/wp-json\/wp\/v2\/media\/18445"}],"wp:attachment":[{"href":"https:\/\/projectes.xtec.cat\/pfi\/wp-json\/wp\/v2\/media?parent=18444"}],"wp:term":[{"taxonomy":"category","embeddable":true,"href":"https:\/\/projectes.xtec.cat\/pfi\/wp-json\/wp\/v2\/categories?post=18444"},{"taxonomy":"post_tag","embeddable":true,"href":"https:\/\/projectes.xtec.cat\/pfi\/wp-json\/wp\/v2\/tags?post=18444"}],"curies":[{"name":"wp","href":"https:\/\/api.w.org\/{rel}","templated":true}]}}