{"id":18475,"date":"2024-03-01T11:09:41","date_gmt":"2024-03-01T10:09:41","guid":{"rendered":"https:\/\/projectes.xtec.cat\/pfi\/?p=18475"},"modified":"2024-03-01T11:25:12","modified_gmt":"2024-03-01T10:25:12","slug":"xerrada-i-trobada-a-salt","status":"publish","type":"post","link":"https:\/\/projectes.xtec.cat\/pfi\/portada\/xerrada-i-trobada-a-salt\/","title":{"rendered":"Xerrada i trobada a Salt"},"content":{"rendered":"<p><span data-sheets-root=\"1\" data-sheets-value=\"{&quot;1&quot;:2,&quot;2&quot;:&quot;M\u00e9s enll\u00e0 d'una xerrada i\/o trobada esportiva, l'activitat amb Xavier Garcia Costa, Llicenciat en ci\u00e8ncies de l'activitat f\u00edsica i l'esport, assessor de salut, director del centre REevoluciona i professor d'educaci\u00f3 f\u00edsica, va consistir en una jornada d'Alimentaci\u00f3 - Esport i Nutrici\u00f3 :\\n1 xerrada sobre alimentaci\u00f3 i esport : coneixements te\u00f2rics a trav\u00e9s de power point i participaci\u00f3 en jocs sobre conceptes clau d'alimentaci\u00f3 i esport\\n1 circuit esportiu: El grup classe es divideix en sub-grups que desenvolupen unes activitats f\u00edsiques que involucren esfor\u00e7, treball en equip- \\n1 taller nutricional: El grup classe es divideix en sub-grups i realitzen pinxos de fruita i xocolata vegana saludable.&quot;}\" data-sheets-userformat=\"{&quot;2&quot;:515,&quot;3&quot;:{&quot;1&quot;:0},&quot;4&quot;:{&quot;1&quot;:2,&quot;2&quot;:65280},&quot;12&quot;:0}\">L&#8217;1 de desembre, la seu 6 de la xarxa de Girona, l&#8217;Institut Salvador Espriu i posteriorment Institut Salvador Sunyer amb el grup classe del PFI PTT Vendes; m\u00e9s enll\u00e0 d&#8217;una xerrada i\/o trobada esportiva, l&#8217;activitat amb Xavier Garcia Costa, Llicenciat en ci\u00e8ncies de l&#8217;activitat f\u00edsica i l&#8217;esport, assessor de salut, director del centre REevoluciona i professor d&#8217;educaci\u00f3 f\u00edsica, va consistir en una jornada d&#8217;Alimentaci\u00f3 &#8211; Esport i Nutrici\u00f3 :<br \/>\n1 xerrada sobre alimentaci\u00f3 i esport : coneixements te\u00f2rics a trav\u00e9s de power point i participaci\u00f3 en jocs sobre conceptes clau d&#8217;alimentaci\u00f3 i esport<br \/>\n1 circuit esportiu: El grup classe es divideix en sub-grups que desenvolupen unes activitats f\u00edsiques que involucren esfor\u00e7, treball en equip-<br \/>\n1 taller nutricional: El grup classe es divideix en sub-grups i realitzen pinxos de fruita i xocolata vegana saludable.<\/span><\/p>\n<p>Per a m\u00e9s informaci\u00f3, cliqueu al seg\u00fcent <a href=\"https:\/\/agora.xtec.cat\/iessalvadorespriu-salt\/portada\/guiamn-dinamitza-la-jornada-dalimentacio-esport-i-salut-per-a-lalumnat-del-ptt-dinstallacions\/\">enlla\u00e7<\/a>.<a href=\"https:\/\/projectes.xtec.cat\/pfi\/wp-content\/uploads\/usu1781\/2024\/02\/pfi_23_3_web-1536x1536-1.jpg\"><img loading=\"lazy\" decoding=\"async\" class=\"alignnone size-large wp-image-18476\" src=\"https:\/\/projectes.xtec.cat\/pfi\/wp-content\/uploads\/usu1781\/2024\/02\/pfi_23_3_web-1536x1536-1-1024x1024.jpg\" alt=\"\" width=\"1024\" height=\"1024\" srcset=\"https:\/\/projectes.xtec.cat\/pfi\/wp-content\/uploads\/usu1781\/2024\/02\/pfi_23_3_web-1536x1536-1-1024x1024.jpg 1024w, https:\/\/projectes.xtec.cat\/pfi\/wp-content\/uploads\/usu1781\/2024\/02\/pfi_23_3_web-1536x1536-1-300x300.jpg 300w, https:\/\/projectes.xtec.cat\/pfi\/wp-content\/uploads\/usu1781\/2024\/02\/pfi_23_3_web-1536x1536-1-150x150.jpg 150w, https:\/\/projectes.xtec.cat\/pfi\/wp-content\/uploads\/usu1781\/2024\/02\/pfi_23_3_web-1536x1536-1-768x768.jpg 768w, https:\/\/projectes.xtec.cat\/pfi\/wp-content\/uploads\/usu1781\/2024\/02\/pfi_23_3_web-1536x1536-1.jpg 1536w\" sizes=\"auto, (max-width: 1024px) 100vw, 1024px\" \/><\/a><\/p>\n<p>#pfiCAT #SomFP#ImpulsFP<\/p>\n","protected":false},"excerpt":{"rendered":"<p>L&#8217;1 de desembre, la seu 6 de la xarxa de Girona, l&#8217;Institut Salvador Espriu i posteriorment Institut Salvador Sunyer amb el grup classe del PFI PTT Vendes; m\u00e9s enll\u00e0 d&#8217;una xerrada i\/o trobada esportiva, l&#8217;activitat amb Xavier Garcia Costa, Llicenciat en ci\u00e8ncies de l&#8217;activitat f\u00edsica&hellip;  <a href=\"https:\/\/projectes.xtec.cat\/pfi\/portada\/xerrada-i-trobada-a-salt\/\" title=\"Read Xerrada i trobada a Salt\">Llegeix m\u00e9s\u00bb<\/a><\/p>\n","protected":false},"author":118,"featured_media":18497,"comment_status":"open","ping_status":"closed","sticky":false,"template":"","format":"standard","meta":{"_bbp_topic_count":0,"_bbp_reply_count":0,"_bbp_total_topic_count":0,"_bbp_total_reply_count":0,"_bbp_voice_count":0,"_bbp_anonymous_reply_count":0,"_bbp_topic_count_hidden":0,"_bbp_reply_count_hidden":0,"_bbp_forum_subforum_count":0,"footnotes":""},"categories":[29,568],"tags":[],"class_list":["post-18475","post","type-post","status-publish","format-standard","has-post-thumbnail","hentry","category-portada","category-projecte-esports"],"post_mailing_queue_ids":[],"_links":{"self":[{"href":"https:\/\/projectes.xtec.cat\/pfi\/wp-json\/wp\/v2\/posts\/18475","targetHints":{"allow":["GET"]}}],"collection":[{"href":"https:\/\/projectes.xtec.cat\/pfi\/wp-json\/wp\/v2\/posts"}],"about":[{"href":"https:\/\/projectes.xtec.cat\/pfi\/wp-json\/wp\/v2\/types\/post"}],"author":[{"embeddable":true,"href":"https:\/\/projectes.xtec.cat\/pfi\/wp-json\/wp\/v2\/users\/118"}],"replies":[{"embeddable":true,"href":"https:\/\/projectes.xtec.cat\/pfi\/wp-json\/wp\/v2\/comments?post=18475"}],"version-history":[{"count":2,"href":"https:\/\/projectes.xtec.cat\/pfi\/wp-json\/wp\/v2\/posts\/18475\/revisions"}],"predecessor-version":[{"id":18501,"href":"https:\/\/projectes.xtec.cat\/pfi\/wp-json\/wp\/v2\/posts\/18475\/revisions\/18501"}],"wp:featuredmedia":[{"embeddable":true,"href":"https:\/\/projectes.xtec.cat\/pfi\/wp-json\/wp\/v2\/media\/18497"}],"wp:attachment":[{"href":"https:\/\/projectes.xtec.cat\/pfi\/wp-json\/wp\/v2\/media?parent=18475"}],"wp:term":[{"taxonomy":"category","embeddable":true,"href":"https:\/\/projectes.xtec.cat\/pfi\/wp-json\/wp\/v2\/categories?post=18475"},{"taxonomy":"post_tag","embeddable":true,"href":"https:\/\/projectes.xtec.cat\/pfi\/wp-json\/wp\/v2\/tags?post=18475"}],"curies":[{"name":"wp","href":"https:\/\/api.w.org\/{rel}","templated":true}]}}