{"id":18557,"date":"2024-03-11T11:39:04","date_gmt":"2024-03-11T10:39:04","guid":{"rendered":"https:\/\/projectes.xtec.cat\/pfi\/?p=18557"},"modified":"2024-03-11T11:39:04","modified_gmt":"2024-03-11T10:39:04","slug":"xerrada-esportiva-maresme-valles-oriental_seu-2-institut-joan-coromines","status":"publish","type":"post","link":"https:\/\/projectes.xtec.cat\/pfi\/general\/xerrada-esportiva-maresme-valles-oriental_seu-2-institut-joan-coromines\/","title":{"rendered":"Xerrada esportiva Maresme-Vall\u00e8s Oriental_seu 2: Institut Joan Coromines"},"content":{"rendered":"<p>El passat 13 de febrer els alumnes dels PFI de<\/p>\n<div>\n<div style=\"padding-left: 40px;\">PIP Malgrat de Mar<\/div>\n<div style=\"padding-left: 40px;\">PTT Pineda de Mar<\/div>\n<div style=\"padding-left: 40px;\">PIP Euclides<\/div>\n<div style=\"padding-left: 40px;\">PIP Calella<\/div>\n<div style=\"padding-left: 40px;\">PTT Calella<\/div>\n<div><\/div>\n<div>van participar d&#8217;unes xerrades motivacionals del projecte esports. L&#8217;activitat es va realitzar a l&#8217;auditori de Pineda i va comptar amb les pon\u00e8ncies de:<\/div>\n<div><\/div>\n<div>\n<ul>\n<li dir=\"ltr\">Jose Manuel Juiz L\u00f3pez i Miquel \u00c0ngel Ruiz Gim\u00e9nez<\/li>\n<\/ul>\n<p dir=\"ltr\">\u00a0ex entrenadors de Futbol per l\u2019Associaci\u00f3 de Discapacitats de l\u2019Alt Maresme (ADIAM)<\/p>\n<ul>\n<li dir=\"ltr\">Santi Pujadas Roca<\/li>\n<li dir=\"ltr\">Equitaci\u00f3 FOR LIFE<\/li>\n<\/ul>\n<p>L&#8217;activitat va finalitzar amb un esmorzar saludable al PTT Pineda de Mar.<\/p>\n<p><a href=\"https:\/\/drive.google.com\/drive\/folders\/13CLpHv3lAfqI9QmWyrwwJbVR9EsSlOmZ\">Imatges de la jornada<\/a><\/p>\n<\/div>\n<\/div>\n","protected":false},"excerpt":{"rendered":"<p>El passat 13 de febrer els alumnes dels PFI de<\/p>\n<p>PIP Malgrat de Mar<br \/>\nPTT Pineda de Mar<br \/>\nPIP Euclides<br \/>\nPIP Calella<br \/>\nPTT Calella<\/p>\n<p>van participar d&#8217;unes xerrades motivacionals del projecte esports. L&#8217;activitat es va realitzar a l&#8217;auditori de Pineda i va comptar amb les pon\u00e8ncies de:<\/p>\n<ul>\n<li dir=\"ltr\">Jose Manuel Juiz L\u00f3pez&hellip;  <a href=\"https:\/\/projectes.xtec.cat\/pfi\/general\/xerrada-esportiva-maresme-valles-oriental_seu-2-institut-joan-coromines\/\" title=\"Read Xerrada esportiva Maresme-Vall\u00e8s Oriental_seu 2: Institut Joan Coromines\">Llegeix m\u00e9s\u00bb<\/a><br \/>\n","protected":false},"author":66,"featured_media":0,"comment_status":"open","ping_status":"closed","sticky":false,"template":"","format":"standard","meta":{"_bbp_topic_count":0,"_bbp_reply_count":0,"_bbp_total_topic_count":0,"_bbp_total_reply_count":0,"_bbp_voice_count":0,"_bbp_anonymous_reply_count":0,"_bbp_topic_count_hidden":0,"_bbp_reply_count_hidden":0,"_bbp_forum_subforum_count":0,"footnotes":""},"categories":[1,29,568],"tags":[],"class_list":["post-18557","post","type-post","status-publish","format-standard","hentry","category-general","category-portada","category-projecte-esports"],"post_mailing_queue_ids":[],"_links":{"self":[{"href":"https:\/\/projectes.xtec.cat\/pfi\/wp-json\/wp\/v2\/posts\/18557","targetHints":{"allow":["GET"]}}],"collection":[{"href":"https:\/\/projectes.xtec.cat\/pfi\/wp-json\/wp\/v2\/posts"}],"about":[{"href":"https:\/\/projectes.xtec.cat\/pfi\/wp-json\/wp\/v2\/types\/post"}],"author":[{"embeddable":true,"href":"https:\/\/projectes.xtec.cat\/pfi\/wp-json\/wp\/v2\/users\/66"}],"replies":[{"embeddable":true,"href":"https:\/\/projectes.xtec.cat\/pfi\/wp-json\/wp\/v2\/comments?post=18557"}],"version-history":[{"count":2,"href":"https:\/\/projectes.xtec.cat\/pfi\/wp-json\/wp\/v2\/posts\/18557\/revisions"}],"predecessor-version":[{"id":18566,"href":"https:\/\/projectes.xtec.cat\/pfi\/wp-json\/wp\/v2\/posts\/18557\/revisions\/18566"}],"wp:attachment":[{"href":"https:\/\/projectes.xtec.cat\/pfi\/wp-json\/wp\/v2\/media?parent=18557"}],"wp:term":[{"taxonomy":"category","embeddable":true,"href":"https:\/\/projectes.xtec.cat\/pfi\/wp-json\/wp\/v2\/categories?post=18557"},{"taxonomy":"post_tag","embeddable":true,"href":"https:\/\/projectes.xtec.cat\/pfi\/wp-json\/wp\/v2\/tags?post=18557"}],"curies":[{"name":"wp","href":"https:\/\/api.w.org\/{rel}","templated":true}]}}