{"id":18559,"date":"2024-03-11T08:59:58","date_gmt":"2024-03-11T07:59:58","guid":{"rendered":"https:\/\/projectes.xtec.cat\/pfi\/?p=18559"},"modified":"2024-03-11T09:00:13","modified_gmt":"2024-03-11T08:00:13","slug":"connectant-estudiants-empreses-i-entitats-amb-la-industria-4-0","status":"publish","type":"post","link":"https:\/\/projectes.xtec.cat\/pfi\/general\/connectant-estudiants-empreses-i-entitats-amb-la-industria-4-0\/","title":{"rendered":"Connectant estudiants, empreses i entitats amb la Ind\u00fastria 4.0"},"content":{"rendered":"<p><span style=\"font-weight: 400;\">L\u2019Institut de la Merc\u00e8 de Barcelona, va acollir el passat 27 de febrer la Mostra PFITECH, un esdeveniment que va reunir a 225 assistents entre alumnes i docents, entitats i empreses, tots compromesos amb el futur de la Formaci\u00f3 Professional.<\/span><\/p>\n<p><span style=\"font-weight: 400;\">La mostra va comen\u00e7ar amb la benvinguda i l&#8217;obertura a c\u00e0rrec de la Sra. Olga Romero Mir, cap del Servei de Programes de Qualificaci\u00f3 i Iniciaci\u00f3 Professional del Departament d\u2019Educaci\u00f3 que va donar les gr\u00e0cies a tots els participants i va destacar la import\u00e0ncia de les col\u00b7laboracions amb el teixit empresarial per millorar la formaci\u00f3 de l\u2019alumnat de PFI.<\/span><\/p>\n<p><span style=\"font-weight: 400;\">Seguidament, els assistents van gaudir d\u2019una xerrada sobre les noves tend\u00e8ncies i el futur del sector, a c\u00e0rrec del Sr. Vicen\u00e7 Pastor, t\u00e8cnic del Servei d&#8217;Ordenaci\u00f3 de la Formaci\u00f3 Professional Inicial, on es va destacar la import\u00e0ncia de les <\/span><i><span style=\"font-weight: 400;\">softskills<\/span><\/i><span style=\"font-weight: 400;\"> en la Ind\u00fastria 4.0.<\/span><\/p>\n<p><span style=\"font-weight: 400;\">Despr\u00e9s d&#8217;un breu esmorzar, l\u2019alumnat va participar en diferents tallers pr\u00e0ctics oferts per empreses i entitats col\u00b7laboradores com T-SYSTEMS, INNOVAE, 42BARCELONA, FESTO, FRONIUS, i EURECAT. Aquests tallers, d\u2019una hora de durada, van tractar diverses tecnologies, metodologies i sectors industrials, i van proporcionar als estudiants una visi\u00f3 pr\u00e0ctica de la seva formaci\u00f3.<\/span><\/p>\n<p><span style=\"font-weight: 400;\">A continuaci\u00f3, durant el temps de la mostra, els centres van exposar els seus projectes en estands agrupats en cinc fam\u00edlies professionals: Fabricaci\u00f3 Mec\u00e0nica, Instal\u00b7laci\u00f3 i Manteniment, Inform\u00e0tica i Comunicaci\u00f3, Electricitat i Electr\u00f2nica, i Transport i Manteniment de Vehicles.<\/span><\/p>\n<p><span style=\"font-weight: 400;\">Finalment es van realitzar demostracions de tecnologies de la Ind\u00fastria 4.0 per part de les empreses participants. L&#8217;esdeveniment va permetre que els assistents poguessin compartir les seves impressions i establir noves connexions en un ambient dist\u00e8s. La mostra va comptar tamb\u00e9, amb un servei d\u2019orientaci\u00f3 acad\u00e8mica i professional, per ajudar a definir els itineraris i la continu\u00eftat educativa a c\u00e0rrec del Departament d\u2019Educaci\u00f3.<\/span> <span style=\"font-weight: 400;\">En aquest espai es va proporcionar informaci\u00f3 sobre les diferents fam\u00edlies professionals i les sortides professionals.\u00a0<\/span><\/p>\n<p><span style=\"font-weight: 400;\">La Mostra PFITECH va demostrar ser una oportunitat enriquidora per als alumnes dels PFI que els va connectar amb les \u00faltimes tend\u00e8ncies de la Ind\u00fastria i els va oferir eines i recursos per al seu futur professional.<\/span><\/p>\n<p><a href=\"https:\/\/photos.app.goo.gl\/JMHXKeB2hHJFeVwy7\"><span style=\"font-weight: 400;\">Enlla\u00e7 a les fotografies de la mostra<\/span><\/a><\/p>\n","protected":false},"excerpt":{"rendered":"<p>L\u2019Institut de la Merc\u00e8 de Barcelona, va acollir el passat 27 de febrer la Mostra PFITECH, un esdeveniment que va reunir a 225 assistents entre alumnes i docents, entitats i empreses, tots compromesos amb el futur de la Formaci\u00f3 Professional.<br \/>\nLa mostra va comen\u00e7ar amb la&hellip;  <a href=\"https:\/\/projectes.xtec.cat\/pfi\/general\/connectant-estudiants-empreses-i-entitats-amb-la-industria-4-0\/\" title=\"Read Connectant estudiants, empreses i entitats amb la Ind\u00fastria 4.0\">Llegeix m\u00e9s\u00bb<\/a><\/p>\n","protected":false},"author":1,"featured_media":18560,"comment_status":"open","ping_status":"closed","sticky":false,"template":"","format":"standard","meta":{"_bbp_topic_count":0,"_bbp_reply_count":0,"_bbp_total_topic_count":0,"_bbp_total_reply_count":0,"_bbp_voice_count":0,"_bbp_anonymous_reply_count":0,"_bbp_topic_count_hidden":0,"_bbp_reply_count_hidden":0,"_bbp_forum_subforum_count":0,"footnotes":""},"categories":[1,610,29],"tags":[],"class_list":["post-18559","post","type-post","status-publish","format-standard","has-post-thumbnail","hentry","category-general","category-pfitech","category-portada"],"post_mailing_queue_ids":[],"_links":{"self":[{"href":"https:\/\/projectes.xtec.cat\/pfi\/wp-json\/wp\/v2\/posts\/18559","targetHints":{"allow":["GET"]}}],"collection":[{"href":"https:\/\/projectes.xtec.cat\/pfi\/wp-json\/wp\/v2\/posts"}],"about":[{"href":"https:\/\/projectes.xtec.cat\/pfi\/wp-json\/wp\/v2\/types\/post"}],"author":[{"embeddable":true,"href":"https:\/\/projectes.xtec.cat\/pfi\/wp-json\/wp\/v2\/users\/1"}],"replies":[{"embeddable":true,"href":"https:\/\/projectes.xtec.cat\/pfi\/wp-json\/wp\/v2\/comments?post=18559"}],"version-history":[{"count":2,"href":"https:\/\/projectes.xtec.cat\/pfi\/wp-json\/wp\/v2\/posts\/18559\/revisions"}],"predecessor-version":[{"id":18562,"href":"https:\/\/projectes.xtec.cat\/pfi\/wp-json\/wp\/v2\/posts\/18559\/revisions\/18562"}],"wp:featuredmedia":[{"embeddable":true,"href":"https:\/\/projectes.xtec.cat\/pfi\/wp-json\/wp\/v2\/media\/18560"}],"wp:attachment":[{"href":"https:\/\/projectes.xtec.cat\/pfi\/wp-json\/wp\/v2\/media?parent=18559"}],"wp:term":[{"taxonomy":"category","embeddable":true,"href":"https:\/\/projectes.xtec.cat\/pfi\/wp-json\/wp\/v2\/categories?post=18559"},{"taxonomy":"post_tag","embeddable":true,"href":"https:\/\/projectes.xtec.cat\/pfi\/wp-json\/wp\/v2\/tags?post=18559"}],"curies":[{"name":"wp","href":"https:\/\/api.w.org\/{rel}","templated":true}]}}