{"id":18581,"date":"2024-03-13T12:23:19","date_gmt":"2024-03-13T11:23:19","guid":{"rendered":"https:\/\/projectes.xtec.cat\/pfi\/?p=18581"},"modified":"2024-03-13T12:23:44","modified_gmt":"2024-03-13T11:23:44","slug":"jornada-projecte-els-valors-de-lesport-al-pfi-manresa-castellet","status":"publish","type":"post","link":"https:\/\/projectes.xtec.cat\/pfi\/general\/jornada-projecte-els-valors-de-lesport-al-pfi-manresa-castellet\/","title":{"rendered":"Els Valors de l&#8217;esport al PFI Manresa-Castellet"},"content":{"rendered":"<p style=\"text-align: center;\"><span style=\"font-weight: 400;\">FINAL JORNADA ESPORTIVA PVE ALS PFI\u2019S DE MANRESA I\u00a0<\/span><span style=\"font-weight: 400;\">SANT VICEN\u00c7 DE CASTELLET \u00a0 CURS 23-24<\/span><\/p>\n<p><span style=\"font-weight: 400;\">El passat divendres dia 1 de mar\u00e7, l\u2019alumnat i el professorat dels PFI\u2019s de les localitats de Manresa i Sant Vicen\u00e7 de Castellet van participar a la jornada ludicoesportiva del projecte \u201cEls valors en l\u2019esport\u201d, realitzada a la zona esportiva i al Pavell\u00f3 Municipal de Sant Vicen\u00e7 de Castellet.<\/span><\/p>\n<p><span style=\"font-weight: 400;\">Es va iniciar amb el repartiment de les samarretes impreses amb el logo del projecte dissenyat pel mateix alumnat. Les activitats per equips formats per l\u2019alumnat de les diferents poblacions i diferents perfils professionals, van comptar amb la col\u00b7laboraci\u00f3 de dinamitzadors esportius i del professorat PFI d\u2019Activitats Esportives (AE). Aquestes, preparades per l\u2019alumnat de l\u2019especialitat AE han sigut: voleibol, b\u00e0squet, futtenis, futbol sala, el joc del cementiri, jocs de taula i jocs d\u2019habilitats. Tamb\u00e9 vam poder gaudir d\u2019un taller de zumba.<\/span><\/p>\n<p><span style=\"font-weight: 400;\">Per finalitzar la jornada, es va fer l\u2019acte de cloenda amb el lliurament de medalles tallades a l\u00e0ser a c\u00e0rrec dels alumnes del PFI de la fam\u00edlia d\u2019Inform\u00e0tica i d\u2019unes plaques commemoratives del projecte, tallades en fusta per l\u2019alumnat de Fusteria del Guillem Cat\u00e0 i il\u00b7luminades per l\u2019alumnat d\u2019Electricitat del PFI Lacet\u00e0nia, que s\u2019han lliurat a les autoritats presents. A mig mat\u00ed es va gaudir d\u2019un esmorzar saludable basat en entrepans, peces de fruita, aigua i sucs.\u00a0<\/span><\/p>\n<p><span style=\"font-weight: 400;\">Aquest projecte potencia la interacci\u00f3 entre alumnat de diferents perfils professionals i de diferents poblacions properes a trav\u00e9s de l\u2019esport, una eina que serveix al professorat per treballar molts aspectes de la vida. Una segona edici\u00f3, tamb\u00e9 molt ben valorada i que ha tingut una molt bona acollida i participaci\u00f3 per part de l\u2019alumnat i totes les persones implicades.\u00a0<\/span><\/p>\n<p><span style=\"font-weight: 400;\">Agrair la pres\u00e8ncia de l\u2019Alcalde de Sant Vicen\u00e7 de Castellet, Sr. Dani Mauriz, del Regidor d\u2019Ocupaci\u00f3 i emprenedoria i d\u2019Acci\u00f3 comunit\u00e0ria de l\u2019Ajuntament de Manresa, Sr. Llu\u00eds Vidal, de la Cap del Servei de PQIP del Departament d\u2019Educaci\u00f3, Sra. Olga Romero, dels directors de l\u2019Institut Castellet i de l\u2019Institut Guillem Cat\u00e0, Sr. David Sanz i Sr. Carles Lape\u00f1a que van inaugurar la Jornada,\u00a0 aix\u00ed com la col\u00b7laboraci\u00f3 en tot moment dels 2 municipis de Sant Vicen\u00e7 de Castellet i de Manresa, amb la cessi\u00f3 dels espais municipals on hem pogut desplegar el projecte al llarg de les dues trobades amb tots els participants.<\/span><\/p>\n<p><span style=\"font-weight: 400;\">Tot un \u00e8xit i segur que pel curs vinent, repetirem!!<\/span><\/p>\n<p><a href=\"https:\/\/drive.google.com\/drive\/folders\/1mvCWit34_VeTx7_GdZrUdBgP69lke8xM\"><span style=\"font-weight: 400;\">Imatges de la Jornada<\/span><\/a><\/p>\n","protected":false},"excerpt":{"rendered":"<p>FINAL JORNADA ESPORTIVA PVE ALS PFI\u2019S DE MANRESA I\u00a0SANT VICEN\u00c7 DE CASTELLET \u00a0 CURS 23-24<br \/>\nEl passat divendres dia 1 de mar\u00e7, l\u2019alumnat i el professorat dels PFI\u2019s de les localitats de Manresa i Sant Vicen\u00e7 de Castellet van participar a la jornada ludicoesportiva del projecte&hellip;  <a href=\"https:\/\/projectes.xtec.cat\/pfi\/general\/jornada-projecte-els-valors-de-lesport-al-pfi-manresa-castellet\/\" title=\"Read Els Valors de l&#8217;esport al PFI Manresa-Castellet\">Llegeix m\u00e9s\u00bb<\/a><\/p>\n","protected":false},"author":73,"featured_media":0,"comment_status":"open","ping_status":"closed","sticky":false,"template":"","format":"standard","meta":{"_bbp_topic_count":0,"_bbp_reply_count":0,"_bbp_total_topic_count":0,"_bbp_total_reply_count":0,"_bbp_voice_count":0,"_bbp_anonymous_reply_count":0,"_bbp_topic_count_hidden":0,"_bbp_reply_count_hidden":0,"_bbp_forum_subforum_count":0,"footnotes":""},"categories":[1,29,568],"tags":[319,426],"class_list":["post-18581","post","type-post","status-publish","format-standard","hentry","category-general","category-portada","category-projecte-esports","tag-activitat","tag-alumnat-pfi"],"post_mailing_queue_ids":[],"_links":{"self":[{"href":"https:\/\/projectes.xtec.cat\/pfi\/wp-json\/wp\/v2\/posts\/18581","targetHints":{"allow":["GET"]}}],"collection":[{"href":"https:\/\/projectes.xtec.cat\/pfi\/wp-json\/wp\/v2\/posts"}],"about":[{"href":"https:\/\/projectes.xtec.cat\/pfi\/wp-json\/wp\/v2\/types\/post"}],"author":[{"embeddable":true,"href":"https:\/\/projectes.xtec.cat\/pfi\/wp-json\/wp\/v2\/users\/73"}],"replies":[{"embeddable":true,"href":"https:\/\/projectes.xtec.cat\/pfi\/wp-json\/wp\/v2\/comments?post=18581"}],"version-history":[{"count":3,"href":"https:\/\/projectes.xtec.cat\/pfi\/wp-json\/wp\/v2\/posts\/18581\/revisions"}],"predecessor-version":[{"id":18588,"href":"https:\/\/projectes.xtec.cat\/pfi\/wp-json\/wp\/v2\/posts\/18581\/revisions\/18588"}],"wp:attachment":[{"href":"https:\/\/projectes.xtec.cat\/pfi\/wp-json\/wp\/v2\/media?parent=18581"}],"wp:term":[{"taxonomy":"category","embeddable":true,"href":"https:\/\/projectes.xtec.cat\/pfi\/wp-json\/wp\/v2\/categories?post=18581"},{"taxonomy":"post_tag","embeddable":true,"href":"https:\/\/projectes.xtec.cat\/pfi\/wp-json\/wp\/v2\/tags?post=18581"}],"curies":[{"name":"wp","href":"https:\/\/api.w.org\/{rel}","templated":true}]}}