{"id":18698,"date":"2024-04-04T10:13:26","date_gmt":"2024-04-04T08:13:26","guid":{"rendered":"https:\/\/projectes.xtec.cat\/pfi\/?p=18698"},"modified":"2024-04-04T10:14:32","modified_gmt":"2024-04-04T08:14:32","slug":"infomir-reparacions-empresa-de-reparacio-dordinadors-dels-alumnes-del-pfi-del-joaquim-mir","status":"publish","type":"post","link":"https:\/\/projectes.xtec.cat\/pfi\/general\/infomir-reparacions-empresa-de-reparacio-dordinadors-dels-alumnes-del-pfi-del-joaquim-mir\/","title":{"rendered":"INFOMIR Reparacions"},"content":{"rendered":"<div dir=\"ltr\">\n<header class=\"entry-header\">\n<h6 style=\"text-align: center;\">INFOMIR Reparacions: empresa de reparaci\u00f3 d&#8217;ordinadors dels alumnes del PFI del Joaquim Mir<\/h6>\n<p class=\"entry-title\" style=\"text-align: justify;\"><span style=\"font-family: inherit; font-size: 1em; font-weight: normal;\">Aquest curs 23-24 \u00e9s el segon any consecutiu que els alumnes del PFI d&#8217;Inform\u00e0tica han creat una empresa fict\u00edcia de reparaci\u00f3, assessorament i reciclatge d&#8217;ordinadors. Una proposta amb metodologia d&#8217;aprenentatge servei, on els alumnes aprenen sobre el funcionament d&#8217;una empresa i alhora ofereixen un servei t\u00e8cnic gratu\u00eft a la ciutadania de Vilanova i la Geltr\u00fa. <\/span>L&#8217;alumnat del PFI ha participat de diverses activitats, des de la creaci\u00f3 del nom i el logo de l&#8217;empresa, confecci\u00f3 de tota la documentaci\u00f3 per portar registre de les activitats acomplertes (fitxa de client, seguiment t\u00e8cnic&#8230;). Tamb\u00e9 han creat una p\u00e0gina web de difusi\u00f3, un cartell i uns flyers per donar a con\u00e8ixer el projecte. El reciclatge i donaci\u00f3 d&#8217;ordinadors es realitza de forma conjunta amb l&#8217;ONG <a href=\"https:\/\/www.labdoo.org\/ca\/\">labdoo.org<\/a>. Durant la setmana vinent es posaran en contacte amb el C.C. El Tac\u00f3 i l&#8217;Escola Ginesta per explicar en qu\u00e8 consisteix l&#8217;empresa INFOMIR i els serveis que ofereixen.<\/p>\n<table style=\"border-collapse: collapse; width: 100%;\">\n<tbody>\n<tr>\n<td style=\"width: 50%;\">\n<p><figure class=\"figure wp-caption aligncenter\"><a href=\"https:\/\/projectes.xtec.cat\/pfi\/wp-content\/uploads\/usu1781\/2024\/04\/Logo.png\"><img loading=\"lazy\" decoding=\"async\" class=\"wp-image-18699 \" src=\"https:\/\/projectes.xtec.cat\/pfi\/wp-content\/uploads\/usu1781\/2024\/04\/Logo-150x150.png\" alt=\"\" width=\"170\" height=\"170\" \/><\/a><figcaption class=\"wp-caption-text\">Logo creat pels alumnes.<\/figcaption><\/figure><\/td>\n<td style=\"width: 50%;\">\n<p><figure class=\"figure wp-caption aligncenter\"><a href=\"https:\/\/projectes.xtec.cat\/pfi\/wp-content\/uploads\/usu1781\/2024\/04\/cartell.jpg\"><img loading=\"lazy\" decoding=\"async\" class=\"wp-image-18701\" src=\"https:\/\/projectes.xtec.cat\/pfi\/wp-content\/uploads\/usu1781\/2024\/04\/cartell-211x300.jpg\" alt=\"\" width=\"250\" height=\"356\" srcset=\"https:\/\/projectes.xtec.cat\/pfi\/wp-content\/uploads\/usu1781\/2024\/04\/cartell-211x300.jpg 211w, https:\/\/projectes.xtec.cat\/pfi\/wp-content\/uploads\/usu1781\/2024\/04\/cartell.jpg 529w\" sizes=\"auto, (max-width: 250px) 100vw, 250px\" \/><\/a><figcaption class=\"wp-caption-text\">Cartell creat pels alumnes per difondre el projecte.<\/figcaption><\/figure><\/td>\n<\/tr>\n<\/tbody>\n<\/table>\n<\/header>\n<p style=\"text-align: justify;\">Animem a totes aquelles persones que vulguin rebre diagn\u00f2stic i reparaci\u00f3, assessorament o fer donacions d&#8217;ordinadors que s&#8217;acostin a l&#8217;INS Joaquim Mir i preguntin a consergeria pel PFI de dilluns a dijous de 16 a 18 h. El servei estar\u00e0 disponible fins al 31 de maig.<\/p>\n<\/div>\n<div class=\"entry-content\">\n<figure class=\"figure wp-caption aligncenter\"><a href=\"https:\/\/projectes.xtec.cat\/pfi\/wp-content\/uploads\/usu1781\/2024\/04\/PXL_20240205_165358721-1-scaled.jpg\"><img loading=\"lazy\" decoding=\"async\" class=\"wp-image-18700 size-medium\" src=\"https:\/\/projectes.xtec.cat\/pfi\/wp-content\/uploads\/usu1781\/2024\/04\/PXL_20240205_165358721-1-300x226.jpg\" alt=\"\" width=\"300\" height=\"226\" srcset=\"https:\/\/projectes.xtec.cat\/pfi\/wp-content\/uploads\/usu1781\/2024\/04\/PXL_20240205_165358721-1-300x226.jpg 300w, https:\/\/projectes.xtec.cat\/pfi\/wp-content\/uploads\/usu1781\/2024\/04\/PXL_20240205_165358721-1-1024x771.jpg 1024w, https:\/\/projectes.xtec.cat\/pfi\/wp-content\/uploads\/usu1781\/2024\/04\/PXL_20240205_165358721-1-768x578.jpg 768w, https:\/\/projectes.xtec.cat\/pfi\/wp-content\/uploads\/usu1781\/2024\/04\/PXL_20240205_165358721-1-1536x1157.jpg 1536w, https:\/\/projectes.xtec.cat\/pfi\/wp-content\/uploads\/usu1781\/2024\/04\/PXL_20240205_165358721-1-2048x1542.jpg 2048w, https:\/\/projectes.xtec.cat\/pfi\/wp-content\/uploads\/usu1781\/2024\/04\/PXL_20240205_165358721-1-200x150.jpg 200w\" sizes=\"auto, (max-width: 300px) 100vw, 300px\" \/><\/a><figcaption class=\"wp-caption-text\">Alumnes participants del projecte empresa.<\/figcaption><\/figure>\n<p>&nbsp;<\/p>\n<p style=\"text-align: justify;\">L\u2019equip docent format per professors de l\u2019Ajuntament de Vilanova i la Geltr\u00fa i del Departament d\u2019Educaci\u00f3 de la Generalitat de Catalunya expliquen la gran feina que ha fet l\u2019alumnat, pr\u00e8via a la inauguraci\u00f3 del servei d\u2019aquesta setmana. Posar en marxa un projecte com a aquest al servei del ciutad\u00e0, porta darrera tota una tasca organitzativa, de treball en equip i de presa de decisions molt important. L\u2019altruisme mostrat pel grup classe encoratja a aquest equip docent a acompanyar-los en els projectes.<\/p>\n<p style=\"text-align: justify;\">Us deixem tots els enlla\u00e7os del material creat a trav\u00e9s del projecte:<\/p>\n<ul>\n<li>Diapositives amb el pla d&#8217;empresa:\u00a0<a href=\"https:\/\/docs.google.com\/presentation\/d\/1oax38pKupFoUwr_cj3D1atUEgpSGKWZsMfaTOEZiWn0\/edit?usp=sharing\">https:\/\/docs.google.com\/presentation\/d\/1oax38pKupFoUwr_cj3D1atUEgpSGKWZsMfaTOEZiWn0\/edit?usp=sharing\u00a0\u00a0<\/a><\/li>\n<li>P\u00e0gina web:\u00a0<a href=\"https:\/\/sites.google.com\/insjoaquimmir.cat\/infomirreparacions\/inici-cat\">https:\/\/sites.google.com\/insjoaquimmir.cat\/infomirreparacions\/inici-cat\u00a0<\/a><\/li>\n<li>Flyer difusi\u00f3: <a href=\"https:\/\/drive.google.com\/file\/d\/1k7Yc-Eu57jaDmBUHczZ46IL159vH8D9d\/view?usp=sharing\">https:\/\/drive.google.com\/file\/d\/1k7Yc-Eu57jaDmBUHczZ46IL159vH8D9d\/view?usp=sharing<\/a><\/li>\n<li>Cartell difusi\u00f3: <a href=\"https:\/\/drive.google.com\/file\/d\/1gjvnnR2_oajwM5tgsTY3V6lLsc_kga_u\/view?usp=sharing\">https:\/\/drive.google.com\/file\/d\/1gjvnnR2_oajwM5tgsTY3V6lLsc_kga_u\/view?usp=sharing<\/a><\/li>\n<\/ul>\n<p>#pfiCAT #ImpulsFP #SomFP<\/p>\n<\/div>\n","protected":false},"excerpt":{"rendered":"<p>INFOMIR Reparacions: empresa de reparaci\u00f3 d&#8217;ordinadors dels alumnes del PFI del Joaquim Mir<br \/>\nAquest curs 23-24 \u00e9s el segon any consecutiu que els alumnes del PFI d&#8217;Inform\u00e0tica han creat una empresa fict\u00edcia de reparaci\u00f3, assessorament i reciclatge d&#8217;ordinadors. Una proposta amb metodologia d&#8217;aprenentatge servei, on els&hellip;  <a href=\"https:\/\/projectes.xtec.cat\/pfi\/general\/infomir-reparacions-empresa-de-reparacio-dordinadors-dels-alumnes-del-pfi-del-joaquim-mir\/\" title=\"Read INFOMIR Reparacions\">Llegeix m\u00e9s\u00bb<\/a><\/p>\n","protected":false},"author":317,"featured_media":18700,"comment_status":"open","ping_status":"closed","sticky":false,"template":"","format":"standard","meta":{"_bbp_topic_count":0,"_bbp_reply_count":0,"_bbp_total_topic_count":0,"_bbp_total_reply_count":0,"_bbp_voice_count":0,"_bbp_anonymous_reply_count":0,"_bbp_topic_count_hidden":0,"_bbp_reply_count_hidden":0,"_bbp_forum_subforum_count":0,"footnotes":""},"categories":[1,29],"tags":[],"class_list":["post-18698","post","type-post","status-publish","format-standard","has-post-thumbnail","hentry","category-general","category-portada"],"post_mailing_queue_ids":[],"_links":{"self":[{"href":"https:\/\/projectes.xtec.cat\/pfi\/wp-json\/wp\/v2\/posts\/18698","targetHints":{"allow":["GET"]}}],"collection":[{"href":"https:\/\/projectes.xtec.cat\/pfi\/wp-json\/wp\/v2\/posts"}],"about":[{"href":"https:\/\/projectes.xtec.cat\/pfi\/wp-json\/wp\/v2\/types\/post"}],"author":[{"embeddable":true,"href":"https:\/\/projectes.xtec.cat\/pfi\/wp-json\/wp\/v2\/users\/317"}],"replies":[{"embeddable":true,"href":"https:\/\/projectes.xtec.cat\/pfi\/wp-json\/wp\/v2\/comments?post=18698"}],"version-history":[{"count":4,"href":"https:\/\/projectes.xtec.cat\/pfi\/wp-json\/wp\/v2\/posts\/18698\/revisions"}],"predecessor-version":[{"id":18705,"href":"https:\/\/projectes.xtec.cat\/pfi\/wp-json\/wp\/v2\/posts\/18698\/revisions\/18705"}],"wp:featuredmedia":[{"embeddable":true,"href":"https:\/\/projectes.xtec.cat\/pfi\/wp-json\/wp\/v2\/media\/18700"}],"wp:attachment":[{"href":"https:\/\/projectes.xtec.cat\/pfi\/wp-json\/wp\/v2\/media?parent=18698"}],"wp:term":[{"taxonomy":"category","embeddable":true,"href":"https:\/\/projectes.xtec.cat\/pfi\/wp-json\/wp\/v2\/categories?post=18698"},{"taxonomy":"post_tag","embeddable":true,"href":"https:\/\/projectes.xtec.cat\/pfi\/wp-json\/wp\/v2\/tags?post=18698"}],"curies":[{"name":"wp","href":"https:\/\/api.w.org\/{rel}","templated":true}]}}