{"id":18855,"date":"2024-05-05T20:07:11","date_gmt":"2024-05-05T18:07:11","guid":{"rendered":"https:\/\/projectes.xtec.cat\/pfi\/?p=18855"},"modified":"2024-05-05T20:08:21","modified_gmt":"2024-05-05T18:08:21","slug":"preparacio-per-al-concurs-de-pfi-perruqueria-i-estetica","status":"publish","type":"post","link":"https:\/\/projectes.xtec.cat\/pfi\/general\/preparacio-per-al-concurs-de-pfi-perruqueria-i-estetica\/","title":{"rendered":"Ens preparem per al Concurs PFI: Perruqueria i Est\u00e8tica"},"content":{"rendered":"<blockquote>\n<p style=\"text-align: left;\">Aquest concurs, ara, en la seva tercera edici\u00f3, es troba ja, en compte enrere.Fa uns mesos, vam realitzar la fase d&#8217;eliminaci\u00f3, preparant aix\u00ed uns treballs, que es van veure reflectits en diversos v\u00eddeos. Llavors, el jurat, va decidir escollir-ne uns quants, els quals serien els que podrien assistir el dia del concurs, <em>el pr\u00f2xim 09 de maig. <\/em>Cal dir, que tot aquell alumnat que va participar en aquesta fase, ja es considera guanyador, nom\u00e9s per haver mostrat, tot l&#8217;esfor\u00e7 i motivaci\u00f3, en participar-hi, i aconseguir aix\u00ed, portar el nom de cada institut, en la seva representaci\u00f3.<\/p>\n<p style=\"text-align: left;\">Ara, per\u00f2, ens trobem en els dies previs a l&#8217;acte que se celebrar\u00e0 d&#8217;aqu\u00ed a ben poc, a les instal\u00b7lacions de<em> L&#8217;Or\u00e9al\u00a0<span class=\"hiddenSpellError\">Lab<\/span>, a Barcelona.<\/em><br \/>\nParticipar en un concurs \u00e9s una excel\u00b7lent oportunitat per a l&#8217;alumnat, d&#8217;expandir els seus coneixements i habilitats en el camp de la perruqueria i l&#8217;est\u00e8tica. A trav\u00e9s de la preparaci\u00f3 per al concurs i l&#8217;experi\u00e8ncia en si mateixa, pot aprendre noves t\u00e8cniques, tend\u00e8ncies i metodologies que enriquiran la seva pr\u00e0ctica professional. Participar en un concurs \u00e9s un desafiament emocionant que pot ajudar l&#8217;alumnat a superar els seus l\u00edmits i demostrar el seu potencial, a m\u00e9s d&#8217;obtenir metes i assolir \u00e8xits en un entorn competitiu, tamb\u00e9 pot augmentar la seva confian\u00e7a i autoestima.<\/p>\n<p>Tots aquests dies, han estat for\u00e7a interessants i tensos, per l&#8217;alumna del<strong> PFI de Perruqueria i Est\u00e8tica, de l&#8217;Institut Cal\u00b7l\u00edpolis, Mireia\u00a0<span class=\"hiddenSpellError\">Bellanco<\/span>,<\/strong> la qual ha estat fent diverses proves a la seva model, durant algunes hores de classe. La resta d&#8217;alumnat, ha pogut observar la seva destresa, i aconsellar aix\u00ed a millorar, altres aspectes com la seguretat i la confian\u00e7a en ella mateixa.<br \/>\nPer nosaltres, el professorat, poder acompanyar aquesta alumna a establir objectius clars i realistes per al concurs i recorda-li el seu potencial per assolir-los, ha estat tot un plaer.<\/p>\n<p>Ara toca endinsar-nos en la recta final, acabant de polir alguns aspectes i practicant amb el material divers, que ens ha facilitat l&#8217;organitzaci\u00f3, gr\u00e0cies a trav\u00e9s dels patrocinadors i col\u00b7laboradors en aquest concurs. Comptant els dies que falten pel dijous vinent, perqu\u00e8 la Mireia i la seva model, puguin gaudir d&#8217;aquesta jornada, adquirint connexions entre els seus companys i gaudint-ho el m\u00e0xim possible, per poder conduir a col\u00b7laboracions futures, intercanvi de coneixements i suport entre iguals.<\/p>\n<p>Esperem que el dia del concurs, sigui una experi\u00e8ncia gratificant per tot l&#8217;alumnat, professorat, organitzaci\u00f3, jurat i col\u00b7laboradors, donant aix\u00ed renom als PFI i a tot el talent de l&#8217;alumnat!<\/p>\n<table style=\"border-collapse: collapse; width: 100%;\">\n<tbody>\n<tr>\n<td style=\"width: 33.3333%;\"><a href=\"https:\/\/projectes.xtec.cat\/pfi\/wp-content\/uploads\/usu1781\/2024\/05\/1714753110985-6.webp\"><img loading=\"lazy\" decoding=\"async\" class=\"aligncenter wp-image-18863 \" src=\"https:\/\/projectes.xtec.cat\/pfi\/wp-content\/uploads\/usu1781\/2024\/05\/1714753110985-6-300x300.webp\" alt=\"\" width=\"237\" height=\"237\" srcset=\"https:\/\/projectes.xtec.cat\/pfi\/wp-content\/uploads\/usu1781\/2024\/05\/1714753110985-6-300x300.webp 300w, https:\/\/projectes.xtec.cat\/pfi\/wp-content\/uploads\/usu1781\/2024\/05\/1714753110985-6-1024x1024.webp 1024w, https:\/\/projectes.xtec.cat\/pfi\/wp-content\/uploads\/usu1781\/2024\/05\/1714753110985-6-150x150.webp 150w, https:\/\/projectes.xtec.cat\/pfi\/wp-content\/uploads\/usu1781\/2024\/05\/1714753110985-6-768x768.webp 768w, https:\/\/projectes.xtec.cat\/pfi\/wp-content\/uploads\/usu1781\/2024\/05\/1714753110985-6.webp 1080w\" sizes=\"auto, (max-width: 237px) 100vw, 237px\" \/><\/a><\/td>\n<td style=\"width: 33.3333%;\"><a href=\"https:\/\/projectes.xtec.cat\/pfi\/wp-content\/uploads\/usu1781\/2024\/05\/2024-05-05_200559.png\"><img loading=\"lazy\" decoding=\"async\" class=\"aligncenter size-full wp-image-18866\" src=\"https:\/\/projectes.xtec.cat\/pfi\/wp-content\/uploads\/usu1781\/2024\/05\/2024-05-05_200559.png\" alt=\"\" width=\"183\" height=\"243\" \/><\/a><\/td>\n<td style=\"width: 33.3333%;\"><a href=\"https:\/\/projectes.xtec.cat\/pfi\/wp-content\/uploads\/usu1781\/2024\/05\/2024-05-05_200545.png\"><img loading=\"lazy\" decoding=\"async\" class=\"aligncenter size-full wp-image-18867\" src=\"https:\/\/projectes.xtec.cat\/pfi\/wp-content\/uploads\/usu1781\/2024\/05\/2024-05-05_200545.png\" alt=\"\" width=\"185\" height=\"247\" \/><\/a><\/td>\n<\/tr>\n<\/tbody>\n<\/table>\n<\/blockquote>\n<p><a href=\"https:\/\/projectes.xtec.cat\/pfi\/wp-content\/uploads\/usu1781\/2024\/05\/1714753110985.webp\">\u00a0 \u00a0 \u00a0 \u00a0 \u00a0<\/a><\/p>\n","protected":false},"excerpt":{"rendered":"<p>Aquest concurs, ara, en la seva tercera edici\u00f3, es troba ja, en compte enrere.Fa uns mesos, vam realitzar la fase d&#8217;eliminaci\u00f3, preparant aix\u00ed uns treballs, que es van veure reflectits en diversos v\u00eddeos. Llavors, el jurat, va decidir escollir-ne uns quants, els quals serien els&hellip;  <a href=\"https:\/\/projectes.xtec.cat\/pfi\/general\/preparacio-per-al-concurs-de-pfi-perruqueria-i-estetica\/\" title=\"Read Ens preparem per al Concurs PFI: Perruqueria i Est\u00e8tica\">Llegeix m\u00e9s\u00bb<\/a><\/p>\n","protected":false},"author":229,"featured_media":18863,"comment_status":"open","ping_status":"closed","sticky":false,"template":"","format":"standard","meta":{"_bbp_topic_count":0,"_bbp_reply_count":0,"_bbp_total_topic_count":0,"_bbp_total_reply_count":0,"_bbp_voice_count":0,"_bbp_anonymous_reply_count":0,"_bbp_topic_count_hidden":0,"_bbp_reply_count_hidden":0,"_bbp_forum_subforum_count":0,"footnotes":""},"categories":[526,1,29],"tags":[426,372,398,546,315,441,442],"class_list":["post-18855","post","type-post","status-publish","format-standard","has-post-thumbnail","hentry","category-concurs-perruqueria-i-estetica","category-general","category-portada","tag-alumnat-pfi","tag-compartir-experiencies","tag-concurs","tag-concurs-pfi-perruqueria-i-estetica","tag-motivacio","tag-pficat","tag-somfp"],"post_mailing_queue_ids":[],"_links":{"self":[{"href":"https:\/\/projectes.xtec.cat\/pfi\/wp-json\/wp\/v2\/posts\/18855","targetHints":{"allow":["GET"]}}],"collection":[{"href":"https:\/\/projectes.xtec.cat\/pfi\/wp-json\/wp\/v2\/posts"}],"about":[{"href":"https:\/\/projectes.xtec.cat\/pfi\/wp-json\/wp\/v2\/types\/post"}],"author":[{"embeddable":true,"href":"https:\/\/projectes.xtec.cat\/pfi\/wp-json\/wp\/v2\/users\/229"}],"replies":[{"embeddable":true,"href":"https:\/\/projectes.xtec.cat\/pfi\/wp-json\/wp\/v2\/comments?post=18855"}],"version-history":[{"count":5,"href":"https:\/\/projectes.xtec.cat\/pfi\/wp-json\/wp\/v2\/posts\/18855\/revisions"}],"predecessor-version":[{"id":18870,"href":"https:\/\/projectes.xtec.cat\/pfi\/wp-json\/wp\/v2\/posts\/18855\/revisions\/18870"}],"wp:featuredmedia":[{"embeddable":true,"href":"https:\/\/projectes.xtec.cat\/pfi\/wp-json\/wp\/v2\/media\/18863"}],"wp:attachment":[{"href":"https:\/\/projectes.xtec.cat\/pfi\/wp-json\/wp\/v2\/media?parent=18855"}],"wp:term":[{"taxonomy":"category","embeddable":true,"href":"https:\/\/projectes.xtec.cat\/pfi\/wp-json\/wp\/v2\/categories?post=18855"},{"taxonomy":"post_tag","embeddable":true,"href":"https:\/\/projectes.xtec.cat\/pfi\/wp-json\/wp\/v2\/tags?post=18855"}],"curies":[{"name":"wp","href":"https:\/\/api.w.org\/{rel}","templated":true}]}}