{"id":18895,"date":"2024-05-14T14:06:27","date_gmt":"2024-05-14T12:06:27","guid":{"rendered":"https:\/\/projectes.xtec.cat\/pfi\/?p=18895"},"modified":"2024-06-07T09:17:27","modified_gmt":"2024-06-07T07:17:27","slug":"taller-en-linia-sobre-combatre-la-pressio-estetica","status":"publish","type":"post","link":"https:\/\/projectes.xtec.cat\/pfi\/portada\/taller-en-linia-sobre-combatre-la-pressio-estetica\/","title":{"rendered":"Taller en l\u00ednia &#8220;Combatre la pressi\u00f3 est\u00e8tica&#8221;"},"content":{"rendered":"<p>Taller habitar els nostres cossos: combatre la pressi\u00f3 est\u00e8tica de l&#8217;Escola de l\u2019Administraci\u00f3 P\u00fablica de Catalunya<\/p>\n<p>19 de juny, de 9:30 a 11:30 en l\u00ednia a trav\u00e9s de la plataforma Zoom<\/p>\n<p>La pressi\u00f3 est\u00e8tica \u00e9s una forma d\u2019opressi\u00f3 de g\u00e8nere que afecta fonamentalment les dones al llarg de tot el cicle vital. Els ideals de bellesa constru\u00efts socialment i culturalment en les societats patriarcals imposen unes normes determinades sobre quins s\u00f3n els cossos acceptats i desitjats, reforcen els estereotips de g\u00e8nere, contribueixen a la cosificaci\u00f3 de les dones i redueixen el seu valor a l\u2019aparen\u00e7a f\u00edsica.<\/p>\n<p>Per inscriure&#8217;t <a href=\"https:\/\/forms.office.com\/pages\/responsepage.aspx?id=3CeUOw7TvEOMBv9yU2dv7HqpMrwxhW1MkdM6JxCELAhUN1IzVFpUTUIwMFgwNFU2MFhCRTNaOTFCRC4u\">clica aqu\u00ed<\/a><\/p>\n<p>#pfiCAT #SomFP#ImpulsFP<\/p>\n","protected":false},"excerpt":{"rendered":"<p>Taller en l\u00ednia sobre combatre la pressi\u00f3 est\u00e8tica&hellip;  <a href=\"https:\/\/projectes.xtec.cat\/pfi\/portada\/taller-en-linia-sobre-combatre-la-pressio-estetica\/\" title=\"Read Taller en l\u00ednia &#8220;Combatre la pressi\u00f3 est\u00e8tica&#8221;\">Llegeix m\u00e9s\u00bb<\/a><\/p>\n","protected":false},"author":1,"featured_media":18897,"comment_status":"open","ping_status":"closed","sticky":false,"template":"","format":"standard","meta":{"_bbp_topic_count":0,"_bbp_reply_count":0,"_bbp_total_topic_count":0,"_bbp_total_reply_count":0,"_bbp_voice_count":0,"_bbp_anonymous_reply_count":0,"_bbp_topic_count_hidden":0,"_bbp_reply_count_hidden":0,"_bbp_forum_subforum_count":0,"footnotes":""},"categories":[380,29],"tags":[],"class_list":["post-18895","post","type-post","status-publish","format-standard","has-post-thumbnail","hentry","category-coed-i-igualtat","category-portada"],"post_mailing_queue_ids":[],"_links":{"self":[{"href":"https:\/\/projectes.xtec.cat\/pfi\/wp-json\/wp\/v2\/posts\/18895","targetHints":{"allow":["GET"]}}],"collection":[{"href":"https:\/\/projectes.xtec.cat\/pfi\/wp-json\/wp\/v2\/posts"}],"about":[{"href":"https:\/\/projectes.xtec.cat\/pfi\/wp-json\/wp\/v2\/types\/post"}],"author":[{"embeddable":true,"href":"https:\/\/projectes.xtec.cat\/pfi\/wp-json\/wp\/v2\/users\/1"}],"replies":[{"embeddable":true,"href":"https:\/\/projectes.xtec.cat\/pfi\/wp-json\/wp\/v2\/comments?post=18895"}],"version-history":[{"count":3,"href":"https:\/\/projectes.xtec.cat\/pfi\/wp-json\/wp\/v2\/posts\/18895\/revisions"}],"predecessor-version":[{"id":19012,"href":"https:\/\/projectes.xtec.cat\/pfi\/wp-json\/wp\/v2\/posts\/18895\/revisions\/19012"}],"wp:featuredmedia":[{"embeddable":true,"href":"https:\/\/projectes.xtec.cat\/pfi\/wp-json\/wp\/v2\/media\/18897"}],"wp:attachment":[{"href":"https:\/\/projectes.xtec.cat\/pfi\/wp-json\/wp\/v2\/media?parent=18895"}],"wp:term":[{"taxonomy":"category","embeddable":true,"href":"https:\/\/projectes.xtec.cat\/pfi\/wp-json\/wp\/v2\/categories?post=18895"},{"taxonomy":"post_tag","embeddable":true,"href":"https:\/\/projectes.xtec.cat\/pfi\/wp-json\/wp\/v2\/tags?post=18895"}],"curies":[{"name":"wp","href":"https:\/\/api.w.org\/{rel}","templated":true}]}}