{"id":18916,"date":"2024-05-31T10:00:51","date_gmt":"2024-05-31T08:00:51","guid":{"rendered":"https:\/\/projectes.xtec.cat\/pfi\/?p=18916"},"modified":"2024-06-07T09:17:45","modified_gmt":"2024-06-07T07:17:45","slug":"pindoles-audiovisuals-sobre-feminisme-i-transversalitat","status":"publish","type":"post","link":"https:\/\/projectes.xtec.cat\/pfi\/portada\/pindoles-audiovisuals-sobre-feminisme-i-transversalitat\/","title":{"rendered":"P\u00edndoles audiovisuals &#8220;feminisme i transversalitat&#8221;"},"content":{"rendered":"<p>Us adjuntem unes p\u00edndoles formatives, creades per l&#8217;Institut Catal\u00e0 de la Dona, en format de v\u00eddeos d&#8217;entre 15-20 minuts que reflexionen sobre la necessitat de la transversalitat de la mirada feminista.<\/p>\n<p><a href=\"https:\/\/dones.gencat.cat\/ca\/ambits\/formacio\/pindoles-formatives-audiovisuals\/\">Enlla\u00e7 a les p\u00edndoles formatives<\/a><\/p>\n<p>#pfiCAT #SomFP#ImpulsFP<\/p>\n<p>&nbsp;<\/p>\n","protected":false},"excerpt":{"rendered":"<p>Us adjuntem unes p\u00edndoles formatives, creades per l&#8217;Institut Catal\u00e0 de la Dona, en format de v\u00eddeos d&#8217;entre 15-20 minuts que reflexionen sobre la necessitat de la transversalitat de la mirada feminista.<br \/>\n<a href=\"https:\/\/dones.gencat.cat\/ca\/ambits\/formacio\/pindoles-formatives-audiovisuals\/\">Enlla\u00e7 a les p\u00edndoles formatives<\/a><br \/>\n#pfiCAT #SomFP#ImpulsFP<br \/>\n&nbsp;<\/p>\n","protected":false},"author":1,"featured_media":0,"comment_status":"open","ping_status":"closed","sticky":false,"template":"","format":"standard","meta":{"_bbp_topic_count":0,"_bbp_reply_count":0,"_bbp_total_topic_count":0,"_bbp_total_reply_count":0,"_bbp_voice_count":0,"_bbp_anonymous_reply_count":0,"_bbp_topic_count_hidden":0,"_bbp_reply_count_hidden":0,"_bbp_forum_subforum_count":0,"footnotes":""},"categories":[380,29],"tags":[],"class_list":["post-18916","post","type-post","status-publish","format-standard","hentry","category-coed-i-igualtat","category-portada"],"post_mailing_queue_ids":[],"_links":{"self":[{"href":"https:\/\/projectes.xtec.cat\/pfi\/wp-json\/wp\/v2\/posts\/18916","targetHints":{"allow":["GET"]}}],"collection":[{"href":"https:\/\/projectes.xtec.cat\/pfi\/wp-json\/wp\/v2\/posts"}],"about":[{"href":"https:\/\/projectes.xtec.cat\/pfi\/wp-json\/wp\/v2\/types\/post"}],"author":[{"embeddable":true,"href":"https:\/\/projectes.xtec.cat\/pfi\/wp-json\/wp\/v2\/users\/1"}],"replies":[{"embeddable":true,"href":"https:\/\/projectes.xtec.cat\/pfi\/wp-json\/wp\/v2\/comments?post=18916"}],"version-history":[{"count":3,"href":"https:\/\/projectes.xtec.cat\/pfi\/wp-json\/wp\/v2\/posts\/18916\/revisions"}],"predecessor-version":[{"id":19013,"href":"https:\/\/projectes.xtec.cat\/pfi\/wp-json\/wp\/v2\/posts\/18916\/revisions\/19013"}],"wp:attachment":[{"href":"https:\/\/projectes.xtec.cat\/pfi\/wp-json\/wp\/v2\/media?parent=18916"}],"wp:term":[{"taxonomy":"category","embeddable":true,"href":"https:\/\/projectes.xtec.cat\/pfi\/wp-json\/wp\/v2\/categories?post=18916"},{"taxonomy":"post_tag","embeddable":true,"href":"https:\/\/projectes.xtec.cat\/pfi\/wp-json\/wp\/v2\/tags?post=18916"}],"curies":[{"name":"wp","href":"https:\/\/api.w.org\/{rel}","templated":true}]}}