{"id":19208,"date":"2024-09-06T13:53:00","date_gmt":"2024-09-06T11:53:00","guid":{"rendered":"https:\/\/projectes.xtec.cat\/pfi\/?p=19208"},"modified":"2024-09-06T14:41:01","modified_gmt":"2024-09-06T12:41:01","slug":"formacio-professorat-pfi-1r-trimestre-curs-2024-205","status":"publish","type":"post","link":"https:\/\/projectes.xtec.cat\/pfi\/general\/formacio-professorat-pfi-1r-trimestre-curs-2024-205\/","title":{"rendered":"Inscriu-te a la formaci\u00f3 professorat PFI 1r trimestre. Curs 2024-205"},"content":{"rendered":"<p>Us compartim la formaci\u00f3 que es realitzar\u00e0 durant el primer trimestre espec\u00edfica per al professorat PFI:<\/p>\n<p><strong> PFI: Plantejament, eines i estrat\u00e8gies. <\/strong>Curs en l\u00ednia\u00a0 i amb connexions en directe. Del 25\/9\/2024 al 15\/11\/20243153 (40 hores). Per a m\u00e9s informaci\u00f3 <a href=\"https:\/\/aplicacions.gestioeducativa.gencat.cat\/pls\/soloas\/pk_for_mod_ins.p_for_detall_activitat?p_header=Llista%20d%27activitats^pk_for_mod_ins.p_for_cons_activitats?p_totes=N%26p_inici=1%26p_excloure_crp_rec=T&amp;p_codi=9000020867&amp;p_curs=2024-2025&amp;p_es_inscr=S\">clica aqu\u00ed<\/a><\/p>\n<p><strong>Intel\u00b7lig\u00e8ncia Artificial: aplicaci\u00f3 a l&#8217;aula PFI. <\/strong>Curs en l\u00ednia i amb connexions en directe. Del 30\/9\/2024 al 15\/11\/2024 (30 hores).\u00a0Per a m\u00e9s informaci\u00f3 <a href=\"https:\/\/aplicacions.gestioeducativa.gencat.cat\/pls\/soloas\/pk_for_mod_ins.p_for_detall_activitat?p_header=Llista%20d%27activitats^pk_for_mod_ins.p_for_cons_activitats?p_totes=N%26p_inici=1%26p_excloure_crp_rec=T&amp;p_codi=9000030867&amp;p_curs=2024-2025&amp;p_es_inscr=S\">clica aqu\u00ed<\/a><\/p>\n<p><strong>Acompanyament de la salut mental de l&#8217;alumnat PFI. <\/strong>Curs en l\u00ednia i\u00a0 amb connexions en directe. Del 30\/9\/2024 al 15\/11\/2024 (30 hores). Per a m\u00e9s informaci\u00f3 <a href=\"https:\/\/aplicacions.gestioeducativa.gencat.cat\/pls\/soloas\/pk_for_mod_ins.p_for_detall_activitat?p_header=Llista%20d%27activitats^pk_for_mod_ins.p_for_cons_activitats?p_totes=N%26p_inici=1%26p_excloure_crp_rec=T&amp;p_codi=9000040867&amp;p_curs=2024-2025&amp;p_es_inscr=S\">clica aqu\u00ed<\/a><\/p>\n<p><strong>Coeducaci\u00f3 i perspectiva de g\u00e8nere a les aules FP. <\/strong>Curs en l\u00ednia i amb connexions en directe. Del 1\/10\/2024 al 15\/11\/2024 (30 hores). Per a m\u00e9s informaci\u00f3 <a href=\"https:\/\/aplicacions.gestioeducativa.gencat.cat\/pls\/soloas\/pk_for_mod_ins.p_for_detall_activitat?p_header=Llista%20d%27activitats^pk_for_mod_ins.p_for_cons_activitats?p_totes=N%26p_inici=1%26p_excloure_crp_rec=T&amp;p_codi=9000050867&amp;p_curs=2024-2025&amp;p_es_inscr=S\">clica aqu\u00ed<\/a><\/p>\n<p><strong>Metodologies creatives a l&#8217;aula PFI. <\/strong>Curs en l\u00ednia. Del 30\/9\/2024 al 15\/11\/2024 (30 hores). Per a m\u00e9s informaci\u00f3 <a href=\"https:\/\/aplicacions.gestioeducativa.gencat.cat\/pls\/soloas\/pk_for_mod_ins.p_for_detall_activitat?p_header=Llista%20d%27activitats^pk_for_mod_ins.p_for_cons_activitats?p_totes=N%26p_inici=1%26p_excloure_crp_rec=T&amp;p_codi=9000060867&amp;p_curs=2024-2025&amp;p_es_inscr=S\">clica aqu\u00ed<\/a><\/p>\n<p>#pfiCAT #ImpulsFP #SomFP<\/p>\n","protected":false},"excerpt":{"rendered":"<p>Us compartim la formaci\u00f3 que es realitzar\u00e0 durant el primer trimestre espec\u00edfica per al professorat PFI:<br \/>\n PFI: Plantejament, eines i estrat\u00e8gies. Curs en l\u00ednia\u00a0 i amb connexions en directe. Del 25\/9\/2024 al 15\/11\/20243153 (40 hores). Per a m\u00e9s informaci\u00f3 <a href=\"https:\/\/aplicacions.gestioeducativa.gencat.cat\/pls\/soloas\/pk_for_mod_ins.p_for_detall_activitat?p_header=Llista%20d%27activitats^pk_for_mod_ins.p_for_cons_activitats?p_totes=N%26p_inici=1%26p_excloure_crp_rec=T&amp;p_codi=9000020867&amp;p_curs=2024-2025&amp;p_es_inscr=S\">clica aqu\u00ed<\/a><br \/>\nIntel\u00b7lig\u00e8ncia Artificial: aplicaci\u00f3 a&hellip;  <a href=\"https:\/\/projectes.xtec.cat\/pfi\/general\/formacio-professorat-pfi-1r-trimestre-curs-2024-205\/\" title=\"Read Inscriu-te a la formaci\u00f3 professorat PFI 1r trimestre. Curs 2024-205\">Llegeix m\u00e9s\u00bb<\/a><\/p>\n","protected":false},"author":1,"featured_media":17455,"comment_status":"open","ping_status":"closed","sticky":false,"template":"","format":"standard","meta":{"_bbp_topic_count":0,"_bbp_reply_count":0,"_bbp_total_topic_count":0,"_bbp_total_reply_count":0,"_bbp_voice_count":0,"_bbp_anonymous_reply_count":0,"_bbp_topic_count_hidden":0,"_bbp_reply_count_hidden":0,"_bbp_forum_subforum_count":0,"footnotes":""},"categories":[154,1,29],"tags":[],"class_list":["post-19208","post","type-post","status-publish","format-standard","has-post-thumbnail","hentry","category-formacio","category-general","category-portada"],"post_mailing_queue_ids":[],"_links":{"self":[{"href":"https:\/\/projectes.xtec.cat\/pfi\/wp-json\/wp\/v2\/posts\/19208","targetHints":{"allow":["GET"]}}],"collection":[{"href":"https:\/\/projectes.xtec.cat\/pfi\/wp-json\/wp\/v2\/posts"}],"about":[{"href":"https:\/\/projectes.xtec.cat\/pfi\/wp-json\/wp\/v2\/types\/post"}],"author":[{"embeddable":true,"href":"https:\/\/projectes.xtec.cat\/pfi\/wp-json\/wp\/v2\/users\/1"}],"replies":[{"embeddable":true,"href":"https:\/\/projectes.xtec.cat\/pfi\/wp-json\/wp\/v2\/comments?post=19208"}],"version-history":[{"count":5,"href":"https:\/\/projectes.xtec.cat\/pfi\/wp-json\/wp\/v2\/posts\/19208\/revisions"}],"predecessor-version":[{"id":19255,"href":"https:\/\/projectes.xtec.cat\/pfi\/wp-json\/wp\/v2\/posts\/19208\/revisions\/19255"}],"wp:featuredmedia":[{"embeddable":true,"href":"https:\/\/projectes.xtec.cat\/pfi\/wp-json\/wp\/v2\/media\/17455"}],"wp:attachment":[{"href":"https:\/\/projectes.xtec.cat\/pfi\/wp-json\/wp\/v2\/media?parent=19208"}],"wp:term":[{"taxonomy":"category","embeddable":true,"href":"https:\/\/projectes.xtec.cat\/pfi\/wp-json\/wp\/v2\/categories?post=19208"},{"taxonomy":"post_tag","embeddable":true,"href":"https:\/\/projectes.xtec.cat\/pfi\/wp-json\/wp\/v2\/tags?post=19208"}],"curies":[{"name":"wp","href":"https:\/\/api.w.org\/{rel}","templated":true}]}}