{"id":19533,"date":"2024-12-16T11:02:54","date_gmt":"2024-12-16T10:02:54","guid":{"rendered":"https:\/\/projectes.xtec.cat\/pfi\/?p=19533"},"modified":"2024-12-19T08:49:39","modified_gmt":"2024-12-19T07:49:39","slug":"arriba-la-4a-edicio-del-concurs-de-perruqueria-i-estetica","status":"publish","type":"post","link":"https:\/\/projectes.xtec.cat\/pfi\/general\/arriba-la-4a-edicio-del-concurs-de-perruqueria-i-estetica\/","title":{"rendered":"Arriba la 4a edici\u00f3 del Concurs de Perruqueria i Est\u00e8tica"},"content":{"rendered":"<p>\ud83c\udf89 <strong>Obrim les inscripcions per a la 4a edici\u00f3 del Concurs PFI: Perruqueria i Est\u00e8tica!<\/strong><\/p>\n<p>Adre\u00e7at a centres p\u00fablics i autoritzats del Departament d\u2019Educaci\u00f3 i Formaci\u00f3 Professional de la fam\u00edlia professional d\u2019Imatge Personal, aquest concurs busca potenciar els Programes de Formaci\u00f3 i Inserci\u00f3 (PFI), millorar l\u2019ensenyament dels m\u00f2duls professionals i recon\u00e8ixer la bon feina feta pels centres!<\/p>\n<p>\ud83d\udca1 <strong>Objectiu:<\/strong> El concurs destaca compet\u00e8ncies professionals i transversals fonamentals com la concentraci\u00f3, la creativitat i la resoluci\u00f3 de problemes.<\/p>\n<p>\ud83d\udcc5 Enguany, el concurs arriba a la seva <strong>4a edici\u00f3<\/strong>, consolidant-se amb novetats com la <strong>participaci\u00f3 de tot el grup-classe a la primera fase del concurs<\/strong>, la selecci\u00f3 de <strong>2 alumnes que representaran el grup participant a la fase de concurs, una jornada virtual d&#8217;inauguraci\u00f3, i una activitat d&#8217;entrenament. <\/strong>Es mant\u00e9 la <strong>certificaci\u00f3 per al professorat<\/strong> que acompanya l\u2019alumnat en la preparaci\u00f3 i amb la <strong>jornada \u201cCompeteix amb Estil\u201d<\/strong>, per ajudar a motivar i preparar millor als participants.<\/p>\n<p>\ud83d\udd14 <strong>Dates d\u2019inscripci\u00f3:<\/strong> Del <strong>16 de desembre de 2024 al 15 de gener de 2025<\/strong>, ambos inclosos.<\/p>\n<p>\ud83d\udcc4 <span style=\"color: #ff0000;\"><a href=\"https:\/\/drive.google.com\/file\/d\/1jM2Tw7d6nfDR9SaFki8lLRCSJKKWAuKZ\/view\"><strong>Bases i directrius t\u00e8cniques 2024-2025<\/strong><\/a><span style=\"color: #000000;\"> i <strong><a href=\"https:\/\/docs.google.com\/forms\/d\/e\/1FAIpQLSczAZWEJ3cvUrLULBHtoZbpjUabdqF0zu07S5UNZ8rKg36z6g\/viewform\">Enlla\u00e7 a la inscripci\u00f3<\/a>.<\/strong><\/span><\/span><\/p>\n<p>Amb molta il\u00b7lusi\u00f3, convidem a tots els centres interessats a formar part d\u2019aquesta gran experi\u00e8ncia!<\/p>\n<p>\ud83d\ude4c Us hi esperem!<\/p>\n<p>#pfiCAT #SomFP<\/p>\n","protected":false},"excerpt":{"rendered":"<p>\ud83c\udf89 Obrim les inscripcions per a la 4a edici\u00f3 del Concurs PFI: Perruqueria i Est\u00e8tica!<br \/>\nAdre\u00e7at a centres p\u00fablics i autoritzats del Departament d\u2019Educaci\u00f3 i Formaci\u00f3 Professional de la fam\u00edlia professional d\u2019Imatge Personal, aquest concurs busca potenciar els Programes de Formaci\u00f3 i Inserci\u00f3 (PFI), millorar l\u2019ensenyament&hellip;  <a href=\"https:\/\/projectes.xtec.cat\/pfi\/general\/arriba-la-4a-edicio-del-concurs-de-perruqueria-i-estetica\/\" title=\"Read Arriba la 4a edici\u00f3 del Concurs de Perruqueria i Est\u00e8tica\">Llegeix m\u00e9s\u00bb<\/a><\/p>\n","protected":false},"author":1,"featured_media":19590,"comment_status":"open","ping_status":"closed","sticky":false,"template":"","format":"standard","meta":{"_bbp_topic_count":0,"_bbp_reply_count":0,"_bbp_total_topic_count":0,"_bbp_total_reply_count":0,"_bbp_voice_count":0,"_bbp_anonymous_reply_count":0,"_bbp_topic_count_hidden":0,"_bbp_reply_count_hidden":0,"_bbp_forum_subforum_count":0,"footnotes":""},"categories":[526,1,29],"tags":[],"class_list":["post-19533","post","type-post","status-publish","format-standard","has-post-thumbnail","hentry","category-concurs-perruqueria-i-estetica","category-general","category-portada"],"post_mailing_queue_ids":[],"_links":{"self":[{"href":"https:\/\/projectes.xtec.cat\/pfi\/wp-json\/wp\/v2\/posts\/19533","targetHints":{"allow":["GET"]}}],"collection":[{"href":"https:\/\/projectes.xtec.cat\/pfi\/wp-json\/wp\/v2\/posts"}],"about":[{"href":"https:\/\/projectes.xtec.cat\/pfi\/wp-json\/wp\/v2\/types\/post"}],"author":[{"embeddable":true,"href":"https:\/\/projectes.xtec.cat\/pfi\/wp-json\/wp\/v2\/users\/1"}],"replies":[{"embeddable":true,"href":"https:\/\/projectes.xtec.cat\/pfi\/wp-json\/wp\/v2\/comments?post=19533"}],"version-history":[{"count":3,"href":"https:\/\/projectes.xtec.cat\/pfi\/wp-json\/wp\/v2\/posts\/19533\/revisions"}],"predecessor-version":[{"id":19629,"href":"https:\/\/projectes.xtec.cat\/pfi\/wp-json\/wp\/v2\/posts\/19533\/revisions\/19629"}],"wp:featuredmedia":[{"embeddable":true,"href":"https:\/\/projectes.xtec.cat\/pfi\/wp-json\/wp\/v2\/media\/19590"}],"wp:attachment":[{"href":"https:\/\/projectes.xtec.cat\/pfi\/wp-json\/wp\/v2\/media?parent=19533"}],"wp:term":[{"taxonomy":"category","embeddable":true,"href":"https:\/\/projectes.xtec.cat\/pfi\/wp-json\/wp\/v2\/categories?post=19533"},{"taxonomy":"post_tag","embeddable":true,"href":"https:\/\/projectes.xtec.cat\/pfi\/wp-json\/wp\/v2\/tags?post=19533"}],"curies":[{"name":"wp","href":"https:\/\/api.w.org\/{rel}","templated":true}]}}