{"id":19543,"date":"2025-01-09T11:07:41","date_gmt":"2025-01-09T10:07:41","guid":{"rendered":"https:\/\/projectes.xtec.cat\/pfi\/?p=19543"},"modified":"2025-02-17T15:44:40","modified_gmt":"2025-02-17T14:44:40","slug":"connectat-a-lempresa-sobre-assetjament-laboral-amb-perspectiva-de-genere","status":"publish","type":"post","link":"https:\/\/projectes.xtec.cat\/pfi\/general\/connectat-a-lempresa-sobre-assetjament-laboral-amb-perspectiva-de-genere\/","title":{"rendered":"Connecta&#8217;t a l&#8217;empresa sobre &#8220;Assetjament laboral amb perspectiva de g\u00e8nere&#8221;\u00a0"},"content":{"rendered":"<p style=\"text-align: left;\">El proper dimarts 14 de gener de 10.00 a 11.00h tenim un nou Connecta&#8217;t a l&#8217;empresa sobre &#8220;<b>Assetjament laboral: identificaci\u00f3 i prevenci\u00f3 amb perspectiva de g\u00e8nere&#8221; amb\u00a0 Laura Zalaca\u00edn Gonz\u00e1lez de la Cooperativa Sepra. <\/b><\/p>\n<p><a href=\"https:\/\/projectes.xtec.cat\/pfi\/wp-content\/uploads\/usu1781\/2024\/12\/foto-laura-2.jpg\"><img loading=\"lazy\" decoding=\"async\" class=\"alignnone wp-image-19547\" src=\"https:\/\/projectes.xtec.cat\/pfi\/wp-content\/uploads\/usu1781\/2024\/12\/foto-laura-2-199x300.jpg\" alt=\"\" width=\"166\" height=\"250\" srcset=\"https:\/\/projectes.xtec.cat\/pfi\/wp-content\/uploads\/usu1781\/2024\/12\/foto-laura-2-199x300.jpg 199w, https:\/\/projectes.xtec.cat\/pfi\/wp-content\/uploads\/usu1781\/2024\/12\/foto-laura-2-681x1024.jpg 681w, https:\/\/projectes.xtec.cat\/pfi\/wp-content\/uploads\/usu1781\/2024\/12\/foto-laura-2.jpg 688w\" sizes=\"auto, (max-width: 166px) 100vw, 166px\" \/><\/a><\/p>\n<p>Per inscriure\u2019t\u00a0<a href=\"https:\/\/docs.google.com\/forms\/d\/e\/1FAIpQLSd7es2jmj9Z3V6JctBIu-sgkdG0iY0P2f8KN269oDBtXB4wNw\/viewform\">clica aqu\u00ed<\/a><\/p>\n<p>Per m\u00e9s informaci\u00f3 has d\u2019anar al banc de recursos\u00a0<a href=\"https:\/\/sites.google.com\/xtec.cat\/connectatalempresa\/connectat-a-lempresa\/connexions-en-directe?authuser=0\">Connecta\u2019t a l\u2019empresa<\/a>.<\/p>\n<p>#pfiCAT #SomFP<\/p>\n","protected":false},"excerpt":{"rendered":"<p>El proper dimarts 14 de gener de 10.00 a 11.00h tenim un nou Connecta&#8217;t a l&#8217;empresa sobre &#8220;Assetjament laboral: identificaci\u00f3 i prevenci\u00f3 amb perspectiva de g\u00e8nere&#8221; amb\u00a0 Laura Zalaca\u00edn Gonz\u00e1lez de la Cooperativa Sepra.<br \/>\n<a href=\"https:\/\/projectes.xtec.cat\/pfi\/wp-content\/uploads\/usu1781\/2024\/12\/foto-laura-2.jpg\"><\/a><br \/>\nPer inscriure\u2019t\u00a0<a href=\"https:\/\/docs.google.com\/forms\/d\/e\/1FAIpQLSd7es2jmj9Z3V6JctBIu-sgkdG0iY0P2f8KN269oDBtXB4wNw\/viewform\">clica aqu\u00ed<\/a><br \/>\nPer m\u00e9s informaci\u00f3 has d\u2019anar al banc&hellip;  <a href=\"https:\/\/projectes.xtec.cat\/pfi\/general\/connectat-a-lempresa-sobre-assetjament-laboral-amb-perspectiva-de-genere\/\" title=\"Read Connecta&#8217;t a l&#8217;empresa sobre &#8220;Assetjament laboral amb perspectiva de g\u00e8nere&#8221;\u00a0\">Llegeix m\u00e9s\u00bb<\/a><\/p>\n","protected":false},"author":1,"featured_media":19691,"comment_status":"open","ping_status":"closed","sticky":false,"template":"","format":"standard","meta":{"_bbp_topic_count":0,"_bbp_reply_count":0,"_bbp_total_topic_count":0,"_bbp_total_reply_count":0,"_bbp_voice_count":0,"_bbp_anonymous_reply_count":0,"_bbp_topic_count_hidden":0,"_bbp_reply_count_hidden":0,"_bbp_forum_subforum_count":0,"footnotes":""},"categories":[380,565,1,29],"tags":[],"class_list":["post-19543","post","type-post","status-publish","format-standard","has-post-thumbnail","hentry","category-coed-i-igualtat","category-connectat-a-lempresa","category-general","category-portada"],"post_mailing_queue_ids":[],"_links":{"self":[{"href":"https:\/\/projectes.xtec.cat\/pfi\/wp-json\/wp\/v2\/posts\/19543","targetHints":{"allow":["GET"]}}],"collection":[{"href":"https:\/\/projectes.xtec.cat\/pfi\/wp-json\/wp\/v2\/posts"}],"about":[{"href":"https:\/\/projectes.xtec.cat\/pfi\/wp-json\/wp\/v2\/types\/post"}],"author":[{"embeddable":true,"href":"https:\/\/projectes.xtec.cat\/pfi\/wp-json\/wp\/v2\/users\/1"}],"replies":[{"embeddable":true,"href":"https:\/\/projectes.xtec.cat\/pfi\/wp-json\/wp\/v2\/comments?post=19543"}],"version-history":[{"count":6,"href":"https:\/\/projectes.xtec.cat\/pfi\/wp-json\/wp\/v2\/posts\/19543\/revisions"}],"predecessor-version":[{"id":19686,"href":"https:\/\/projectes.xtec.cat\/pfi\/wp-json\/wp\/v2\/posts\/19543\/revisions\/19686"}],"wp:featuredmedia":[{"embeddable":true,"href":"https:\/\/projectes.xtec.cat\/pfi\/wp-json\/wp\/v2\/media\/19691"}],"wp:attachment":[{"href":"https:\/\/projectes.xtec.cat\/pfi\/wp-json\/wp\/v2\/media?parent=19543"}],"wp:term":[{"taxonomy":"category","embeddable":true,"href":"https:\/\/projectes.xtec.cat\/pfi\/wp-json\/wp\/v2\/categories?post=19543"},{"taxonomy":"post_tag","embeddable":true,"href":"https:\/\/projectes.xtec.cat\/pfi\/wp-json\/wp\/v2\/tags?post=19543"}],"curies":[{"name":"wp","href":"https:\/\/api.w.org\/{rel}","templated":true}]}}