{"id":19582,"date":"2024-12-13T13:20:02","date_gmt":"2024-12-13T12:20:02","guid":{"rendered":"https:\/\/projectes.xtec.cat\/pfi\/?p=19582"},"modified":"2024-12-13T13:20:30","modified_gmt":"2024-12-13T12:20:30","slug":"la-marato-laparador-i-la-decoracio-del-ptt-de-mollerussa","status":"publish","type":"post","link":"https:\/\/projectes.xtec.cat\/pfi\/general\/la-marato-laparador-i-la-decoracio-del-ptt-de-mollerussa\/","title":{"rendered":"La Marat\u00f3, l&#8217;aparador i la decoraci\u00f3 del PTT de Mollerussa"},"content":{"rendered":"<p>Les nostres activitats m\u00e9s TOP del desembre!!<\/p>\n<p>El passat dimecres, coincidint amb el mercat setmanal del poble, vam tenir el goig de muntar una paradeta solid\u00e0ria per recollir donatius per a la Marat\u00f3 de TV3. A canvi de la generositat de la gent, obsequi\u00e0vem amb un clauer o una decoraci\u00f3 per a l\u2019arbre de Nadal, elaborats per nosaltres mateixos.<\/p>\n<p><a href=\"https:\/\/projectes.xtec.cat\/pfi\/wp-content\/uploads\/usu1781\/2024\/12\/Parada-Marato-1.jpg\"><img loading=\"lazy\" decoding=\"async\" class=\" wp-image-19585 aligncenter\" src=\"https:\/\/projectes.xtec.cat\/pfi\/wp-content\/uploads\/usu1781\/2024\/12\/Parada-Marato-1.jpg\" alt=\"\" width=\"524\" height=\"397\" data-wp-editing=\"1\" srcset=\"https:\/\/projectes.xtec.cat\/pfi\/wp-content\/uploads\/usu1781\/2024\/12\/Parada-Marato-1.jpg 924w, https:\/\/projectes.xtec.cat\/pfi\/wp-content\/uploads\/usu1781\/2024\/12\/Parada-Marato-1-300x227.jpg 300w, https:\/\/projectes.xtec.cat\/pfi\/wp-content\/uploads\/usu1781\/2024\/12\/Parada-Marato-1-768x582.jpg 768w\" sizes=\"auto, (max-width: 524px) 100vw, 524px\" \/><\/a><\/p>\n<p>Tamb\u00e9 ens podeu veure a les imatges davant de la botiga per a la qual hem decorat l\u2019aparador de Nadal amb tota la il\u00b7lusi\u00f3 del m\u00f3n.<\/p>\n<p><a href=\"https:\/\/projectes.xtec.cat\/pfi\/wp-content\/uploads\/usu1781\/2024\/12\/Aparador.png\"><img loading=\"lazy\" decoding=\"async\" class=\" wp-image-19586 aligncenter\" src=\"https:\/\/projectes.xtec.cat\/pfi\/wp-content\/uploads\/usu1781\/2024\/12\/Aparador.png\" alt=\"\" width=\"523\" height=\"359\" srcset=\"https:\/\/projectes.xtec.cat\/pfi\/wp-content\/uploads\/usu1781\/2024\/12\/Aparador.png 841w, https:\/\/projectes.xtec.cat\/pfi\/wp-content\/uploads\/usu1781\/2024\/12\/Aparador-300x206.png 300w, https:\/\/projectes.xtec.cat\/pfi\/wp-content\/uploads\/usu1781\/2024\/12\/Aparador-768x527.png 768w\" sizes=\"auto, (max-width: 523px) 100vw, 523px\" \/><\/a><\/p>\n<p>Per acabar, us mostrem l\u2019arbre dels desitjos que hem col\u00b7locat al passad\u00eds de les nostres instal\u00b7lacions. \u00c9s un espai on tots els usuaris poden deixar els seus pensaments i desitjos.<a href=\"https:\/\/projectes.xtec.cat\/pfi\/wp-content\/uploads\/usu1781\/2024\/12\/Desitjos.jpg\"><img loading=\"lazy\" decoding=\"async\" class=\" wp-image-19583 aligncenter\" src=\"https:\/\/projectes.xtec.cat\/pfi\/wp-content\/uploads\/usu1781\/2024\/12\/Desitjos.jpg\" alt=\"\" width=\"504\" height=\"616\" srcset=\"https:\/\/projectes.xtec.cat\/pfi\/wp-content\/uploads\/usu1781\/2024\/12\/Desitjos.jpg 603w, https:\/\/projectes.xtec.cat\/pfi\/wp-content\/uploads\/usu1781\/2024\/12\/Desitjos-245x300.jpg 245w\" sizes=\"auto, (max-width: 504px) 100vw, 504px\" \/><\/a><\/p>\n<p>Gr\u00e0cies per ser part d\u2019aquesta m\u00e0gia!<\/p>\n<p>#pfiCAT #SomFP<\/p>\n","protected":false},"excerpt":{"rendered":"<p>Les nostres activitats m\u00e9s TOP del desembre!!<br \/>\nEl passat dimecres, coincidint amb el mercat setmanal del poble, vam tenir el goig de muntar una paradeta solid\u00e0ria per recollir donatius per a la Marat\u00f3 de TV3. A canvi de la generositat de la gent, obsequi\u00e0vem amb un&hellip;  <a href=\"https:\/\/projectes.xtec.cat\/pfi\/general\/la-marato-laparador-i-la-decoracio-del-ptt-de-mollerussa\/\" title=\"Read La Marat\u00f3, l&#8217;aparador i la decoraci\u00f3 del PTT de Mollerussa\">Llegeix m\u00e9s\u00bb<\/a><\/p>\n","protected":false},"author":166,"featured_media":19586,"comment_status":"open","ping_status":"closed","sticky":false,"template":"","format":"standard","meta":{"_bbp_topic_count":0,"_bbp_reply_count":0,"_bbp_total_topic_count":0,"_bbp_total_reply_count":0,"_bbp_voice_count":0,"_bbp_anonymous_reply_count":0,"_bbp_topic_count_hidden":0,"_bbp_reply_count_hidden":0,"_bbp_forum_subforum_count":0,"footnotes":""},"categories":[1,382,29],"tags":[],"class_list":["post-19582","post","type-post","status-publish","format-standard","has-post-thumbnail","hentry","category-general","category-microprojectes","category-portada"],"post_mailing_queue_ids":[],"_links":{"self":[{"href":"https:\/\/projectes.xtec.cat\/pfi\/wp-json\/wp\/v2\/posts\/19582","targetHints":{"allow":["GET"]}}],"collection":[{"href":"https:\/\/projectes.xtec.cat\/pfi\/wp-json\/wp\/v2\/posts"}],"about":[{"href":"https:\/\/projectes.xtec.cat\/pfi\/wp-json\/wp\/v2\/types\/post"}],"author":[{"embeddable":true,"href":"https:\/\/projectes.xtec.cat\/pfi\/wp-json\/wp\/v2\/users\/166"}],"replies":[{"embeddable":true,"href":"https:\/\/projectes.xtec.cat\/pfi\/wp-json\/wp\/v2\/comments?post=19582"}],"version-history":[{"count":3,"href":"https:\/\/projectes.xtec.cat\/pfi\/wp-json\/wp\/v2\/posts\/19582\/revisions"}],"predecessor-version":[{"id":19589,"href":"https:\/\/projectes.xtec.cat\/pfi\/wp-json\/wp\/v2\/posts\/19582\/revisions\/19589"}],"wp:featuredmedia":[{"embeddable":true,"href":"https:\/\/projectes.xtec.cat\/pfi\/wp-json\/wp\/v2\/media\/19586"}],"wp:attachment":[{"href":"https:\/\/projectes.xtec.cat\/pfi\/wp-json\/wp\/v2\/media?parent=19582"}],"wp:term":[{"taxonomy":"category","embeddable":true,"href":"https:\/\/projectes.xtec.cat\/pfi\/wp-json\/wp\/v2\/categories?post=19582"},{"taxonomy":"post_tag","embeddable":true,"href":"https:\/\/projectes.xtec.cat\/pfi\/wp-json\/wp\/v2\/tags?post=19582"}],"curies":[{"name":"wp","href":"https:\/\/api.w.org\/{rel}","templated":true}]}}