{"id":19725,"date":"2025-01-20T12:38:53","date_gmt":"2025-01-20T11:38:53","guid":{"rendered":"https:\/\/projectes.xtec.cat\/pfi\/?p=19725"},"modified":"2025-01-20T15:56:08","modified_gmt":"2025-01-20T14:56:08","slug":"campanya-efecto-mil-per-al-bon-us-xarxes-socials","status":"publish","type":"post","link":"https:\/\/projectes.xtec.cat\/pfi\/portada\/campanya-efecto-mil-per-al-bon-us-xarxes-socials\/","title":{"rendered":"Campanya Efecto Mil per al bon \u00fas xarxes socials"},"content":{"rendered":"<p style=\"font-weight: 400;\">La Fundaci\u00f3 Atresmedia ha llen\u00e7at la campanya \u201c<a href=\"https:\/\/efectomil.org\/\" data-saferedirecturl=\"https:\/\/www.google.com\/url?q=https:\/\/efectomil.org\/&amp;source=gmail&amp;ust=1737458192040000&amp;usg=AOvVaw1dVCuHEYDYrZ2yegSnmxxi\">Efecto Mil<\/a>\u201d que s&#8217;adre\u00e7a a joves d&#8217;entre 16 a 25 anys per impulsar el bon \u00fas de les xarxes socials.<\/p>\n<p>La participaci\u00f3 consistir\u00e0 a la realitzaci\u00f3 d&#8217;un v\u00eddeo de menys d&#8217;1 minut per a Instagram o Tik Tok on els joves, mitjan\u00e7ant la seva creativitat i talent, tindran el repte de sensibilitzar envers els riscos i oportunitats dels entorns digitals a trav\u00e9s d&#8217;alguna de les tem\u00e0tiques seg\u00fcents: perills dels reptes virals, ciberassetjament, els discursos de l&#8217;odi, la detecci\u00f3 de <em>fake news <\/em>i l&#8217;addicci\u00f3 a les xarxes socials.<\/p>\n<p><a href=\"https:\/\/drive.google.com\/drive\/folders\/1oig9SoByPRRD1beFAlfAJlf9wsHwC-Yw?usp=drive_link\"><em>Kit<\/em> de difusi\u00f3 amb materials de la campanya<\/a>\u00a0(presentaci\u00f3 de la iniciativa, cartell, creativitat per a les xarxes socials)<\/p>\n<p>Convocat\u00f2ria: fins el 28 de febrer a les 14h.<\/p>\n<p><a href=\"https:\/\/projectes.xtec.cat\/pfi\/wp-content\/uploads\/usu1781\/2025\/01\/Efecto-MIL.jpg\"><img loading=\"lazy\" decoding=\"async\" class=\"alignnone size-medium wp-image-19727\" src=\"https:\/\/projectes.xtec.cat\/pfi\/wp-content\/uploads\/usu1781\/2025\/01\/Efecto-MIL-300x153.jpg\" alt=\"\" width=\"300\" height=\"153\" srcset=\"https:\/\/projectes.xtec.cat\/pfi\/wp-content\/uploads\/usu1781\/2025\/01\/Efecto-MIL-300x153.jpg 300w, https:\/\/projectes.xtec.cat\/pfi\/wp-content\/uploads\/usu1781\/2025\/01\/Efecto-MIL-768x393.jpg 768w, https:\/\/projectes.xtec.cat\/pfi\/wp-content\/uploads\/usu1781\/2025\/01\/Efecto-MIL.jpg 882w\" sizes=\"auto, (max-width: 300px) 100vw, 300px\" \/><\/a><\/p>\n<p>#pfiCAT #impulsFP<\/p>\n","protected":false},"excerpt":{"rendered":"<p>La Fundaci\u00f3 Atresmedia ha llen\u00e7at la campanya \u201c<a href=\"https:\/\/efectomil.org\/\" data-saferedirecturl=\"https:\/\/www.google.com\/url?q=https:\/\/efectomil.org\/&amp;source=gmail&amp;ust=1737458192040000&amp;usg=AOvVaw1dVCuHEYDYrZ2yegSnmxxi\">Efecto Mil<\/a>\u201d que s&#8217;adre\u00e7a a joves d&#8217;entre 16 a 25 anys per impulsar el bon \u00fas de les xarxes socials.<br \/>\nLa participaci\u00f3 consistir\u00e0 a la realitzaci\u00f3 d&#8217;un v\u00eddeo de menys d&#8217;1 minut per a Instagram o Tik&hellip;  <a href=\"https:\/\/projectes.xtec.cat\/pfi\/portada\/campanya-efecto-mil-per-al-bon-us-xarxes-socials\/\" title=\"Read Campanya Efecto Mil per al bon \u00fas xarxes socials\">Llegeix m\u00e9s\u00bb<\/a><\/p>\n","protected":false},"author":1,"featured_media":19727,"comment_status":"open","ping_status":"closed","sticky":false,"template":"","format":"standard","meta":{"_bbp_topic_count":0,"_bbp_reply_count":0,"_bbp_total_topic_count":0,"_bbp_total_reply_count":0,"_bbp_voice_count":0,"_bbp_anonymous_reply_count":0,"_bbp_topic_count_hidden":0,"_bbp_reply_count_hidden":0,"_bbp_forum_subforum_count":0,"footnotes":""},"categories":[29],"tags":[646,404,647,488],"class_list":["post-19725","post","type-post","status-publish","format-standard","has-post-thumbnail","hentry","category-portada","tag-atresmedia","tag-creativitat","tag-efecto-mil","tag-xarxes-socials"],"post_mailing_queue_ids":[],"_links":{"self":[{"href":"https:\/\/projectes.xtec.cat\/pfi\/wp-json\/wp\/v2\/posts\/19725","targetHints":{"allow":["GET"]}}],"collection":[{"href":"https:\/\/projectes.xtec.cat\/pfi\/wp-json\/wp\/v2\/posts"}],"about":[{"href":"https:\/\/projectes.xtec.cat\/pfi\/wp-json\/wp\/v2\/types\/post"}],"author":[{"embeddable":true,"href":"https:\/\/projectes.xtec.cat\/pfi\/wp-json\/wp\/v2\/users\/1"}],"replies":[{"embeddable":true,"href":"https:\/\/projectes.xtec.cat\/pfi\/wp-json\/wp\/v2\/comments?post=19725"}],"version-history":[{"count":4,"href":"https:\/\/projectes.xtec.cat\/pfi\/wp-json\/wp\/v2\/posts\/19725\/revisions"}],"predecessor-version":[{"id":19733,"href":"https:\/\/projectes.xtec.cat\/pfi\/wp-json\/wp\/v2\/posts\/19725\/revisions\/19733"}],"wp:featuredmedia":[{"embeddable":true,"href":"https:\/\/projectes.xtec.cat\/pfi\/wp-json\/wp\/v2\/media\/19727"}],"wp:attachment":[{"href":"https:\/\/projectes.xtec.cat\/pfi\/wp-json\/wp\/v2\/media?parent=19725"}],"wp:term":[{"taxonomy":"category","embeddable":true,"href":"https:\/\/projectes.xtec.cat\/pfi\/wp-json\/wp\/v2\/categories?post=19725"},{"taxonomy":"post_tag","embeddable":true,"href":"https:\/\/projectes.xtec.cat\/pfi\/wp-json\/wp\/v2\/tags?post=19725"}],"curies":[{"name":"wp","href":"https:\/\/api.w.org\/{rel}","templated":true}]}}