{"id":19779,"date":"2025-01-30T12:00:10","date_gmt":"2025-01-30T11:00:10","guid":{"rendered":"https:\/\/projectes.xtec.cat\/pfi\/?p=19779"},"modified":"2025-01-30T12:02:42","modified_gmt":"2025-01-30T11:02:42","slug":"prova-graduat-en-educacio-secundaria-obligatoria-alumnes-que-no-lhan-obtingut-en-finalitzar-letapa","status":"publish","type":"post","link":"https:\/\/projectes.xtec.cat\/pfi\/portada\/prova-graduat-en-educacio-secundaria-obligatoria-alumnes-que-no-lhan-obtingut-en-finalitzar-letapa\/","title":{"rendered":"Prova Graduat en Educaci\u00f3 Secund\u00e0ria Obligat\u00f2ria"},"content":{"rendered":"<p>S&#8217;ha convocat la <a href=\"https:\/\/educacio.gencat.cat\/ca\/serveis-tramits\/proves\/proves-lliures-obtencio-titols\/obtencio-titol-eso\/\">prova per a l&#8217;obtenci\u00f3 del t\u00edtol de graduat o graduada en educaci\u00f3 secund\u00e0ria obligat\u00f2ria (GESO)<\/a> per als alumnes que no l&#8217;hagin obtingut en finalitzar l&#8217;etapa. Per poder-s\u2019hi presentar l\u2019alumne o alumna ha d\u2019haver finalitzat l\u2019etapa durant un dels dos cursos anteriors al qual es presenti a la prova.<\/p>\n<p><strong>Novetats<\/strong><br \/>\n&#8211; No es determina un nombre espec\u00edfic de mat\u00e8ries amb avaluaci\u00f3 negativa per poder presentar-s\u2019hi.<br \/>\n&#8211; S\u2019amplien les situacions en qu\u00e8 l\u2019alumnat pot sol\u00b7licitar la participaci\u00f3 en la prova.<br \/>\n&#8211; La prova ha de consistir en activitats d&#8217;avaluaci\u00f3 que permetin comprovar l&#8217;assoliment de les compet\u00e8ncies de l&#8217;educaci\u00f3 secund\u00e0ria obligat\u00f2ria.<br \/>\n&#8211; Per als alumnes amb pla de suport individualitzat es prenen com a referents les compet\u00e8ncies establertes en el seu pla.<\/p>\n<p><strong style=\"font-family: inherit; font-size: 1em;\">Sol\u00b7licituds<\/strong><\/p>\n<ul>\n<li>Entre el 3 i el 14 de febrer de 2025 i s&#8217;ha de presentar a la secretaria del centre on la persona sol\u00b7licitant va estar matriculada de quart d&#8217;ESO per \u00faltima vegada.<\/li>\n<\/ul>\n<p>M\u00e9s informaci\u00f3 al seg\u00fcent <a href=\"https:\/\/educacio.gencat.cat\/ca\/serveis-tramits\/proves\/proves-lliures-obtencio-titols\/obtencio-titol-eso\/\">enlla\u00e7<\/a><\/p>\n<p>#pfiCAT #ImpulsFP<\/p>\n","protected":false},"excerpt":{"rendered":"<p>S&#8217;ha convocat la <a href=\"https:\/\/educacio.gencat.cat\/ca\/serveis-tramits\/proves\/proves-lliures-obtencio-titols\/obtencio-titol-eso\/\">prova per a l&#8217;obtenci\u00f3 del t\u00edtol de graduat o graduada en educaci\u00f3 secund\u00e0ria obligat\u00f2ria (GESO)<\/a> per als alumnes que no l&#8217;hagin obtingut en finalitzar l&#8217;etapa. Per poder-s\u2019hi presentar l\u2019alumne o alumna ha d\u2019haver finalitzat l\u2019etapa durant un dels dos cursos anteriors&hellip;  <a href=\"https:\/\/projectes.xtec.cat\/pfi\/portada\/prova-graduat-en-educacio-secundaria-obligatoria-alumnes-que-no-lhan-obtingut-en-finalitzar-letapa\/\" title=\"Read Prova Graduat en Educaci\u00f3 Secund\u00e0ria Obligat\u00f2ria\">Llegeix m\u00e9s\u00bb<\/a><\/p>\n","protected":false},"author":1,"featured_media":0,"comment_status":"open","ping_status":"closed","sticky":false,"template":"","format":"standard","meta":{"_bbp_topic_count":0,"_bbp_reply_count":0,"_bbp_total_topic_count":0,"_bbp_total_reply_count":0,"_bbp_voice_count":0,"_bbp_anonymous_reply_count":0,"_bbp_topic_count_hidden":0,"_bbp_reply_count_hidden":0,"_bbp_forum_subforum_count":0,"footnotes":""},"categories":[287,29],"tags":[654,321],"class_list":["post-19779","post","type-post","status-publish","format-standard","hentry","category-comunicats","category-portada","tag-geso","tag-proves-acces"],"post_mailing_queue_ids":[],"_links":{"self":[{"href":"https:\/\/projectes.xtec.cat\/pfi\/wp-json\/wp\/v2\/posts\/19779","targetHints":{"allow":["GET"]}}],"collection":[{"href":"https:\/\/projectes.xtec.cat\/pfi\/wp-json\/wp\/v2\/posts"}],"about":[{"href":"https:\/\/projectes.xtec.cat\/pfi\/wp-json\/wp\/v2\/types\/post"}],"author":[{"embeddable":true,"href":"https:\/\/projectes.xtec.cat\/pfi\/wp-json\/wp\/v2\/users\/1"}],"replies":[{"embeddable":true,"href":"https:\/\/projectes.xtec.cat\/pfi\/wp-json\/wp\/v2\/comments?post=19779"}],"version-history":[{"count":3,"href":"https:\/\/projectes.xtec.cat\/pfi\/wp-json\/wp\/v2\/posts\/19779\/revisions"}],"predecessor-version":[{"id":19782,"href":"https:\/\/projectes.xtec.cat\/pfi\/wp-json\/wp\/v2\/posts\/19779\/revisions\/19782"}],"wp:attachment":[{"href":"https:\/\/projectes.xtec.cat\/pfi\/wp-json\/wp\/v2\/media?parent=19779"}],"wp:term":[{"taxonomy":"category","embeddable":true,"href":"https:\/\/projectes.xtec.cat\/pfi\/wp-json\/wp\/v2\/categories?post=19779"},{"taxonomy":"post_tag","embeddable":true,"href":"https:\/\/projectes.xtec.cat\/pfi\/wp-json\/wp\/v2\/tags?post=19779"}],"curies":[{"name":"wp","href":"https:\/\/api.w.org\/{rel}","templated":true}]}}