{"id":19851,"date":"2025-02-04T09:06:30","date_gmt":"2025-02-04T08:06:30","guid":{"rendered":"https:\/\/projectes.xtec.cat\/pfi\/?p=19851"},"modified":"2025-02-06T09:49:25","modified_gmt":"2025-02-06T08:49:25","slug":"connectat-a-lempresa-com-preparar-una-entrevista-de-feina","status":"publish","type":"post","link":"https:\/\/projectes.xtec.cat\/pfi\/general\/connectat-a-lempresa-com-preparar-una-entrevista-de-feina\/","title":{"rendered":"Connecta&#8217;t a l&#8217;empresa: Com preparar una entrevista de feina"},"content":{"rendered":"<p>Dem\u00e0, dimecres 5 de febrer de 10.00 a 11.00h tindr\u00e0 lloc una nova connexi\u00f3 en directe. La Montserrat Medina, responsable de persones de Formatges Montbr\u00fa, ens parlar\u00e0 de <strong>Com preparar una entrevista de feina.<\/strong><\/p>\n<p>El tema a tractar ser\u00e0 la tipologia d&#8217;entrevistes i recomanacions per fer-les amb \u00e8xit!!<\/p>\n<p>Per inscriure&#8217;t <a href=\"https:\/\/docs.google.com\/forms\/d\/e\/1FAIpQLSczCOu9kHuImO3qwVdHP-kVdgmekr_MrvuaIinpKGyOgG_97w\/viewform?usp=sharing\">clica aqu\u00ed<\/a><\/p>\n<p>Banc de recursos <a href=\"https:\/\/sites.google.com\/xtec.cat\/connectatalempresa\/connectat-a-lempresa\/connexions-en-directe?authuser=0\" target=\"_blank\" rel=\"noopener noreferrer\" data-saferedirecturl=\"https:\/\/www.google.com\/url?q=https:\/\/sites.google.com\/xtec.cat\/connectatalempresa\/connectat-a-lempresa\/connexions-en-directe?authuser%3D0&amp;source=gmail&amp;ust=1617881054386000&amp;usg=AFQjCNGEfeCLpKDmssfttxqNDxaT_JPY0A\">Connecta\u2019t a l\u2019empresa<\/a>.<\/p>\n<p>#pfiCAT #impulsFP<\/p>\n","protected":false},"excerpt":{"rendered":"<p>Dem\u00e0, dimecres 5 de febrer de 10.00 a 11.00h tindr\u00e0 lloc una nova connexi\u00f3 en directe. La Montserrat Medina, responsable de persones de Formatges Montbr\u00fa, ens parlar\u00e0 de Com preparar una entrevista de feina.<br \/>\nEl tema a tractar ser\u00e0 la tipologia d&#8217;entrevistes i recomanacions per fer-les&hellip;  <a href=\"https:\/\/projectes.xtec.cat\/pfi\/general\/connectat-a-lempresa-com-preparar-una-entrevista-de-feina\/\" title=\"Read Connecta&#8217;t a l&#8217;empresa: Com preparar una entrevista de feina\">Llegeix m\u00e9s\u00bb<\/a><\/p>\n","protected":false},"author":1,"featured_media":19853,"comment_status":"open","ping_status":"closed","sticky":false,"template":"","format":"standard","meta":{"_bbp_topic_count":0,"_bbp_reply_count":0,"_bbp_total_topic_count":0,"_bbp_total_reply_count":0,"_bbp_voice_count":0,"_bbp_anonymous_reply_count":0,"_bbp_topic_count_hidden":0,"_bbp_reply_count_hidden":0,"_bbp_forum_subforum_count":0,"footnotes":""},"categories":[565,1,29],"tags":[],"class_list":["post-19851","post","type-post","status-publish","format-standard","has-post-thumbnail","hentry","category-connectat-a-lempresa","category-general","category-portada"],"post_mailing_queue_ids":[],"_links":{"self":[{"href":"https:\/\/projectes.xtec.cat\/pfi\/wp-json\/wp\/v2\/posts\/19851","targetHints":{"allow":["GET"]}}],"collection":[{"href":"https:\/\/projectes.xtec.cat\/pfi\/wp-json\/wp\/v2\/posts"}],"about":[{"href":"https:\/\/projectes.xtec.cat\/pfi\/wp-json\/wp\/v2\/types\/post"}],"author":[{"embeddable":true,"href":"https:\/\/projectes.xtec.cat\/pfi\/wp-json\/wp\/v2\/users\/1"}],"replies":[{"embeddable":true,"href":"https:\/\/projectes.xtec.cat\/pfi\/wp-json\/wp\/v2\/comments?post=19851"}],"version-history":[{"count":2,"href":"https:\/\/projectes.xtec.cat\/pfi\/wp-json\/wp\/v2\/posts\/19851\/revisions"}],"predecessor-version":[{"id":19893,"href":"https:\/\/projectes.xtec.cat\/pfi\/wp-json\/wp\/v2\/posts\/19851\/revisions\/19893"}],"wp:featuredmedia":[{"embeddable":true,"href":"https:\/\/projectes.xtec.cat\/pfi\/wp-json\/wp\/v2\/media\/19853"}],"wp:attachment":[{"href":"https:\/\/projectes.xtec.cat\/pfi\/wp-json\/wp\/v2\/media?parent=19851"}],"wp:term":[{"taxonomy":"category","embeddable":true,"href":"https:\/\/projectes.xtec.cat\/pfi\/wp-json\/wp\/v2\/categories?post=19851"},{"taxonomy":"post_tag","embeddable":true,"href":"https:\/\/projectes.xtec.cat\/pfi\/wp-json\/wp\/v2\/tags?post=19851"}],"curies":[{"name":"wp","href":"https:\/\/api.w.org\/{rel}","templated":true}]}}