{"id":19866,"date":"2025-02-12T09:40:19","date_gmt":"2025-02-12T08:40:19","guid":{"rendered":"https:\/\/projectes.xtec.cat\/pfi\/?p=19866"},"modified":"2025-02-10T09:49:20","modified_gmt":"2025-02-10T08:49:20","slug":"connectat-a-lempresa-ciencia-per-fer-front-al-canvi-climatic","status":"publish","type":"post","link":"https:\/\/projectes.xtec.cat\/pfi\/general\/connectat-a-lempresa-ciencia-per-fer-front-al-canvi-climatic\/","title":{"rendered":"Connecta\u2019t a l\u2019empresa: Ci\u00e8ncia per fer front al canvi clim\u00e0tic"},"content":{"rendered":"<p>El dimarts 25 de febrer de 10 a 11h tindr\u00e0 lloc una nova connexi\u00f3 en directe. Gl\u00f2ria Villalba, enginyera agr\u00f2noma i responsable de l&#8217;\u00e0rea de creixement de plantes i cultiu in vitro del CRAG (Centre de Recerca en Agrigen\u00f2mica), ens parlar\u00e0 sobre &#8220;<strong>La resposta de la ci\u00e8ncia per fer front al canvi clim\u00e0tic&#8221;<\/strong><\/p>\n<p>Al llarg de la sessi\u00f3 es tractaran els nous reptes que afronta la producci\u00f3 agr\u00e0ria per adaptar-se al canvi clim\u00e0tic i al creixement demogr\u00e0fic (adaptaci\u00f3 de cultius, aprofitament de recursos etc.) i com la ci\u00e8ncia est\u00e0 fomentant la sostenibilitat per adaptar-nos millor a aquests canvis.<\/p>\n<p>Per inscriure\u2019t\u00a0clica <a href=\"https:\/\/docs.google.com\/forms\/d\/e\/1FAIpQLSdo_zQVxdSd6NG36rCYQx8G_ToEgyWfF2eGwfooiO55CDp_lQ\/viewform\">aqu\u00ed<\/a><\/p>\n<p>Banc de recursos\u00a0<a href=\"https:\/\/sites.google.com\/xtec.cat\/connectatalempresa\/connectat-a-lempresa\/connexions-en-directe?authuser=0\" target=\"_blank\" rel=\"noopener noreferrer\" data-saferedirecturl=\"https:\/\/www.google.com\/url?q=https:\/\/sites.google.com\/xtec.cat\/connectatalempresa\/connectat-a-lempresa\/connexions-en-directe?authuser%3D0&amp;source=gmail&amp;ust=1617881054386000&amp;usg=AFQjCNGEfeCLpKDmssfttxqNDxaT_JPY0A\">Connecta\u2019t a l\u2019empresa<\/a>.<\/p>\n<p>#pfiCAT #impulsFP<\/p>\n","protected":false},"excerpt":{"rendered":"<p>El dimarts 25 de febrer de 10 a 11h tindr\u00e0 lloc una nova connexi\u00f3 en directe. Gl\u00f2ria Villalba, enginyera agr\u00f2noma i responsable de l&#8217;\u00e0rea de creixement de plantes i cultiu in vitro del CRAG (Centre de Recerca en Agrigen\u00f2mica), ens parlar\u00e0 sobre &#8220;La resposta de&hellip;  <a href=\"https:\/\/projectes.xtec.cat\/pfi\/general\/connectat-a-lempresa-ciencia-per-fer-front-al-canvi-climatic\/\" title=\"Read Connecta\u2019t a l\u2019empresa: Ci\u00e8ncia per fer front al canvi clim\u00e0tic\">Llegeix m\u00e9s\u00bb<\/a><\/p>\n","protected":false},"author":1,"featured_media":19897,"comment_status":"open","ping_status":"closed","sticky":false,"template":"","format":"standard","meta":{"_bbp_topic_count":0,"_bbp_reply_count":0,"_bbp_total_topic_count":0,"_bbp_total_reply_count":0,"_bbp_voice_count":0,"_bbp_anonymous_reply_count":0,"_bbp_topic_count_hidden":0,"_bbp_reply_count_hidden":0,"_bbp_forum_subforum_count":0,"footnotes":""},"categories":[565,1,29],"tags":[655,403,473,428],"class_list":["post-19866","post","type-post","status-publish","format-standard","has-post-thumbnail","hentry","category-connectat-a-lempresa","category-general","category-portada","tag-agraria","tag-ciencia","tag-connectat","tag-sostenibilitat"],"post_mailing_queue_ids":[],"_links":{"self":[{"href":"https:\/\/projectes.xtec.cat\/pfi\/wp-json\/wp\/v2\/posts\/19866","targetHints":{"allow":["GET"]}}],"collection":[{"href":"https:\/\/projectes.xtec.cat\/pfi\/wp-json\/wp\/v2\/posts"}],"about":[{"href":"https:\/\/projectes.xtec.cat\/pfi\/wp-json\/wp\/v2\/types\/post"}],"author":[{"embeddable":true,"href":"https:\/\/projectes.xtec.cat\/pfi\/wp-json\/wp\/v2\/users\/1"}],"replies":[{"embeddable":true,"href":"https:\/\/projectes.xtec.cat\/pfi\/wp-json\/wp\/v2\/comments?post=19866"}],"version-history":[{"count":5,"href":"https:\/\/projectes.xtec.cat\/pfi\/wp-json\/wp\/v2\/posts\/19866\/revisions"}],"predecessor-version":[{"id":19899,"href":"https:\/\/projectes.xtec.cat\/pfi\/wp-json\/wp\/v2\/posts\/19866\/revisions\/19899"}],"wp:featuredmedia":[{"embeddable":true,"href":"https:\/\/projectes.xtec.cat\/pfi\/wp-json\/wp\/v2\/media\/19897"}],"wp:attachment":[{"href":"https:\/\/projectes.xtec.cat\/pfi\/wp-json\/wp\/v2\/media?parent=19866"}],"wp:term":[{"taxonomy":"category","embeddable":true,"href":"https:\/\/projectes.xtec.cat\/pfi\/wp-json\/wp\/v2\/categories?post=19866"},{"taxonomy":"post_tag","embeddable":true,"href":"https:\/\/projectes.xtec.cat\/pfi\/wp-json\/wp\/v2\/tags?post=19866"}],"curies":[{"name":"wp","href":"https:\/\/api.w.org\/{rel}","templated":true}]}}