{"id":19886,"date":"2025-02-11T09:29:45","date_gmt":"2025-02-11T08:29:45","guid":{"rendered":"https:\/\/projectes.xtec.cat\/pfi\/?p=19886"},"modified":"2025-02-11T09:30:36","modified_gmt":"2025-02-11T08:30:36","slug":"formacio-sobre-forns-rational-i-ivario-per-a-lalumnat-del-pfi-ptt-de-serveis-de-restauracio-i-cuina","status":"publish","type":"post","link":"https:\/\/projectes.xtec.cat\/pfi\/general\/formacio-sobre-forns-rational-i-ivario-per-a-lalumnat-del-pfi-ptt-de-serveis-de-restauracio-i-cuina\/","title":{"rendered":"Formaci\u00f3 sobre forns Rational i Ivario al PFI Dertosa"},"content":{"rendered":"<p>Avui, 5 de febrer, l&#8217;alumnat del PFI-PTT d&#8217;Auxiliar en Serveis de Restauraci\u00f3 i Cuina del centre Dertosa ha participat en una formaci\u00f3 pr\u00e0ctica sobre els forns Rational i Ivario, impartida pel professional Erik Gamez. Durant la sessi\u00f3, els estudiants han pogut con\u00e8ixer de primera m\u00e0 les caracter\u00edstiques i avantatges d&#8217;aquests equips d&#8217;alta gamma, essencials per a la cuina moderna. Gamez ha compartit les seves experi\u00e8ncies i coneixements sobre com optimitzar els recursos i gestionar el temps a la cuina utilitzant aquests forns. Aquesta formaci\u00f3 ha estat una oportunitat valuosa per als futurs professionals per millorar les seves compet\u00e8ncies en el sector de la restauraci\u00f3.<\/p>\n<p><a href=\"https:\/\/projectes.xtec.cat\/pfi\/wp-content\/uploads\/usu1781\/2025\/02\/IMG_6124.jpg\"><img loading=\"lazy\" decoding=\"async\" class=\"alignnone size-full wp-image-19887\" src=\"https:\/\/projectes.xtec.cat\/pfi\/wp-content\/uploads\/usu1781\/2025\/02\/IMG_6124.jpg\" alt=\"\" width=\"828\" height=\"472\" srcset=\"https:\/\/projectes.xtec.cat\/pfi\/wp-content\/uploads\/usu1781\/2025\/02\/IMG_6124.jpg 828w, https:\/\/projectes.xtec.cat\/pfi\/wp-content\/uploads\/usu1781\/2025\/02\/IMG_6124-300x171.jpg 300w, https:\/\/projectes.xtec.cat\/pfi\/wp-content\/uploads\/usu1781\/2025\/02\/IMG_6124-768x438.jpg 768w\" sizes=\"auto, (max-width: 828px) 100vw, 828px\" \/><\/a> <a href=\"https:\/\/projectes.xtec.cat\/pfi\/wp-content\/uploads\/usu1781\/2025\/02\/IMG_6125.jpg\"><img loading=\"lazy\" decoding=\"async\" class=\"alignnone size-large wp-image-19888\" src=\"https:\/\/projectes.xtec.cat\/pfi\/wp-content\/uploads\/usu1781\/2025\/02\/IMG_6125.jpg\" alt=\"\" width=\"828\" height=\"458\" srcset=\"https:\/\/projectes.xtec.cat\/pfi\/wp-content\/uploads\/usu1781\/2025\/02\/IMG_6125.jpg 828w, https:\/\/projectes.xtec.cat\/pfi\/wp-content\/uploads\/usu1781\/2025\/02\/IMG_6125-300x166.jpg 300w, https:\/\/projectes.xtec.cat\/pfi\/wp-content\/uploads\/usu1781\/2025\/02\/IMG_6125-768x425.jpg 768w\" sizes=\"auto, (max-width: 828px) 100vw, 828px\" \/><\/a> \u00a0<a href=\"https:\/\/projectes.xtec.cat\/pfi\/wp-content\/uploads\/usu1781\/2025\/02\/rat.jpg\"><img loading=\"lazy\" decoding=\"async\" class=\"alignnone size-large wp-image-19890\" src=\"https:\/\/projectes.xtec.cat\/pfi\/wp-content\/uploads\/usu1781\/2025\/02\/rat.jpg\" alt=\"\" width=\"924\" height=\"690\" srcset=\"https:\/\/projectes.xtec.cat\/pfi\/wp-content\/uploads\/usu1781\/2025\/02\/rat.jpg 924w, https:\/\/projectes.xtec.cat\/pfi\/wp-content\/uploads\/usu1781\/2025\/02\/rat-300x224.jpg 300w, https:\/\/projectes.xtec.cat\/pfi\/wp-content\/uploads\/usu1781\/2025\/02\/rat-768x574.jpg 768w, https:\/\/projectes.xtec.cat\/pfi\/wp-content\/uploads\/usu1781\/2025\/02\/rat-200x150.jpg 200w\" sizes=\"auto, (max-width: 924px) 100vw, 924px\" \/><\/a><\/p>\n","protected":false},"excerpt":{"rendered":"<p>Avui, 5 de febrer, l&#8217;alumnat del PFI-PTT d&#8217;Auxiliar en Serveis de Restauraci\u00f3 i Cuina del centre Dertosa ha participat en una formaci\u00f3 pr\u00e0ctica sobre els forns Rational i Ivario, impartida pel professional Erik Gamez. Durant la sessi\u00f3, els estudiants han pogut con\u00e8ixer de primera m\u00e0&hellip;  <a href=\"https:\/\/projectes.xtec.cat\/pfi\/general\/formacio-sobre-forns-rational-i-ivario-per-a-lalumnat-del-pfi-ptt-de-serveis-de-restauracio-i-cuina\/\" title=\"Read Formaci\u00f3 sobre forns Rational i Ivario al PFI Dertosa\">Llegeix m\u00e9s\u00bb<\/a><\/p>\n","protected":false},"author":24,"featured_media":19889,"comment_status":"open","ping_status":"closed","sticky":false,"template":"","format":"standard","meta":{"_bbp_topic_count":0,"_bbp_reply_count":0,"_bbp_total_topic_count":0,"_bbp_total_reply_count":0,"_bbp_voice_count":0,"_bbp_anonymous_reply_count":0,"_bbp_topic_count_hidden":0,"_bbp_reply_count_hidden":0,"_bbp_forum_subforum_count":0,"footnotes":""},"categories":[1,436,29],"tags":[],"class_list":["post-19886","post","type-post","status-publish","format-standard","has-post-thumbnail","hentry","category-general","category-intercanvi-experiencies","category-portada"],"post_mailing_queue_ids":[],"_links":{"self":[{"href":"https:\/\/projectes.xtec.cat\/pfi\/wp-json\/wp\/v2\/posts\/19886","targetHints":{"allow":["GET"]}}],"collection":[{"href":"https:\/\/projectes.xtec.cat\/pfi\/wp-json\/wp\/v2\/posts"}],"about":[{"href":"https:\/\/projectes.xtec.cat\/pfi\/wp-json\/wp\/v2\/types\/post"}],"author":[{"embeddable":true,"href":"https:\/\/projectes.xtec.cat\/pfi\/wp-json\/wp\/v2\/users\/24"}],"replies":[{"embeddable":true,"href":"https:\/\/projectes.xtec.cat\/pfi\/wp-json\/wp\/v2\/comments?post=19886"}],"version-history":[{"count":4,"href":"https:\/\/projectes.xtec.cat\/pfi\/wp-json\/wp\/v2\/posts\/19886\/revisions"}],"predecessor-version":[{"id":19902,"href":"https:\/\/projectes.xtec.cat\/pfi\/wp-json\/wp\/v2\/posts\/19886\/revisions\/19902"}],"wp:featuredmedia":[{"embeddable":true,"href":"https:\/\/projectes.xtec.cat\/pfi\/wp-json\/wp\/v2\/media\/19889"}],"wp:attachment":[{"href":"https:\/\/projectes.xtec.cat\/pfi\/wp-json\/wp\/v2\/media?parent=19886"}],"wp:term":[{"taxonomy":"category","embeddable":true,"href":"https:\/\/projectes.xtec.cat\/pfi\/wp-json\/wp\/v2\/categories?post=19886"},{"taxonomy":"post_tag","embeddable":true,"href":"https:\/\/projectes.xtec.cat\/pfi\/wp-json\/wp\/v2\/tags?post=19886"}],"curies":[{"name":"wp","href":"https:\/\/api.w.org\/{rel}","templated":true}]}}