{"id":19903,"date":"2025-02-17T17:08:55","date_gmt":"2025-02-17T16:08:55","guid":{"rendered":"https:\/\/projectes.xtec.cat\/pfi\/?p=19903"},"modified":"2025-02-17T17:08:55","modified_gmt":"2025-02-17T16:08:55","slug":"taller-de-cafes-amb-eee-maregassa","status":"publish","type":"post","link":"https:\/\/projectes.xtec.cat\/pfi\/general\/taller-de-cafes-amb-eee-maregassa\/","title":{"rendered":"Taller de Caf\u00e8s amb EEE Maregassa"},"content":{"rendered":"<p>Aquest curs 2024-2025, l&#8217;INS Eugeni d&#8217;Ors de Badalona ha col\u00b7laborat amb l&#8217;Escola Maregassa per dur a terme un taller de caf\u00e8s i parament de taules en l&#8217;Obrador de l&#8217;Eugeni. Aquesta iniciativa ha estat dirigida per l&#8217;equip docent PFI-PIP d&#8217;Auxiliars de restauraci\u00f3 i cuina, amb l&#8217;objectiu de millorar les habilitats culin\u00e0ries i de servei dels joves, fomentar el treball en equip i la inclusi\u00f3, i promoure la col\u00b7laboraci\u00f3 entre centres educatius.<\/p>\n<p>El taller es va planificar amb reunions inicials per definir objectius i activitats, i s&#8217;ha dut a terme al desembre i gener. L&#8217;alumnat de l&#8217;INS Eugeni van donar suport als estudiants de l&#8217;Escola Maregassa en la preparaci\u00f3 i tast de caf\u00e8s, sota la supervisi\u00f3 del professorat.<\/p>\n<p>Els participants van valorar molt positivament l&#8217;activitat, destacant l&#8217;ensenyament pr\u00e0ctic i la interacci\u00f3 social. Tot i aix\u00f2, es van identificar \u00e0rees de millora com la durada de l&#8217;activitat i la pr\u00e0ctica amb la cafetera. El professorat tamb\u00e9 van valorar positivament la coordinaci\u00f3 i les activitats, suggerint mantenir el contacte per futures col\u00b7laboracions.<\/p>\n<p>El taller de caf\u00e8s ha estat un \u00e8xit, amb una alta satisfacci\u00f3 dels participants i una valuosa experi\u00e8ncia d&#8217;aprenentatge i inclusi\u00f3 per a tots els implicats.<\/p>\n<p>@pfi_eugenibdn<\/p>\n<p>#inclusi\u00f3<\/p>\n<p>#somunequip<\/p>\n<p>\u00b7<\/p>\n","protected":false},"excerpt":{"rendered":"<p>Aquest curs 2024-2025, l&#8217;INS Eugeni d&#8217;Ors de Badalona ha col\u00b7laborat amb l&#8217;Escola Maregassa per dur a terme un taller de caf\u00e8s i parament de taules en l&#8217;Obrador de l&#8217;Eugeni. Aquesta iniciativa ha estat dirigida per l&#8217;equip docent PFI-PIP d&#8217;Auxiliars de restauraci\u00f3 i cuina, amb l&#8217;objectiu&hellip;  <a href=\"https:\/\/projectes.xtec.cat\/pfi\/general\/taller-de-cafes-amb-eee-maregassa\/\" title=\"Read Taller de Caf\u00e8s amb EEE Maregassa\">Llegeix m\u00e9s\u00bb<\/a><\/p>\n","protected":false},"author":66,"featured_media":19904,"comment_status":"open","ping_status":"closed","sticky":false,"template":"","format":"standard","meta":{"_bbp_topic_count":0,"_bbp_reply_count":0,"_bbp_total_topic_count":0,"_bbp_total_reply_count":0,"_bbp_voice_count":0,"_bbp_anonymous_reply_count":0,"_bbp_topic_count_hidden":0,"_bbp_reply_count_hidden":0,"_bbp_forum_subforum_count":0,"footnotes":""},"categories":[1,29],"tags":[],"class_list":["post-19903","post","type-post","status-publish","format-standard","has-post-thumbnail","hentry","category-general","category-portada"],"post_mailing_queue_ids":[],"_links":{"self":[{"href":"https:\/\/projectes.xtec.cat\/pfi\/wp-json\/wp\/v2\/posts\/19903","targetHints":{"allow":["GET"]}}],"collection":[{"href":"https:\/\/projectes.xtec.cat\/pfi\/wp-json\/wp\/v2\/posts"}],"about":[{"href":"https:\/\/projectes.xtec.cat\/pfi\/wp-json\/wp\/v2\/types\/post"}],"author":[{"embeddable":true,"href":"https:\/\/projectes.xtec.cat\/pfi\/wp-json\/wp\/v2\/users\/66"}],"replies":[{"embeddable":true,"href":"https:\/\/projectes.xtec.cat\/pfi\/wp-json\/wp\/v2\/comments?post=19903"}],"version-history":[{"count":1,"href":"https:\/\/projectes.xtec.cat\/pfi\/wp-json\/wp\/v2\/posts\/19903\/revisions"}],"predecessor-version":[{"id":19905,"href":"https:\/\/projectes.xtec.cat\/pfi\/wp-json\/wp\/v2\/posts\/19903\/revisions\/19905"}],"wp:featuredmedia":[{"embeddable":true,"href":"https:\/\/projectes.xtec.cat\/pfi\/wp-json\/wp\/v2\/media\/19904"}],"wp:attachment":[{"href":"https:\/\/projectes.xtec.cat\/pfi\/wp-json\/wp\/v2\/media?parent=19903"}],"wp:term":[{"taxonomy":"category","embeddable":true,"href":"https:\/\/projectes.xtec.cat\/pfi\/wp-json\/wp\/v2\/categories?post=19903"},{"taxonomy":"post_tag","embeddable":true,"href":"https:\/\/projectes.xtec.cat\/pfi\/wp-json\/wp\/v2\/tags?post=19903"}],"curies":[{"name":"wp","href":"https:\/\/api.w.org\/{rel}","templated":true}]}}