{"id":19910,"date":"2025-02-17T17:08:35","date_gmt":"2025-02-17T16:08:35","guid":{"rendered":"https:\/\/projectes.xtec.cat\/pfi\/?p=19910"},"modified":"2025-02-17T17:08:35","modified_gmt":"2025-02-17T16:08:35","slug":"gran-exit-de-la-jornada-els-valors-de-lesport-en-els-pfi-a-torello","status":"publish","type":"post","link":"https:\/\/projectes.xtec.cat\/pfi\/general\/gran-exit-de-la-jornada-els-valors-de-lesport-en-els-pfi-a-torello\/","title":{"rendered":"Gran \u00e8xit de la jornada &#8220;Els valors de l\u2019esport en els PFI&#8221; a Torell\u00f3"},"content":{"rendered":"<p><span style=\"font-weight: 400;\">El passat 11 de febrer de 2025, el Teatre Cirvianum de Torell\u00f3 va acollir la jornada &#8220;Els valors de l\u2019esport en els PFI&#8221;, un esdeveniment on hi van assistir l\u2019alumnat i docents dels PFI de Torell\u00f3, Mancomunitat La Plana, Tona i Manlleu.\u00a0<\/span><\/p>\n<p><span style=\"font-weight: 400;\">La jornada va comen\u00e7ar amb una benvinguda i presentaci\u00f3 dels grups, on es va poder visualitzar v\u00eddeos fets per l\u2019alumnat.\u00a0 Ara b\u00e9, el moment m\u00e9s esperat va ser la pon\u00e8ncia d&#8217;Iker Camara, campi\u00f3 d\u2019Espanya en jiu-jitsu. Iker va connectar molt amb els alumnes, parlant tant dels aspectes positius com dels m\u00e9s dif\u00edcils del seu esport. Va remarcar la import\u00e0ncia de trobar all\u00f2 que realment ens apassiona i va deixar clar un missatge molt potent: quan la motivaci\u00f3 falla, la disciplina \u00e9s clau per seguir endavant.<\/span><\/p>\n<p><span style=\"font-weight: 400;\">Despr\u00e9s d\u2019una pausa per esmorzar, els alumnes van ser els protagonistes, presentant les seves traject\u00f2ries en diferents disciplines com el futbol, la nataci\u00f3, el taekwondo, arts marcials i el rugbi. Van compartir experi\u00e8ncies personals i com l\u2019esport els ha ajudat a cr\u00e9ixer i superar reptes.<\/span><\/p>\n<p><span style=\"font-weight: 400;\">Per acabar, tothom va participar en un kahoot! sobre els valors esportius.<\/span><\/p>\n<p><span style=\"font-weight: 400;\">Va ser un mat\u00ed ple d\u2019inspiraci\u00f3 i aprenentatge, deixant clar que l\u2019esport no \u00e9s nom\u00e9s competici\u00f3, sin\u00f3 tamb\u00e9 esfor\u00e7, const\u00e0ncia i superaci\u00f3!<\/span><\/p>\n<p><a href=\"https:\/\/projectes.xtec.cat\/pfi\/wp-content\/uploads\/usu1781\/2025\/02\/Captura-1.png\"><img loading=\"lazy\" decoding=\"async\" class=\"alignnone wp-image-19911\" src=\"https:\/\/projectes.xtec.cat\/pfi\/wp-content\/uploads\/usu1781\/2025\/02\/Captura-1.png\" alt=\"\" width=\"422\" height=\"553\" srcset=\"https:\/\/projectes.xtec.cat\/pfi\/wp-content\/uploads\/usu1781\/2025\/02\/Captura-1.png 533w, https:\/\/projectes.xtec.cat\/pfi\/wp-content\/uploads\/usu1781\/2025\/02\/Captura-1-229x300.png 229w\" sizes=\"auto, (max-width: 422px) 100vw, 422px\" \/><\/a><\/p>\n","protected":false},"excerpt":{"rendered":"<p>El passat 11 de febrer de 2025, el Teatre Cirvianum de Torell\u00f3 va acollir la jornada &#8220;Els valors de l\u2019esport en els PFI&#8221;, un esdeveniment on hi van assistir l\u2019alumnat i docents dels PFI de Torell\u00f3, Mancomunitat La Plana, Tona i Manlleu.\u00a0<br \/>\nLa jornada va comen\u00e7ar&hellip;  <a href=\"https:\/\/projectes.xtec.cat\/pfi\/general\/gran-exit-de-la-jornada-els-valors-de-lesport-en-els-pfi-a-torello\/\" title=\"Read Gran \u00e8xit de la jornada &#8220;Els valors de l\u2019esport en els PFI&#8221; a Torell\u00f3\">Llegeix m\u00e9s\u00bb<\/a><\/p>\n","protected":false},"author":153,"featured_media":19907,"comment_status":"open","ping_status":"closed","sticky":false,"template":"","format":"standard","meta":{"_bbp_topic_count":0,"_bbp_reply_count":0,"_bbp_total_topic_count":0,"_bbp_total_reply_count":0,"_bbp_voice_count":0,"_bbp_anonymous_reply_count":0,"_bbp_topic_count_hidden":0,"_bbp_reply_count_hidden":0,"_bbp_forum_subforum_count":0,"footnotes":""},"categories":[1,29,568],"tags":[],"class_list":["post-19910","post","type-post","status-publish","format-standard","has-post-thumbnail","hentry","category-general","category-portada","category-projecte-esports"],"post_mailing_queue_ids":[],"_links":{"self":[{"href":"https:\/\/projectes.xtec.cat\/pfi\/wp-json\/wp\/v2\/posts\/19910","targetHints":{"allow":["GET"]}}],"collection":[{"href":"https:\/\/projectes.xtec.cat\/pfi\/wp-json\/wp\/v2\/posts"}],"about":[{"href":"https:\/\/projectes.xtec.cat\/pfi\/wp-json\/wp\/v2\/types\/post"}],"author":[{"embeddable":true,"href":"https:\/\/projectes.xtec.cat\/pfi\/wp-json\/wp\/v2\/users\/153"}],"replies":[{"embeddable":true,"href":"https:\/\/projectes.xtec.cat\/pfi\/wp-json\/wp\/v2\/comments?post=19910"}],"version-history":[{"count":2,"href":"https:\/\/projectes.xtec.cat\/pfi\/wp-json\/wp\/v2\/posts\/19910\/revisions"}],"predecessor-version":[{"id":19914,"href":"https:\/\/projectes.xtec.cat\/pfi\/wp-json\/wp\/v2\/posts\/19910\/revisions\/19914"}],"wp:featuredmedia":[{"embeddable":true,"href":"https:\/\/projectes.xtec.cat\/pfi\/wp-json\/wp\/v2\/media\/19907"}],"wp:attachment":[{"href":"https:\/\/projectes.xtec.cat\/pfi\/wp-json\/wp\/v2\/media?parent=19910"}],"wp:term":[{"taxonomy":"category","embeddable":true,"href":"https:\/\/projectes.xtec.cat\/pfi\/wp-json\/wp\/v2\/categories?post=19910"},{"taxonomy":"post_tag","embeddable":true,"href":"https:\/\/projectes.xtec.cat\/pfi\/wp-json\/wp\/v2\/tags?post=19910"}],"curies":[{"name":"wp","href":"https:\/\/api.w.org\/{rel}","templated":true}]}}