{"id":20006,"date":"2025-03-10T13:38:47","date_gmt":"2025-03-10T12:38:47","guid":{"rendered":"https:\/\/projectes.xtec.cat\/pfi\/?p=20006"},"modified":"2025-03-10T13:40:56","modified_gmt":"2025-03-10T12:40:56","slug":"guia-per-a-lacompanyament-a-adolescents-i-joves-amb-discapacitat-en-la-formacio-postobligatoria-i-la-transicio-a-la-vida-adulta","status":"publish","type":"post","link":"https:\/\/projectes.xtec.cat\/pfi\/general\/guia-per-a-lacompanyament-a-adolescents-i-joves-amb-discapacitat-en-la-formacio-postobligatoria-i-la-transicio-a-la-vida-adulta\/","title":{"rendered":"Guia per a l&#8217;acompanyament a joves amb discapacitat a postobligat\u00f2ria i la transici\u00f3 a la vida adulta"},"content":{"rendered":"<p data-start=\"0\" data-end=\"311\">Aquesta guia ofereix un recull actualitzat de les diferents opcions de formaci\u00f3 i transici\u00f3 cap a la vida adulta disponibles a trav\u00e9s del Departament d\u2019Educaci\u00f3 i Formaci\u00f3 Professional, el Departament d\u2019Empresa i Treball, el Departament de Drets Socials i Inclusi\u00f3, i el Departament de Recerca i Universitats.<\/p>\n<p data-start=\"313\" data-end=\"542\">El seu objectiu \u00e9s facilitar l\u2019orientaci\u00f3 de les persones amb discapacitat i les seves fam\u00edlies en l\u2019elecci\u00f3 del cam\u00ed m\u00e9s adequat, aix\u00ed com posar a disposici\u00f3 dels professionals de l\u2019orientaci\u00f3 un directori complet de recursos.<\/p>\n<p data-start=\"544\" data-end=\"799\" data-is-last-node=\"\" data-is-only-node=\"\">La informaci\u00f3 s\u2019organitza en tres grans blocs: itineraris formatius, inserci\u00f3 laboral i serveis d\u2019atenci\u00f3 di\u00fcrna. Cada apartat inclou enlla\u00e7os als portals web de refer\u00e8ncia dels diferents departaments, oferint aix\u00ed acc\u00e9s a dades actualitzades i ampliades.<\/p>\n<div class=\"blocs-res\" data-crawling=\"blocks\">\n<div class=\"blocs\">\n<div class=\"row\">\n<div class=\"col-sm-12\">\n<div class=\"inform_relacionada\">\n<ul class=\"list-group\" role=\"list\">\n<li class=\"list-group-item\" role=\"listitem\"><img decoding=\"async\" src=\"https:\/\/educacio.gencat.cat\/web\/resources\/fwkResponsive\/fpca_article\/img\/icona-24-dark-chevron-right-thin-b.svg\" alt=\"\" \/><a class=\"no-content\" style=\"font-family: inherit; font-size: 1em;\" title=\"Descarrega el document PDF\" href=\"https:\/\/educacio.gencat.cat\/web\/.content\/home\/departament\/publicacions\/colleccions\/inclusio\/acompanyament-adolescents-joves-discapacitat\/acompanyament-adolescents-joves-discapacitat.pdf\"><span class=\"list-group-item-wrapper-content\">Guia per a l\u2019acompanyament a adolescents i joves amb discapacitat en la formaci\u00f3 postobligat\u00f2ria i la transici\u00f3 a la vida adulta<\/span>\u00a0<span class=\"sr-only\">(Tipus de fitxer pdf)<\/span><span class=\"size-document file-size icon_pdf\" data-file=\"\/web\/.content\/home\/departament\/publicacions\/colleccions\/inclusio\/acompanyament-adolescents-joves-discapacitat\/acompanyament-adolescents-joves-discapacitat.pdf\"><span class=\"sr-only\">(Pes del fitxer)<\/span>[900,65 kB]<\/span><\/a><\/li>\n<li class=\"list-group-item\" role=\"listitem\"><img decoding=\"async\" src=\"https:\/\/educacio.gencat.cat\/web\/resources\/fwkResponsive\/fpca_article\/img\/icona-24-dark-chevron-right-thin-b.svg\" alt=\"\" \/><a class=\"no-content\" style=\"font-family: inherit; font-size: 1em;\" title=\"Aquest enlla\u00e7 s'obre en una nova pestanya: Descarrega el document PDF\" href=\"https:\/\/educacio.gencat.cat\/web\/.content\/home\/departament\/publicacions\/colleccions\/inclusio\/acompanyament-adolescents-joves-discapacitat\/infografia-acompanyament-discapacitat.pdf\" target=\"_blank\" rel=\"noopener\"><span class=\"list-group-item-wrapper-content\">Infografia: resum de la Guia<\/span>\u00a0<span class=\"sr-only\">(Tipus de fitxer pdf)<\/span><span class=\"size-document file-size icon_pdf\" data-file=\"\/web\/.content\/home\/departament\/publicacions\/colleccions\/inclusio\/acompanyament-adolescents-joves-discapacitat\/infografia-acompanyament-discapacitat.pdf\"><span class=\"sr-only\">(Pes del fitxer)<\/span>[238,22 kB]<\/span><span class=\"sr-only\">(Obre en una nova finestra)<\/span><\/a>\n<div class=\"list-group__contentwrapper\">\n<div class=\"descEnllac\"><\/div>\n<p><a href=\"https:\/\/projectes.xtec.cat\/pfi\/wp-content\/uploads\/usu1781\/2025\/03\/Captura-de-pantalla-2025-03-10-133709.png\"><img loading=\"lazy\" decoding=\"async\" class=\"aligncenter size-full wp-image-20007\" src=\"https:\/\/projectes.xtec.cat\/pfi\/wp-content\/uploads\/usu1781\/2025\/03\/Captura-de-pantalla-2025-03-10-133709.png\" alt=\"\" width=\"468\" height=\"646\" \/><\/a><\/p>\n<\/div>\n<\/li>\n<\/ul>\n<\/div>\n<\/div>\n<\/div>\n<\/div>\n<\/div>\n<div class=\"fpca_article padding-xs padding-sm padding-md\" data-id=\"6f390c3a-fb36-11ef-ba3f-005056ba51b2\">\n<div class=\"padding-xs padding-sm padding-md\"><\/div>\n<\/div>\n","protected":false},"excerpt":{"rendered":"<p>Aquesta guia ofereix un recull actualitzat de les diferents opcions de formaci\u00f3 i transici\u00f3 cap a la vida adulta disponibles a trav\u00e9s del Departament d\u2019Educaci\u00f3 i Formaci\u00f3 Professional, el Departament d\u2019Empresa i Treball, el Departament de Drets Socials i Inclusi\u00f3, i el Departament de Recerca&hellip;  <a href=\"https:\/\/projectes.xtec.cat\/pfi\/general\/guia-per-a-lacompanyament-a-adolescents-i-joves-amb-discapacitat-en-la-formacio-postobligatoria-i-la-transicio-a-la-vida-adulta\/\" title=\"Read Guia per a l&#8217;acompanyament a joves amb discapacitat a postobligat\u00f2ria i la transici\u00f3 a la vida adulta\">Llegeix m\u00e9s\u00bb<\/a><\/p>\n","protected":false},"author":1,"featured_media":20007,"comment_status":"open","ping_status":"closed","sticky":false,"template":"","format":"standard","meta":{"_bbp_topic_count":0,"_bbp_reply_count":0,"_bbp_total_topic_count":0,"_bbp_total_reply_count":0,"_bbp_voice_count":0,"_bbp_anonymous_reply_count":0,"_bbp_topic_count_hidden":0,"_bbp_reply_count_hidden":0,"_bbp_forum_subforum_count":0,"footnotes":""},"categories":[1,29,597],"tags":[],"class_list":["post-20006","post","type-post","status-publish","format-standard","has-post-thumbnail","hentry","category-general","category-portada","category-tutoria"],"post_mailing_queue_ids":[],"_links":{"self":[{"href":"https:\/\/projectes.xtec.cat\/pfi\/wp-json\/wp\/v2\/posts\/20006","targetHints":{"allow":["GET"]}}],"collection":[{"href":"https:\/\/projectes.xtec.cat\/pfi\/wp-json\/wp\/v2\/posts"}],"about":[{"href":"https:\/\/projectes.xtec.cat\/pfi\/wp-json\/wp\/v2\/types\/post"}],"author":[{"embeddable":true,"href":"https:\/\/projectes.xtec.cat\/pfi\/wp-json\/wp\/v2\/users\/1"}],"replies":[{"embeddable":true,"href":"https:\/\/projectes.xtec.cat\/pfi\/wp-json\/wp\/v2\/comments?post=20006"}],"version-history":[{"count":3,"href":"https:\/\/projectes.xtec.cat\/pfi\/wp-json\/wp\/v2\/posts\/20006\/revisions"}],"predecessor-version":[{"id":20010,"href":"https:\/\/projectes.xtec.cat\/pfi\/wp-json\/wp\/v2\/posts\/20006\/revisions\/20010"}],"wp:featuredmedia":[{"embeddable":true,"href":"https:\/\/projectes.xtec.cat\/pfi\/wp-json\/wp\/v2\/media\/20007"}],"wp:attachment":[{"href":"https:\/\/projectes.xtec.cat\/pfi\/wp-json\/wp\/v2\/media?parent=20006"}],"wp:term":[{"taxonomy":"category","embeddable":true,"href":"https:\/\/projectes.xtec.cat\/pfi\/wp-json\/wp\/v2\/categories?post=20006"},{"taxonomy":"post_tag","embeddable":true,"href":"https:\/\/projectes.xtec.cat\/pfi\/wp-json\/wp\/v2\/tags?post=20006"}],"curies":[{"name":"wp","href":"https:\/\/api.w.org\/{rel}","templated":true}]}}