{"id":20037,"date":"2025-03-17T17:07:34","date_gmt":"2025-03-17T16:07:34","guid":{"rendered":"https:\/\/projectes.xtec.cat\/pfi\/?p=20037"},"modified":"2025-03-21T08:35:30","modified_gmt":"2025-03-21T07:35:30","slug":"fundacio-exit","status":"publish","type":"post","link":"https:\/\/projectes.xtec.cat\/pfi\/general\/fundacio-exit\/","title":{"rendered":"Fundaci\u00f3 \u00c8xit"},"content":{"rendered":"<div>\n<p>L&#8217;alumnat de PFI de l&#8217;ITB ha participat en el Programa d&#8217;Orientaci\u00f3 de la Fundaci\u00f3 \u00c8xit fent activitats d&#8217;autoconeixement a la natura. Aquesta experi\u00e8ncia est\u00e0 pensada perqu\u00e8 els i les joves puguin descobrir noves habilitats i compet\u00e8ncies en un entorn diferent, fora de l\u2019aula i perqu\u00e8 puguin refor\u00e7ar la seva cohesi\u00f3 com a grup.<\/p>\n<p>Es van portar a terme dues sessions, la primera al Campus Mundet i la segona a la zona de Vallvidrera. Les activitats consistien en din\u00e0miques d&#8217;orientaci\u00f3 a la natura, jocs cooperatius, aprenentatge relacionat amb el m\u00f3n de l&#8217;excursionisme (aprendre a muntar i desmuntar una tenda de campanya o fer diferents tipus de nusos).<\/p>\n<p>Ha sigut una molt bona experi\u00e8ncia, ja que els ha perm\u00e8s sortir de l&#8217;aula i gaudir d&#8217;entorns de natura, alhora que han pogut treballar de forma cooperativa amb els companys i companys dels dos grups de PFI i relacionar-se, fent activitats que normalment no acostumen a formar part del seu dia a dia.<\/p>\n<table style=\"border-collapse: collapse; width: 100%;\">\n<tbody>\n<tr>\n<td style=\"width: 33.3333%;\"><a href=\"https:\/\/projectes.xtec.cat\/pfi\/wp-content\/uploads\/usu1781\/2025\/03\/IMG-20250211-WA0023.jpg\"><img loading=\"lazy\" decoding=\"async\" class=\"alignnone size-large wp-image-20038\" src=\"https:\/\/projectes.xtec.cat\/pfi\/wp-content\/uploads\/usu1781\/2025\/03\/IMG-20250211-WA0023-768x1024.jpg\" alt=\"\" width=\"768\" height=\"1024\" srcset=\"https:\/\/projectes.xtec.cat\/pfi\/wp-content\/uploads\/usu1781\/2025\/03\/IMG-20250211-WA0023-768x1024.jpg 768w, https:\/\/projectes.xtec.cat\/pfi\/wp-content\/uploads\/usu1781\/2025\/03\/IMG-20250211-WA0023-225x300.jpg 225w, https:\/\/projectes.xtec.cat\/pfi\/wp-content\/uploads\/usu1781\/2025\/03\/IMG-20250211-WA0023-1152x1536.jpg 1152w, https:\/\/projectes.xtec.cat\/pfi\/wp-content\/uploads\/usu1781\/2025\/03\/IMG-20250211-WA0023.jpg 1200w\" sizes=\"auto, (max-width: 768px) 100vw, 768px\" \/><\/a><\/td>\n<td style=\"width: 33.3333%;\"><a href=\"https:\/\/projectes.xtec.cat\/pfi\/wp-content\/uploads\/usu1781\/2025\/03\/IMG-20250204-WA0010.jpg\"><img loading=\"lazy\" decoding=\"async\" class=\"alignnone size-large wp-image-20039\" src=\"https:\/\/projectes.xtec.cat\/pfi\/wp-content\/uploads\/usu1781\/2025\/03\/IMG-20250204-WA0010-1024x768.jpg\" alt=\"\" width=\"1024\" height=\"768\" srcset=\"https:\/\/projectes.xtec.cat\/pfi\/wp-content\/uploads\/usu1781\/2025\/03\/IMG-20250204-WA0010-1024x768.jpg 1024w, https:\/\/projectes.xtec.cat\/pfi\/wp-content\/uploads\/usu1781\/2025\/03\/IMG-20250204-WA0010-300x225.jpg 300w, https:\/\/projectes.xtec.cat\/pfi\/wp-content\/uploads\/usu1781\/2025\/03\/IMG-20250204-WA0010-768x576.jpg 768w, https:\/\/projectes.xtec.cat\/pfi\/wp-content\/uploads\/usu1781\/2025\/03\/IMG-20250204-WA0010-1536x1152.jpg 1536w, https:\/\/projectes.xtec.cat\/pfi\/wp-content\/uploads\/usu1781\/2025\/03\/IMG-20250204-WA0010-200x150.jpg 200w, https:\/\/projectes.xtec.cat\/pfi\/wp-content\/uploads\/usu1781\/2025\/03\/IMG-20250204-WA0010.jpg 1600w\" sizes=\"auto, (max-width: 1024px) 100vw, 1024px\" \/><\/a><\/td>\n<td style=\"width: 33.3333%;\"><a href=\"https:\/\/projectes.xtec.cat\/pfi\/wp-content\/uploads\/usu1781\/2025\/03\/IMG-20250211-WA0028.jpg\"><img loading=\"lazy\" decoding=\"async\" class=\"alignnone size-large wp-image-20040\" src=\"https:\/\/projectes.xtec.cat\/pfi\/wp-content\/uploads\/usu1781\/2025\/03\/IMG-20250211-WA0028-1024x768.jpg\" alt=\"\" width=\"1024\" height=\"768\" srcset=\"https:\/\/projectes.xtec.cat\/pfi\/wp-content\/uploads\/usu1781\/2025\/03\/IMG-20250211-WA0028-1024x768.jpg 1024w, https:\/\/projectes.xtec.cat\/pfi\/wp-content\/uploads\/usu1781\/2025\/03\/IMG-20250211-WA0028-300x225.jpg 300w, https:\/\/projectes.xtec.cat\/pfi\/wp-content\/uploads\/usu1781\/2025\/03\/IMG-20250211-WA0028-768x576.jpg 768w, https:\/\/projectes.xtec.cat\/pfi\/wp-content\/uploads\/usu1781\/2025\/03\/IMG-20250211-WA0028-1536x1152.jpg 1536w, https:\/\/projectes.xtec.cat\/pfi\/wp-content\/uploads\/usu1781\/2025\/03\/IMG-20250211-WA0028-200x150.jpg 200w, https:\/\/projectes.xtec.cat\/pfi\/wp-content\/uploads\/usu1781\/2025\/03\/IMG-20250211-WA0028.jpg 1600w\" sizes=\"auto, (max-width: 1024px) 100vw, 1024px\" \/><\/a><\/td>\n<\/tr>\n<\/tbody>\n<\/table>\n<\/div>\n<div><\/div>\n","protected":false},"excerpt":{"rendered":"<p>L&#8217;alumnat de PFI de l&#8217;ITB ha participat en el Programa d&#8217;Orientaci\u00f3 de la Fundaci\u00f3 \u00c8xit fent activitats d&#8217;autoconeixement a la natura. Aquesta experi\u00e8ncia est\u00e0 pensada perqu\u00e8 els i les joves puguin descobrir noves habilitats i compet\u00e8ncies en un entorn diferent, fora de l\u2019aula i perqu\u00e8&hellip;  <a href=\"https:\/\/projectes.xtec.cat\/pfi\/general\/fundacio-exit\/\" title=\"Read Fundaci\u00f3 \u00c8xit\">Llegeix m\u00e9s\u00bb<\/a><\/p>\n","protected":false},"author":137,"featured_media":20038,"comment_status":"open","ping_status":"closed","sticky":false,"template":"","format":"standard","meta":{"_bbp_topic_count":0,"_bbp_reply_count":0,"_bbp_total_topic_count":0,"_bbp_total_reply_count":0,"_bbp_voice_count":0,"_bbp_anonymous_reply_count":0,"_bbp_topic_count_hidden":0,"_bbp_reply_count_hidden":0,"_bbp_forum_subforum_count":0,"footnotes":""},"categories":[1,29],"tags":[],"class_list":["post-20037","post","type-post","status-publish","format-standard","has-post-thumbnail","hentry","category-general","category-portada"],"post_mailing_queue_ids":[],"_links":{"self":[{"href":"https:\/\/projectes.xtec.cat\/pfi\/wp-json\/wp\/v2\/posts\/20037","targetHints":{"allow":["GET"]}}],"collection":[{"href":"https:\/\/projectes.xtec.cat\/pfi\/wp-json\/wp\/v2\/posts"}],"about":[{"href":"https:\/\/projectes.xtec.cat\/pfi\/wp-json\/wp\/v2\/types\/post"}],"author":[{"embeddable":true,"href":"https:\/\/projectes.xtec.cat\/pfi\/wp-json\/wp\/v2\/users\/137"}],"replies":[{"embeddable":true,"href":"https:\/\/projectes.xtec.cat\/pfi\/wp-json\/wp\/v2\/comments?post=20037"}],"version-history":[{"count":3,"href":"https:\/\/projectes.xtec.cat\/pfi\/wp-json\/wp\/v2\/posts\/20037\/revisions"}],"predecessor-version":[{"id":20057,"href":"https:\/\/projectes.xtec.cat\/pfi\/wp-json\/wp\/v2\/posts\/20037\/revisions\/20057"}],"wp:featuredmedia":[{"embeddable":true,"href":"https:\/\/projectes.xtec.cat\/pfi\/wp-json\/wp\/v2\/media\/20038"}],"wp:attachment":[{"href":"https:\/\/projectes.xtec.cat\/pfi\/wp-json\/wp\/v2\/media?parent=20037"}],"wp:term":[{"taxonomy":"category","embeddable":true,"href":"https:\/\/projectes.xtec.cat\/pfi\/wp-json\/wp\/v2\/categories?post=20037"},{"taxonomy":"post_tag","embeddable":true,"href":"https:\/\/projectes.xtec.cat\/pfi\/wp-json\/wp\/v2\/tags?post=20037"}],"curies":[{"name":"wp","href":"https:\/\/api.w.org\/{rel}","templated":true}]}}