{"id":20069,"date":"2025-03-28T09:31:33","date_gmt":"2025-03-28T08:31:33","guid":{"rendered":"https:\/\/projectes.xtec.cat\/pfi\/?p=20069"},"modified":"2025-03-28T09:32:08","modified_gmt":"2025-03-28T08:32:08","slug":"els-alumnes-del-pfi-dinformatica-i-de-primer-dsmx-de-linstitut-joaquim-mir-visitem-la-fib-i-el-bsc","status":"publish","type":"post","link":"https:\/\/projectes.xtec.cat\/pfi\/general\/els-alumnes-del-pfi-dinformatica-i-de-primer-dsmx-de-linstitut-joaquim-mir-visitem-la-fib-i-el-bsc\/","title":{"rendered":"L&#8217;alumnat del PFI d&#8217;Inform\u00e0tica i 1r d&#8217;SMX de l&#8217;Institut Joaquim Mir visitem la FIB i el BSC"},"content":{"rendered":"<p data-pm-slice=\"1 1 []\">El passat 13 de mar\u00e7 del 2025, els alumnes del PFI d\u2019Auxiliar en muntatge i manteniment d\u2019equips inform\u00e0tics i els alumnes de primer del CFGM SMX (Sistemes Microinform\u00e0tics i Xarxes) van visitar el Museu d\u2019Inform\u00e0tica de la Facultat d\u2019Inform\u00e0tica de Barcelona (FIB). L\u2019explicaci\u00f3 de la visita ens la va realitzar l\u2019Enric X. Mart\u00edn, vicedeg\u00e0 de promoci\u00f3 i comunicaci\u00f3 de la facultat. L\u2019Enric ens va explicar l\u2019evoluci\u00f3 dels sistemes d\u2019emmagatzematge d\u2019informaci\u00f3 al llarg dels anys, des de l\u2019\u00e0bac, passant per les targetes perforades i les bobines magnetitzades on es fan les c\u00f2pies de seguretat dels servidors avui en dia, fins als disquets dels anys 90. Tamb\u00e9 ens va ensenyar els primers sistemes d\u2019intercanvi d\u2019informaci\u00f3 connectant el tel\u00e8fon fix de casa en un aparell que el convertia en r\u00fater, entre moltes altres curiositats i maquinari antic del qual disposa el museu.<\/p>\n<p>Una vegada finalitzada la visita, ens vam dirigir al Barcelona Supercomputing Center, situat a escassos metres de la FIB.<\/p>\n<p>All\u00e0 ens van fer una visita d\u2019una hora en la qual vam poder veure el supercomputador Marenostrum 5 en funcionament, inaugurat el 2023. Aquest supercomputador \u00e9s un dels m\u00e9s potents d\u2019Europa, amb un rendiment m\u00e0xim de 314 Petaflops, combinant arquitectura x86 i acceleradors gr\u00e0fics d\u2019\u00faltima generaci\u00f3. A m\u00e9s, compta amb una capacitat d\u2019emmagatzematge de 400 petabytes i un sistema de refrigeraci\u00f3 l\u00edquida avan\u00e7at per optimitzar l\u2019efici\u00e8ncia energ\u00e8tica.<\/p>\n<p>Durant la visita, tamb\u00e9 ens van presentar els nous ordinadors qu\u00e0ntics que s\u2019estan implementant al BSC. Aquests equips, basats en tecnologies de superconductors i ions atrapats, tenen el potencial de revolucionar la computaci\u00f3 amb una capacitat de processament exponencial en comparaci\u00f3 amb els sistemes cl\u00e0ssics, tot i que ara com ara encara s\u00f3n molt inestables i estan en fase de desenvolupament.<\/p>\n<p>Els alumnes han valorat molt positivament l\u2019excursi\u00f3, han apr\u00e8s sobre l\u2019evoluci\u00f3 dels equips inform\u00e0tics i l\u2019estructura i comunicaci\u00f3 entre m\u00f2duls dels supercomputadors instal\u00b7lats al BSC. Teniu disponible una visita virtual al BSC al seg\u00fcent enlla\u00e7: <a>https:\/\/my.matterport.com\/show\/?m=cARFBPpPKjY<\/a><\/p>\n<table style=\"border-collapse: collapse; width: 100%;\">\n<tbody>\n<tr>\n<td style=\"width: 50%;\"><a href=\"https:\/\/agora.xtec.cat\/iesjoaquimmir\/wp-content\/uploads\/usu530\/2025\/03\/1742236491797-scaled.jpg\"><img loading=\"lazy\" decoding=\"async\" class=\"alignnone wp-image-10341\" src=\"https:\/\/agora.xtec.cat\/iesjoaquimmir\/wp-content\/uploads\/usu530\/2025\/03\/1742236491797-578x1024.jpg\" alt=\"\" width=\"317\" height=\"562\" \/><\/a><\/td>\n<td style=\"width: 50%;\"><a href=\"https:\/\/agora.xtec.cat\/iesjoaquimmir\/wp-content\/uploads\/usu530\/2025\/03\/PXL_20250313_163309952-scaled.jpg\"><img loading=\"lazy\" decoding=\"async\" class=\"alignnone size-large wp-image-10343\" src=\"https:\/\/agora.xtec.cat\/iesjoaquimmir\/wp-content\/uploads\/usu530\/2025\/03\/PXL_20250313_163309952-771x1024.jpg\" alt=\"\" width=\"771\" height=\"1024\" \/><\/a><\/td>\n<\/tr>\n<tr>\n<td style=\"width: 50%;\"><a href=\"https:\/\/agora.xtec.cat\/iesjoaquimmir\/wp-content\/uploads\/usu530\/2025\/03\/PXL_20250313_163332129-scaled.jpg\"><img loading=\"lazy\" decoding=\"async\" class=\"alignnone wp-image-10344\" src=\"https:\/\/agora.xtec.cat\/iesjoaquimmir\/wp-content\/uploads\/usu530\/2025\/03\/PXL_20250313_163332129-771x1024.jpg\" alt=\"\" width=\"319\" height=\"424\" \/><\/a><\/td>\n<td style=\"width: 50%;\"><a href=\"https:\/\/agora.xtec.cat\/iesjoaquimmir\/wp-content\/uploads\/usu530\/2025\/03\/PXL_20250313_165537710.MP_-scaled.jpg\"><img loading=\"lazy\" decoding=\"async\" class=\"alignnone size-large wp-image-10345\" src=\"https:\/\/agora.xtec.cat\/iesjoaquimmir\/wp-content\/uploads\/usu530\/2025\/03\/PXL_20250313_165537710.MP_-1024x771.jpg\" alt=\"\" width=\"1024\" height=\"771\" \/><\/a><\/td>\n<\/tr>\n<tr>\n<td style=\"width: 50%;\"><a href=\"https:\/\/agora.xtec.cat\/iesjoaquimmir\/wp-content\/uploads\/usu530\/2025\/03\/IMG_0456-scaled.jpg\"><img loading=\"lazy\" decoding=\"async\" class=\"alignnone size-large wp-image-10350\" src=\"https:\/\/agora.xtec.cat\/iesjoaquimmir\/wp-content\/uploads\/usu530\/2025\/03\/IMG_0456-1024x768.jpg\" alt=\"\" width=\"1024\" height=\"768\" \/><\/a><\/td>\n<td style=\"width: 50%;\"><a href=\"https:\/\/agora.xtec.cat\/iesjoaquimmir\/wp-content\/uploads\/usu530\/2025\/03\/PXL_20250313_170145813-scaled.jpg\"><img loading=\"lazy\" decoding=\"async\" class=\"alignnone size-large wp-image-10346\" src=\"https:\/\/agora.xtec.cat\/iesjoaquimmir\/wp-content\/uploads\/usu530\/2025\/03\/PXL_20250313_170145813-1024x771.jpg\" alt=\"\" width=\"1024\" height=\"771\" \/><\/a><\/td>\n<\/tr>\n<\/tbody>\n<\/table>\n<p>#pfiCAT #SomFP<\/p>\n","protected":false},"excerpt":{"rendered":"<p>El passat 13 de mar\u00e7 del 2025, els alumnes del PFI d\u2019Auxiliar en muntatge i manteniment d\u2019equips inform\u00e0tics i els alumnes de primer del CFGM SMX (Sistemes Microinform\u00e0tics i Xarxes) van visitar el Museu d\u2019Inform\u00e0tica de la Facultat d\u2019Inform\u00e0tica de Barcelona (FIB). L\u2019explicaci\u00f3 de la&hellip;  <a href=\"https:\/\/projectes.xtec.cat\/pfi\/general\/els-alumnes-del-pfi-dinformatica-i-de-primer-dsmx-de-linstitut-joaquim-mir-visitem-la-fib-i-el-bsc\/\" title=\"Read L&#8217;alumnat del PFI d&#8217;Inform\u00e0tica i 1r d&#8217;SMX de l&#8217;Institut Joaquim Mir visitem la FIB i el BSC\">Llegeix m\u00e9s\u00bb<\/a><\/p>\n","protected":false},"author":317,"featured_media":20070,"comment_status":"open","ping_status":"closed","sticky":false,"template":"","format":"standard","meta":{"_bbp_topic_count":0,"_bbp_reply_count":0,"_bbp_total_topic_count":0,"_bbp_total_reply_count":0,"_bbp_voice_count":0,"_bbp_anonymous_reply_count":0,"_bbp_topic_count_hidden":0,"_bbp_reply_count_hidden":0,"_bbp_forum_subforum_count":0,"footnotes":""},"categories":[1,29],"tags":[],"class_list":["post-20069","post","type-post","status-publish","format-standard","has-post-thumbnail","hentry","category-general","category-portada"],"post_mailing_queue_ids":[],"_links":{"self":[{"href":"https:\/\/projectes.xtec.cat\/pfi\/wp-json\/wp\/v2\/posts\/20069","targetHints":{"allow":["GET"]}}],"collection":[{"href":"https:\/\/projectes.xtec.cat\/pfi\/wp-json\/wp\/v2\/posts"}],"about":[{"href":"https:\/\/projectes.xtec.cat\/pfi\/wp-json\/wp\/v2\/types\/post"}],"author":[{"embeddable":true,"href":"https:\/\/projectes.xtec.cat\/pfi\/wp-json\/wp\/v2\/users\/317"}],"replies":[{"embeddable":true,"href":"https:\/\/projectes.xtec.cat\/pfi\/wp-json\/wp\/v2\/comments?post=20069"}],"version-history":[{"count":4,"href":"https:\/\/projectes.xtec.cat\/pfi\/wp-json\/wp\/v2\/posts\/20069\/revisions"}],"predecessor-version":[{"id":20089,"href":"https:\/\/projectes.xtec.cat\/pfi\/wp-json\/wp\/v2\/posts\/20069\/revisions\/20089"}],"wp:featuredmedia":[{"embeddable":true,"href":"https:\/\/projectes.xtec.cat\/pfi\/wp-json\/wp\/v2\/media\/20070"}],"wp:attachment":[{"href":"https:\/\/projectes.xtec.cat\/pfi\/wp-json\/wp\/v2\/media?parent=20069"}],"wp:term":[{"taxonomy":"category","embeddable":true,"href":"https:\/\/projectes.xtec.cat\/pfi\/wp-json\/wp\/v2\/categories?post=20069"},{"taxonomy":"post_tag","embeddable":true,"href":"https:\/\/projectes.xtec.cat\/pfi\/wp-json\/wp\/v2\/tags?post=20069"}],"curies":[{"name":"wp","href":"https:\/\/api.w.org\/{rel}","templated":true}]}}