{"id":20112,"date":"2025-04-07T16:22:09","date_gmt":"2025-04-07T14:22:09","guid":{"rendered":"https:\/\/projectes.xtec.cat\/pfi\/?p=20112"},"modified":"2025-04-07T16:22:09","modified_gmt":"2025-04-07T14:22:09","slug":"jornada-projecte-valors-en-lesport-manresa-sant-joan-de-v-2025","status":"publish","type":"post","link":"https:\/\/projectes.xtec.cat\/pfi\/general\/jornada-projecte-valors-en-lesport-manresa-sant-joan-de-v-2025\/","title":{"rendered":"Jornada Projecte Valors en l&#8217;Esport (Manresa-Sant Joan de V.) 2025"},"content":{"rendered":"<p><span style=\"font-weight: 400;\">Aquest primer trimestre del 2025 un total de 9 grups d\u2019alumnes dels Programes de Formaci\u00f3 i Inserci\u00f3 (PFI) de Manresa i Sant Joan de Vilatorrada han participat per segon any consecutiu en el Projecte Valors en l\u2019Esport (PVE) als PFI\u2019s.\u00a0 Una experi\u00e8ncia per treballar la igualtat d&#8217;oportunitats a l\u2019esport, l\u2019esport sense exclusions per capacitat ni g\u00e8nere, l\u2019esport com a formaci\u00f3 de ciutadans, l\u2019esport per jugar per sobre de competir i, l\u2019esport com a foment d\u2019h\u00e0bits saludables. Per treballar aquests\u00a0 valors, s\u2019han fet les seg\u00fcents activitats dins del projecte: activitats transversals a l\u2019aula vinculades a l\u2019esport amb els m\u00f2duls generals; la jornada per grups, convidant a una persona experta per explicar la seva experi\u00e8ncia de vida dins la seva disciplina esportiva; la jornada l\u00fadico-esportiva amb una matinal al complex de la zona esportiva del Congost de Manresa, per competir de forma sana entre els diferents grups fent de l\u2019alumnat els protagonistes en uns jocs cooperatius. La jornada esportiva que es va celebrar el dia 1 d\u2019abril va servir doncs per promoure els valors fonamentals a trav\u00e9s de les activitats relacionades amb l&#8217;esport i crear xarxa en el territori.<\/span><\/p>\n<p>&nbsp;<\/p>\n","protected":false},"excerpt":{"rendered":"<p>Aquest primer trimestre del 2025 un total de 9 grups d\u2019alumnes dels Programes de Formaci\u00f3 i Inserci\u00f3 (PFI) de Manresa i Sant Joan de Vilatorrada han participat per segon any consecutiu en el Projecte Valors en l\u2019Esport (PVE) als PFI\u2019s.\u00a0 Una experi\u00e8ncia per treballar la&hellip;  <a href=\"https:\/\/projectes.xtec.cat\/pfi\/general\/jornada-projecte-valors-en-lesport-manresa-sant-joan-de-v-2025\/\" title=\"Read Jornada Projecte Valors en l&#8217;Esport (Manresa-Sant Joan de V.) 2025\">Llegeix m\u00e9s\u00bb<\/a><\/p>\n","protected":false},"author":285,"featured_media":20116,"comment_status":"open","ping_status":"closed","sticky":false,"template":"","format":"standard","meta":{"_bbp_topic_count":0,"_bbp_reply_count":0,"_bbp_total_topic_count":0,"_bbp_total_reply_count":0,"_bbp_voice_count":0,"_bbp_anonymous_reply_count":0,"_bbp_topic_count_hidden":0,"_bbp_reply_count_hidden":0,"_bbp_forum_subforum_count":0,"footnotes":""},"categories":[1,29,568],"tags":[],"class_list":["post-20112","post","type-post","status-publish","format-standard","has-post-thumbnail","hentry","category-general","category-portada","category-projecte-esports"],"post_mailing_queue_ids":[],"_links":{"self":[{"href":"https:\/\/projectes.xtec.cat\/pfi\/wp-json\/wp\/v2\/posts\/20112","targetHints":{"allow":["GET"]}}],"collection":[{"href":"https:\/\/projectes.xtec.cat\/pfi\/wp-json\/wp\/v2\/posts"}],"about":[{"href":"https:\/\/projectes.xtec.cat\/pfi\/wp-json\/wp\/v2\/types\/post"}],"author":[{"embeddable":true,"href":"https:\/\/projectes.xtec.cat\/pfi\/wp-json\/wp\/v2\/users\/285"}],"replies":[{"embeddable":true,"href":"https:\/\/projectes.xtec.cat\/pfi\/wp-json\/wp\/v2\/comments?post=20112"}],"version-history":[{"count":2,"href":"https:\/\/projectes.xtec.cat\/pfi\/wp-json\/wp\/v2\/posts\/20112\/revisions"}],"predecessor-version":[{"id":20123,"href":"https:\/\/projectes.xtec.cat\/pfi\/wp-json\/wp\/v2\/posts\/20112\/revisions\/20123"}],"wp:featuredmedia":[{"embeddable":true,"href":"https:\/\/projectes.xtec.cat\/pfi\/wp-json\/wp\/v2\/media\/20116"}],"wp:attachment":[{"href":"https:\/\/projectes.xtec.cat\/pfi\/wp-json\/wp\/v2\/media?parent=20112"}],"wp:term":[{"taxonomy":"category","embeddable":true,"href":"https:\/\/projectes.xtec.cat\/pfi\/wp-json\/wp\/v2\/categories?post=20112"},{"taxonomy":"post_tag","embeddable":true,"href":"https:\/\/projectes.xtec.cat\/pfi\/wp-json\/wp\/v2\/tags?post=20112"}],"curies":[{"name":"wp","href":"https:\/\/api.w.org\/{rel}","templated":true}]}}