{"id":20167,"date":"2025-04-10T10:52:55","date_gmt":"2025-04-10T08:52:55","guid":{"rendered":"https:\/\/projectes.xtec.cat\/pfi\/?p=20167"},"modified":"2025-04-24T16:30:41","modified_gmt":"2025-04-24T14:30:41","slug":"els-pfi-de-lins-joaquim-mir-protagonistes-a-les-iii-jornades-de-leconomia-social-i-solidaria-de-vilanova-i-la-geltru","status":"publish","type":"post","link":"https:\/\/projectes.xtec.cat\/pfi\/general\/els-pfi-de-lins-joaquim-mir-protagonistes-a-les-iii-jornades-de-leconomia-social-i-solidaria-de-vilanova-i-la-geltru\/","title":{"rendered":"Els PFI de l\u2019Institut Joaquim Mir, protagonistes a les III Jornades de l\u2019Economia Social i Solid\u00e0ria de Vilanova i la Geltr\u00fa"},"content":{"rendered":"<p class=\"\" data-start=\"353\" data-end=\"698\">El passat divendres, l\u2019alumnat dels Programes de Formaci\u00f3 i Inserci\u00f3 (PFI) d\u2019<strong data-start=\"430\" data-end=\"472\">Auxiliar de comer\u00e7 i atenci\u00f3 al p\u00fablic<\/strong> i d\u2019<strong>auxiliar de muntatge i manteniment d\u2019equips d\u2019inform\u00e0tica<\/strong> de l\u2019Institut Joaquim Mir va participar activament a les <strong data-start=\"607\" data-end=\"662\">III Jornades de l\u2019Economia Social i Solid\u00e0ria (ESS)<\/strong>, organitzades per l\u2019Ajuntament de Vilanova i la Geltr\u00fa.<\/p>\n<p class=\"\" data-start=\"700\" data-end=\"1194\">Durant el <strong data-start=\"710\" data-end=\"718\">mat\u00ed<\/strong>, es van dur a terme dues accions destacades.<br data-start=\"763\" data-end=\"766\" \/>De <strong data-start=\"769\" data-end=\"786\">9.00 a 9.30 h<\/strong>, dos alumnes de cada perfil van presentar p\u00fablicament els projectes d\u2019emprenedoria desenvolupats al llarg del curs: <strong data-start=\"903\" data-end=\"918\">Mir al Plat<\/strong> i <strong data-start=\"921\" data-end=\"933\">TecnoMir<\/strong>.<\/p>\n<p class=\"\" data-start=\"1196\" data-end=\"1281\">A la <strong data-start=\"1201\" data-end=\"1210\">tarda<\/strong>, l\u2019alumnat va dinamitzar <strong data-start=\"1236\" data-end=\"1251\">tres carpes<\/strong> instal\u00b7lades a l\u2019espai firal:<\/p>\n<ul data-start=\"1283\" data-end=\"1910\">\n<li class=\"\" data-start=\"1283\" data-end=\"1521\">\n<p class=\"\" data-start=\"1285\" data-end=\"1521\">En una carpa conjunta, es van recollir <strong data-start=\"1324\" data-end=\"1360\">donacions de material inform\u00e0tic<\/strong>, que posteriorment seran reparats per l\u2019alumnat de TecnoMir, i <strong data-start=\"1424\" data-end=\"1441\">roba d\u2019ocasi\u00f3<\/strong>, que el grup de Mir al Plat gestionar\u00e0 dins el seu projecte de mercat solidari.<\/p>\n<\/li>\n<li class=\"\" data-start=\"1522\" data-end=\"1718\">\n<p class=\"\" data-start=\"1524\" data-end=\"1718\">En una segona carpa, el grup de comer\u00e7 i atenci\u00f3 al p\u00fablic va oferir <strong data-start=\"1593\" data-end=\"1652\">activitats familiars relacionades amb l\u2019\u00e0mbit comercial<\/strong>, pensades per apropar el seu perfil professional a la ciutadania.<\/p>\n<\/li>\n<li class=\"\" data-start=\"1719\" data-end=\"1910\">\n<p class=\"\" data-start=\"1721\" data-end=\"1910\">A la tercera carpa, el grup d\u2019inform\u00e0tica va presentar <strong data-start=\"1776\" data-end=\"1799\">tallers tecnol\u00f2gics<\/strong> amb <strong data-start=\"1804\" data-end=\"1844\">ulleres de realitat virtual i robots<\/strong>, fomentant aix\u00ed l\u2019inter\u00e8s per la tecnologia entre petits i grans.<\/p>\n<\/li>\n<\/ul>\n<p class=\"\" data-start=\"1912\" data-end=\"2191\">La participaci\u00f3 en aquestes jornades ha estat una <strong data-start=\"1962\" data-end=\"2019\">gran oportunitat per visibilitzar el treball dels PFI<\/strong>, enfortir el vincle amb l\u2019entorn i <strong data-start=\"2055\" data-end=\"2131\">promoure valors com la sostenibilitat, la innovaci\u00f3 i la inclusi\u00f3 social<\/strong> a trav\u00e9s de projectes reals i compromesos amb la comunitat.<\/p>\n<p class=\"\" data-start=\"2193\" data-end=\"2342\">L\u2019INS Joaquim Mir agraeix el suport i la col\u00b7laboraci\u00f3 de totes les persones i entitats implicades en aquesta experi\u00e8ncia formativa i transformadora.<\/p>\n<p data-start=\"2193\" data-end=\"2342\"><a href=\"https:\/\/projectes.xtec.cat\/pfi\/wp-content\/uploads\/usu1781\/2025\/04\/IMG_0568.heic\"><img decoding=\"async\" class=\"alignnone size-full wp-image-20168\" src=\"https:\/\/projectes.xtec.cat\/pfi\/wp-content\/uploads\/usu1781\/2025\/04\/IMG_0568.heic\" alt=\"\" \/><\/a><a href=\"https:\/\/projectes.xtec.cat\/pfi\/wp-content\/uploads\/usu1781\/2025\/04\/Captura-de-pantalla-2025-04-09-181405.png\"><img loading=\"lazy\" decoding=\"async\" class=\"alignnone size-full wp-image-20169\" src=\"https:\/\/projectes.xtec.cat\/pfi\/wp-content\/uploads\/usu1781\/2025\/04\/Captura-de-pantalla-2025-04-09-181405.png\" alt=\"\" width=\"471\" height=\"625\" srcset=\"https:\/\/projectes.xtec.cat\/pfi\/wp-content\/uploads\/usu1781\/2025\/04\/Captura-de-pantalla-2025-04-09-181405.png 471w, https:\/\/projectes.xtec.cat\/pfi\/wp-content\/uploads\/usu1781\/2025\/04\/Captura-de-pantalla-2025-04-09-181405-226x300.png 226w\" sizes=\"auto, (max-width: 471px) 100vw, 471px\" \/><\/a> <a href=\"https:\/\/projectes.xtec.cat\/pfi\/wp-content\/uploads\/usu1781\/2025\/04\/Captura-de-pantalla-2025-04-09-181350.png\"><img loading=\"lazy\" decoding=\"async\" class=\"alignnone size-large wp-image-20170\" src=\"https:\/\/projectes.xtec.cat\/pfi\/wp-content\/uploads\/usu1781\/2025\/04\/Captura-de-pantalla-2025-04-09-181350.png\" alt=\"\" width=\"472\" height=\"621\" srcset=\"https:\/\/projectes.xtec.cat\/pfi\/wp-content\/uploads\/usu1781\/2025\/04\/Captura-de-pantalla-2025-04-09-181350.png 472w, https:\/\/projectes.xtec.cat\/pfi\/wp-content\/uploads\/usu1781\/2025\/04\/Captura-de-pantalla-2025-04-09-181350-228x300.png 228w\" sizes=\"auto, (max-width: 472px) 100vw, 472px\" \/><\/a> <a href=\"https:\/\/projectes.xtec.cat\/pfi\/wp-content\/uploads\/usu1781\/2025\/04\/Captura-de-pantalla-2025-04-09-181329.png\"><img loading=\"lazy\" decoding=\"async\" class=\"alignnone size-large wp-image-20171\" src=\"https:\/\/projectes.xtec.cat\/pfi\/wp-content\/uploads\/usu1781\/2025\/04\/Captura-de-pantalla-2025-04-09-181329.png\" alt=\"\" width=\"449\" height=\"623\" srcset=\"https:\/\/projectes.xtec.cat\/pfi\/wp-content\/uploads\/usu1781\/2025\/04\/Captura-de-pantalla-2025-04-09-181329.png 449w, https:\/\/projectes.xtec.cat\/pfi\/wp-content\/uploads\/usu1781\/2025\/04\/Captura-de-pantalla-2025-04-09-181329-216x300.png 216w\" sizes=\"auto, (max-width: 449px) 100vw, 449px\" \/><\/a><\/p>\n","protected":false},"excerpt":{"rendered":"<p>El passat divendres, l\u2019alumnat dels Programes de Formaci\u00f3 i Inserci\u00f3 (PFI) d\u2019Auxiliar de comer\u00e7 i atenci\u00f3 al p\u00fablic i d\u2019auxiliar de muntatge i manteniment d\u2019equips d\u2019inform\u00e0tica de l\u2019Institut Joaquim Mir va participar activament a les III Jornades de l\u2019Economia Social i Solid\u00e0ria (ESS), organitzades per&hellip;  <a href=\"https:\/\/projectes.xtec.cat\/pfi\/general\/els-pfi-de-lins-joaquim-mir-protagonistes-a-les-iii-jornades-de-leconomia-social-i-solidaria-de-vilanova-i-la-geltru\/\" title=\"Read Els PFI de l\u2019Institut Joaquim Mir, protagonistes a les III Jornades de l\u2019Economia Social i Solid\u00e0ria de Vilanova i la Geltr\u00fa\">Llegeix m\u00e9s\u00bb<\/a><\/p>\n","protected":false},"author":374,"featured_media":20172,"comment_status":"open","ping_status":"closed","sticky":false,"template":"","format":"standard","meta":{"_bbp_topic_count":0,"_bbp_reply_count":0,"_bbp_total_topic_count":0,"_bbp_total_reply_count":0,"_bbp_voice_count":0,"_bbp_anonymous_reply_count":0,"_bbp_topic_count_hidden":0,"_bbp_reply_count_hidden":0,"_bbp_forum_subforum_count":0,"footnotes":""},"categories":[1,29],"tags":[319,426,305,334,441,364,442],"class_list":["post-20167","post","type-post","status-publish","format-standard","has-post-thumbnail","hentry","category-general","category-portada","tag-activitat","tag-alumnat-pfi","tag-moduls-professionals","tag-pfi","tag-pficat","tag-projectes","tag-somfp"],"post_mailing_queue_ids":[],"_links":{"self":[{"href":"https:\/\/projectes.xtec.cat\/pfi\/wp-json\/wp\/v2\/posts\/20167","targetHints":{"allow":["GET"]}}],"collection":[{"href":"https:\/\/projectes.xtec.cat\/pfi\/wp-json\/wp\/v2\/posts"}],"about":[{"href":"https:\/\/projectes.xtec.cat\/pfi\/wp-json\/wp\/v2\/types\/post"}],"author":[{"embeddable":true,"href":"https:\/\/projectes.xtec.cat\/pfi\/wp-json\/wp\/v2\/users\/374"}],"replies":[{"embeddable":true,"href":"https:\/\/projectes.xtec.cat\/pfi\/wp-json\/wp\/v2\/comments?post=20167"}],"version-history":[{"count":2,"href":"https:\/\/projectes.xtec.cat\/pfi\/wp-json\/wp\/v2\/posts\/20167\/revisions"}],"predecessor-version":[{"id":20211,"href":"https:\/\/projectes.xtec.cat\/pfi\/wp-json\/wp\/v2\/posts\/20167\/revisions\/20211"}],"wp:featuredmedia":[{"embeddable":true,"href":"https:\/\/projectes.xtec.cat\/pfi\/wp-json\/wp\/v2\/media\/20172"}],"wp:attachment":[{"href":"https:\/\/projectes.xtec.cat\/pfi\/wp-json\/wp\/v2\/media?parent=20167"}],"wp:term":[{"taxonomy":"category","embeddable":true,"href":"https:\/\/projectes.xtec.cat\/pfi\/wp-json\/wp\/v2\/categories?post=20167"},{"taxonomy":"post_tag","embeddable":true,"href":"https:\/\/projectes.xtec.cat\/pfi\/wp-json\/wp\/v2\/tags?post=20167"}],"curies":[{"name":"wp","href":"https:\/\/api.w.org\/{rel}","templated":true}]}}