{"id":20241,"date":"2025-05-05T15:53:32","date_gmt":"2025-05-05T13:53:32","guid":{"rendered":"https:\/\/projectes.xtec.cat\/pfi\/?p=20241"},"modified":"2025-05-05T15:53:32","modified_gmt":"2025-05-05T13:53:32","slug":"places-disponibles-per-al-curs-comunicar-atenent-a-la-prevencio-i-atencio-emocional-dintre-laula-dfp","status":"publish","type":"post","link":"https:\/\/projectes.xtec.cat\/pfi\/general\/places-disponibles-per-al-curs-comunicar-atenent-a-la-prevencio-i-atencio-emocional-dintre-laula-dfp\/","title":{"rendered":"Places disponibles per al curs: Comunicar atenent a la prevenci\u00f3 i atenci\u00f3 emocional dintre l&#8217;aula d&#8217;FP"},"content":{"rendered":"<div class=\"flex max-w-full flex-col grow\">\n<div class=\"min-h-8 text-message relative flex w-full flex-col items-end gap-2 text-start break-words whitespace-normal [.text-message+&amp;]:mt-5\" dir=\"auto\" data-message-author-role=\"assistant\" data-message-id=\"20aa8861-9d11-47e7-91fb-0d76939d9548\" data-message-model-slug=\"gpt-4o\">\n<div class=\"flex w-full flex-col gap-1 empty:hidden first:pt-[3px]\">\n<div class=\"markdown prose dark:prose-invert w-full break-words light\">\n<p class=\"\" data-start=\"94\" data-end=\"630\">Aquesta formaci\u00f3 est\u00e0 pensada especialment per a docents de Formaci\u00f3 Professional que vulguin incorporar eines pr\u00e0ctiques per fomentar la intel\u00b7lig\u00e8ncia emocional a l\u2019aula. Aprendr\u00e0s estrat\u00e8gies per crear un entorn positiu i segur, on tant professorat com alumnat puguin expressar i regular les emocions de manera saludable. A m\u00e9s, t\u2019endinsar\u00e0s en t\u00e8cniques de comunicaci\u00f3 efectiva i emp\u00e0tica per acompanyar estudiants que viuen situacions emocionals complexes, com l\u2019ansietat, la depressi\u00f3 o dificultats com el TDAH o l\u2019autisme lleu.<\/p>\n<p class=\"\" data-start=\"632\" data-end=\"723\">Una oportunitat per cr\u00e9ixer com a docent i crear vincles m\u00e9s positius amb el teu alumnat!<\/p>\n<p class=\"\" data-start=\"725\" data-end=\"839\">Per a m\u00e9s informaci\u00f3 i inscripci\u00f3 seguiu el seg\u00fcent <a href=\"https:\/\/aplicacions.gestioeducativa.gencat.cat\/ords\/pls\/soloas\/pk_for_mod_ins.p_for_detall_activitat?p_header=Llista%20d%27activitats%5Epk_for_mod_ins.p_for_cons_activitats?p_any=2024-2025%26p_totes=N%26p_inici=31%26p_excloure_crp_rec=T&amp;p_codi=0004220600&amp;p_curs=2024-2025&amp;p_excloure_crp_rec=T\">enlla\u00e7 <\/a><\/p>\n<\/div>\n<\/div>\n<\/div>\n<\/div>\n<div class=\"mt-3 w-full empty:hidden\">\n<div class=\"text-center\">\n<div class=\"mx-auto\">\n<div>\n<div class=\"inline-flex rounded-xl border border-gray-100 dark:border-gray-700\">\n<div class=\"text-token-text-secondary flex items-center justify-center gap-4 px-4 py-3 text-sm\"><\/div>\n<\/div>\n<\/div>\n<\/div>\n<\/div>\n<\/div>\n","protected":false},"excerpt":{"rendered":"<p>Aquesta formaci\u00f3 est\u00e0 pensada especialment per a docents de Formaci\u00f3 Professional que vulguin incorporar eines pr\u00e0ctiques per fomentar la intel\u00b7lig\u00e8ncia emocional a l\u2019aula. Aprendr\u00e0s estrat\u00e8gies per crear un entorn positiu i segur, on tant professorat com alumnat puguin expressar i regular les emocions de manera&hellip;  <a href=\"https:\/\/projectes.xtec.cat\/pfi\/general\/places-disponibles-per-al-curs-comunicar-atenent-a-la-prevencio-i-atencio-emocional-dintre-laula-dfp\/\" title=\"Read Places disponibles per al curs: Comunicar atenent a la prevenci\u00f3 i atenci\u00f3 emocional dintre l&#8217;aula d&#8217;FP\">Llegeix m\u00e9s\u00bb<\/a><\/p>\n","protected":false},"author":1,"featured_media":0,"comment_status":"open","ping_status":"closed","sticky":false,"template":"","format":"standard","meta":{"_bbp_topic_count":0,"_bbp_reply_count":0,"_bbp_total_topic_count":0,"_bbp_total_reply_count":0,"_bbp_voice_count":0,"_bbp_anonymous_reply_count":0,"_bbp_topic_count_hidden":0,"_bbp_reply_count_hidden":0,"_bbp_forum_subforum_count":0,"footnotes":""},"categories":[154,1,29],"tags":[],"class_list":["post-20241","post","type-post","status-publish","format-standard","hentry","category-formacio","category-general","category-portada"],"post_mailing_queue_ids":[],"_links":{"self":[{"href":"https:\/\/projectes.xtec.cat\/pfi\/wp-json\/wp\/v2\/posts\/20241","targetHints":{"allow":["GET"]}}],"collection":[{"href":"https:\/\/projectes.xtec.cat\/pfi\/wp-json\/wp\/v2\/posts"}],"about":[{"href":"https:\/\/projectes.xtec.cat\/pfi\/wp-json\/wp\/v2\/types\/post"}],"author":[{"embeddable":true,"href":"https:\/\/projectes.xtec.cat\/pfi\/wp-json\/wp\/v2\/users\/1"}],"replies":[{"embeddable":true,"href":"https:\/\/projectes.xtec.cat\/pfi\/wp-json\/wp\/v2\/comments?post=20241"}],"version-history":[{"count":1,"href":"https:\/\/projectes.xtec.cat\/pfi\/wp-json\/wp\/v2\/posts\/20241\/revisions"}],"predecessor-version":[{"id":20242,"href":"https:\/\/projectes.xtec.cat\/pfi\/wp-json\/wp\/v2\/posts\/20241\/revisions\/20242"}],"wp:attachment":[{"href":"https:\/\/projectes.xtec.cat\/pfi\/wp-json\/wp\/v2\/media?parent=20241"}],"wp:term":[{"taxonomy":"category","embeddable":true,"href":"https:\/\/projectes.xtec.cat\/pfi\/wp-json\/wp\/v2\/categories?post=20241"},{"taxonomy":"post_tag","embeddable":true,"href":"https:\/\/projectes.xtec.cat\/pfi\/wp-json\/wp\/v2\/tags?post=20241"}],"curies":[{"name":"wp","href":"https:\/\/api.w.org\/{rel}","templated":true}]}}