{"id":20282,"date":"2025-05-13T13:42:41","date_gmt":"2025-05-13T11:42:41","guid":{"rendered":"https:\/\/projectes.xtec.cat\/pfi\/?p=20282"},"modified":"2025-05-13T13:42:41","modified_gmt":"2025-05-13T11:42:41","slug":"visita-a-bonarea-dels-pfis-de-comerc-i-informatica-de-linstitut-joaquim-mir","status":"publish","type":"post","link":"https:\/\/projectes.xtec.cat\/pfi\/general\/visita-a-bonarea-dels-pfis-de-comerc-i-informatica-de-linstitut-joaquim-mir\/","title":{"rendered":"Visita a bon\u00c0rea dels PFIs de Comer\u00e7 i Inform\u00e0tica de l\u2019Institut Joaquim Mir"},"content":{"rendered":"<p class=\"\" data-start=\"238\" data-end=\"620\">El passat dilluns 12 de maig, l\u2019alumnat dels PFI d\u2019Auxiliar de Comer\u00e7 i Atenci\u00f3 al P\u00fablic i d\u2019Auxiliar de Muntatge i Manteniment d\u2019Equips Inform\u00e0tics de l\u2019Institut Joaquim Mir va realitzar una sortida conjunta a <strong data-start=\"485\" data-end=\"497\">Guissona<\/strong> per visitar les instal\u00b7lacions de <strong>bon\u00c0rea<\/strong>, una de les empreses referents del sector agroalimentari a Catalunya.<\/p>\n<p class=\"\" data-start=\"622\" data-end=\"877\">La jornada va comen\u00e7ar amb una passejada pel nucli urb\u00e0 de Guissona, on els i les alumnes van poder con\u00e8ixer la hist\u00f2ria i les particularitats d\u2019aquest municipi estretament vinculat al desenvolupament i creixement de bon\u00c0rea des de la seva fundaci\u00f3, l\u2019any 1959.<\/p>\n<p class=\"\" data-start=\"879\" data-end=\"1234\">A continuaci\u00f3, es va dur a terme una <strong data-start=\"916\" data-end=\"970\">visita guiada per les instal\u00b7lacions de la f\u00e0brica<\/strong>, que va permetre a l&#8217;alumnat endinsar-se en el funcionament intern de l\u2019empresa: des de la producci\u00f3 fins a la distribuci\u00f3 dels seus productes, que arriben a centenars de punts de venda de Catalunya, altres comunitats de l\u2019Estat i tamb\u00e9 a nivell internacional.<\/p>\n<p class=\"\" data-start=\"1236\" data-end=\"1587\">Durant el recorregut, es van compartir dades i curiositats rellevants: per exemple, que les cambres de curaci\u00f3 poden emmagatzemar fins a <strong data-start=\"1373\" data-end=\"1399\">25.000 potes de pernil<\/strong>, amb un per\u00edode de curaci\u00f3 de diversos mesos. Tamb\u00e9 es va posar en valor l\u2019<strong data-start=\"1473\" data-end=\"1516\">atenci\u00f3 a l\u2019ergonomia dels i les treballadores<\/strong>, amb sistemes adaptables a l\u2019al\u00e7ada i les necessitats de cada operari i oper\u00e0ria..<\/p>\n<p class=\"\" data-start=\"1589\" data-end=\"1746\">La visita va finalitzar amb un <strong data-start=\"1620\" data-end=\"1656\">dinar al bufet lliure de bon\u00c0rea<\/strong>, on tots i totes van poder gaudir d\u2019una estona distesa i de conviv\u00e8ncia.<\/p>\n<p class=\"\" data-start=\"1748\" data-end=\"1999\">Aquesta activitat va resultar especialment enriquidora, tant per l\u2019aprenentatge pr\u00e0ctic que ofereix en relaci\u00f3 amb el m\u00f3n laboral i empresarial, com per la possibilitat d\u2019<strong data-start=\"1919\" data-end=\"1957\">afavorir l\u2019intercanvi i la cohesi\u00f3<\/strong> entre els dos grups dels PFIs del centre.<\/p>\n<p class=\"\" data-start=\"2001\" data-end=\"2092\">Una experi\u00e8ncia completa que suma coneixement, conviv\u00e8ncia i motivaci\u00f3 per seguir aprenent!<\/p>\n<p data-start=\"2001\" data-end=\"2092\"><a href=\"https:\/\/projectes.xtec.cat\/pfi\/wp-content\/uploads\/usu1781\/2025\/05\/IMG_0891.jpg\"><img loading=\"lazy\" decoding=\"async\" class=\"alignnone size-large wp-image-20283\" src=\"https:\/\/projectes.xtec.cat\/pfi\/wp-content\/uploads\/usu1781\/2025\/05\/IMG_0891-1024x768.jpg\" alt=\"\" width=\"1024\" height=\"768\" srcset=\"https:\/\/projectes.xtec.cat\/pfi\/wp-content\/uploads\/usu1781\/2025\/05\/IMG_0891-1024x768.jpg 1024w, https:\/\/projectes.xtec.cat\/pfi\/wp-content\/uploads\/usu1781\/2025\/05\/IMG_0891-300x225.jpg 300w, https:\/\/projectes.xtec.cat\/pfi\/wp-content\/uploads\/usu1781\/2025\/05\/IMG_0891-768x576.jpg 768w, https:\/\/projectes.xtec.cat\/pfi\/wp-content\/uploads\/usu1781\/2025\/05\/IMG_0891-1536x1152.jpg 1536w, https:\/\/projectes.xtec.cat\/pfi\/wp-content\/uploads\/usu1781\/2025\/05\/IMG_0891-200x150.jpg 200w, https:\/\/projectes.xtec.cat\/pfi\/wp-content\/uploads\/usu1781\/2025\/05\/IMG_0891.jpg 2000w\" sizes=\"auto, (max-width: 1024px) 100vw, 1024px\" \/><\/a><\/p>\n<p data-start=\"2001\" data-end=\"2092\">\n","protected":false},"excerpt":{"rendered":"<p>El passat dilluns 12 de maig, l\u2019alumnat dels PFI d\u2019Auxiliar de Comer\u00e7 i Atenci\u00f3 al P\u00fablic i d\u2019Auxiliar de Muntatge i Manteniment d\u2019Equips Inform\u00e0tics de l\u2019Institut Joaquim Mir va realitzar una sortida conjunta a Guissona per visitar les instal\u00b7lacions de bon\u00c0rea, una de les empreses&hellip;  <a href=\"https:\/\/projectes.xtec.cat\/pfi\/general\/visita-a-bonarea-dels-pfis-de-comerc-i-informatica-de-linstitut-joaquim-mir\/\" title=\"Read Visita a bon\u00c0rea dels PFIs de Comer\u00e7 i Inform\u00e0tica de l\u2019Institut Joaquim Mir\">Llegeix m\u00e9s\u00bb<\/a><\/p>\n","protected":false},"author":374,"featured_media":20283,"comment_status":"open","ping_status":"closed","sticky":false,"template":"","format":"standard","meta":{"_bbp_topic_count":0,"_bbp_reply_count":0,"_bbp_total_topic_count":0,"_bbp_total_reply_count":0,"_bbp_voice_count":0,"_bbp_anonymous_reply_count":0,"_bbp_topic_count_hidden":0,"_bbp_reply_count_hidden":0,"_bbp_forum_subforum_count":0,"footnotes":""},"categories":[1,29],"tags":[],"class_list":["post-20282","post","type-post","status-publish","format-standard","has-post-thumbnail","hentry","category-general","category-portada"],"post_mailing_queue_ids":[],"_links":{"self":[{"href":"https:\/\/projectes.xtec.cat\/pfi\/wp-json\/wp\/v2\/posts\/20282","targetHints":{"allow":["GET"]}}],"collection":[{"href":"https:\/\/projectes.xtec.cat\/pfi\/wp-json\/wp\/v2\/posts"}],"about":[{"href":"https:\/\/projectes.xtec.cat\/pfi\/wp-json\/wp\/v2\/types\/post"}],"author":[{"embeddable":true,"href":"https:\/\/projectes.xtec.cat\/pfi\/wp-json\/wp\/v2\/users\/374"}],"replies":[{"embeddable":true,"href":"https:\/\/projectes.xtec.cat\/pfi\/wp-json\/wp\/v2\/comments?post=20282"}],"version-history":[{"count":3,"href":"https:\/\/projectes.xtec.cat\/pfi\/wp-json\/wp\/v2\/posts\/20282\/revisions"}],"predecessor-version":[{"id":20287,"href":"https:\/\/projectes.xtec.cat\/pfi\/wp-json\/wp\/v2\/posts\/20282\/revisions\/20287"}],"wp:featuredmedia":[{"embeddable":true,"href":"https:\/\/projectes.xtec.cat\/pfi\/wp-json\/wp\/v2\/media\/20283"}],"wp:attachment":[{"href":"https:\/\/projectes.xtec.cat\/pfi\/wp-json\/wp\/v2\/media?parent=20282"}],"wp:term":[{"taxonomy":"category","embeddable":true,"href":"https:\/\/projectes.xtec.cat\/pfi\/wp-json\/wp\/v2\/categories?post=20282"},{"taxonomy":"post_tag","embeddable":true,"href":"https:\/\/projectes.xtec.cat\/pfi\/wp-json\/wp\/v2\/tags?post=20282"}],"curies":[{"name":"wp","href":"https:\/\/api.w.org\/{rel}","templated":true}]}}