{"id":20288,"date":"2025-05-13T13:43:24","date_gmt":"2025-05-13T11:43:24","guid":{"rendered":"https:\/\/projectes.xtec.cat\/pfi\/?p=20288"},"modified":"2025-05-13T13:43:24","modified_gmt":"2025-05-13T11:43:24","slug":"lalumnat-del-pfi-ptt-auxiliar-de-fabricacio-mecanica-visita-lempresa-oliva-torras","status":"publish","type":"post","link":"https:\/\/projectes.xtec.cat\/pfi\/general\/lalumnat-del-pfi-ptt-auxiliar-de-fabricacio-mecanica-visita-lempresa-oliva-torras\/","title":{"rendered":"L&#8217;alumnat del PFI PTT Auxiliar de fabricaci\u00f3 mec\u00e0nica visita l&#8217;empresa Oliva Torras"},"content":{"rendered":"<p style=\"font-weight: 400;\"><em>L\u2019Alumnat del PFI PTT de fabricaci\u00f3 mec\u00e0nica ha visitat l&#8217;empresa Oliva Torras, tot un referent al territori en la fabricaci\u00f3 de productes de base met\u00e0l\u00b7lica. Durant la visita l&#8217;alumnat ha pogut veure la planta de fabricaci\u00f3 i con\u00e8ixer els projectes que t\u00e9 a tot el m\u00f3n. A m\u00e9s, aquest any l&#8217;empresa far\u00e0 80 anys de la seva creaci\u00f3.<\/em><\/p>\n<p><em>Moltes gr\u00e0cies per oferir-nos la oportunitat de visitar l&#8217;empresa.\u00a0<\/em><\/p>\n<p><a href=\"https:\/\/projectes.xtec.cat\/pfi\/wp-content\/uploads\/usu1781\/2025\/05\/Foto-grup-Oliva-Torras-scaled.jpg\"><img loading=\"lazy\" decoding=\"async\" class=\"aligncenter wp-image-20290 size-medium\" src=\"https:\/\/projectes.xtec.cat\/pfi\/wp-content\/uploads\/usu1781\/2025\/05\/Foto-grup-Oliva-Torras-225x300.jpg\" alt=\"\" width=\"225\" height=\"300\" srcset=\"https:\/\/projectes.xtec.cat\/pfi\/wp-content\/uploads\/usu1781\/2025\/05\/Foto-grup-Oliva-Torras-225x300.jpg 225w, https:\/\/projectes.xtec.cat\/pfi\/wp-content\/uploads\/usu1781\/2025\/05\/Foto-grup-Oliva-Torras-768x1024.jpg 768w, https:\/\/projectes.xtec.cat\/pfi\/wp-content\/uploads\/usu1781\/2025\/05\/Foto-grup-Oliva-Torras-1152x1536.jpg 1152w, https:\/\/projectes.xtec.cat\/pfi\/wp-content\/uploads\/usu1781\/2025\/05\/Foto-grup-Oliva-Torras-1536x2048.jpg 1536w, https:\/\/projectes.xtec.cat\/pfi\/wp-content\/uploads\/usu1781\/2025\/05\/Foto-grup-Oliva-Torras-scaled.jpg 1920w\" sizes=\"auto, (max-width: 225px) 100vw, 225px\" \/><\/a><\/p>\n<p><em>\u00a0<\/em><\/p>\n","protected":false},"excerpt":{"rendered":"<p>L\u2019Alumnat del PFI PTT de fabricaci\u00f3 mec\u00e0nica ha visitat l&#8217;empresa Oliva Torras, tot un referent al territori en la fabricaci\u00f3 de productes de base met\u00e0l\u00b7lica. Durant la visita l&#8217;alumnat ha pogut veure la planta de fabricaci\u00f3 i con\u00e8ixer els projectes que t\u00e9 a tot el&hellip;  <a href=\"https:\/\/projectes.xtec.cat\/pfi\/general\/lalumnat-del-pfi-ptt-auxiliar-de-fabricacio-mecanica-visita-lempresa-oliva-torras\/\" title=\"Read L&#8217;alumnat del PFI PTT Auxiliar de fabricaci\u00f3 mec\u00e0nica visita l&#8217;empresa Oliva Torras\">Llegeix m\u00e9s\u00bb<\/a><\/p>\n","protected":false},"author":285,"featured_media":20290,"comment_status":"open","ping_status":"closed","sticky":false,"template":"","format":"standard","meta":{"_bbp_topic_count":0,"_bbp_reply_count":0,"_bbp_total_topic_count":0,"_bbp_total_reply_count":0,"_bbp_voice_count":0,"_bbp_anonymous_reply_count":0,"_bbp_topic_count_hidden":0,"_bbp_reply_count_hidden":0,"_bbp_forum_subforum_count":0,"footnotes":""},"categories":[1,29],"tags":[],"class_list":["post-20288","post","type-post","status-publish","format-standard","has-post-thumbnail","hentry","category-general","category-portada"],"post_mailing_queue_ids":[],"_links":{"self":[{"href":"https:\/\/projectes.xtec.cat\/pfi\/wp-json\/wp\/v2\/posts\/20288","targetHints":{"allow":["GET"]}}],"collection":[{"href":"https:\/\/projectes.xtec.cat\/pfi\/wp-json\/wp\/v2\/posts"}],"about":[{"href":"https:\/\/projectes.xtec.cat\/pfi\/wp-json\/wp\/v2\/types\/post"}],"author":[{"embeddable":true,"href":"https:\/\/projectes.xtec.cat\/pfi\/wp-json\/wp\/v2\/users\/285"}],"replies":[{"embeddable":true,"href":"https:\/\/projectes.xtec.cat\/pfi\/wp-json\/wp\/v2\/comments?post=20288"}],"version-history":[{"count":2,"href":"https:\/\/projectes.xtec.cat\/pfi\/wp-json\/wp\/v2\/posts\/20288\/revisions"}],"predecessor-version":[{"id":20292,"href":"https:\/\/projectes.xtec.cat\/pfi\/wp-json\/wp\/v2\/posts\/20288\/revisions\/20292"}],"wp:featuredmedia":[{"embeddable":true,"href":"https:\/\/projectes.xtec.cat\/pfi\/wp-json\/wp\/v2\/media\/20290"}],"wp:attachment":[{"href":"https:\/\/projectes.xtec.cat\/pfi\/wp-json\/wp\/v2\/media?parent=20288"}],"wp:term":[{"taxonomy":"category","embeddable":true,"href":"https:\/\/projectes.xtec.cat\/pfi\/wp-json\/wp\/v2\/categories?post=20288"},{"taxonomy":"post_tag","embeddable":true,"href":"https:\/\/projectes.xtec.cat\/pfi\/wp-json\/wp\/v2\/tags?post=20288"}],"curies":[{"name":"wp","href":"https:\/\/api.w.org\/{rel}","templated":true}]}}