{"id":20308,"date":"2025-05-15T15:05:14","date_gmt":"2025-05-15T13:05:14","guid":{"rendered":"https:\/\/projectes.xtec.cat\/pfi\/?p=20308"},"modified":"2025-10-06T13:10:26","modified_gmt":"2025-10-06T11:10:26","slug":"2a-edicio-pfi-tech","status":"publish","type":"post","link":"https:\/\/projectes.xtec.cat\/pfi\/general\/2a-edicio-pfi-tech\/","title":{"rendered":"3a edici\u00f3 PFI Tech"},"content":{"rendered":"<p><span style=\"font-weight: 400;\">El dimarts 13 de maig de 2025 s\u2019ha celebrat a l&#8217;espai Ca l\u2019Alier de Barcelona la segona edici\u00f3 del PFITech, una jornada compromesa amb la promoci\u00f3 de vocacions industrials i tecnol\u00f2giques entre els joves dels Programes de Formaci\u00f3 i Inserci\u00f3 (PFI). L\u2019acte ha reunit al voltant de 100 assistents entre alumnat, docents i representants de les empreses generant un espai de trobada entre el m\u00f3n educatiu i el m\u00f3n empresarial.\u00a0<\/span><\/p>\n<p><span style=\"font-weight: 400;\">La jornada ha comen\u00e7at amb la benvinguda a c\u00e0rrec de la Sra. Olga Romero Mir, cap de Servei de Programes de Qualificaci\u00f3 i Iniciaci\u00f3 Professional del Departament d\u2019Educaci\u00f3 i Formaci\u00f3 Professional, qui ha destacat la import\u00e0ncia de la participaci\u00f3 de l\u2019alumnat en projectes amb impacte social. Tot seguit, els alumnes dels diversos instituts participants han presentat els seus projectes, mostrant una gran capacitat de treball, creativitat i aplicaci\u00f3 pr\u00e0ctica dels coneixements apresos.\u00a0<\/span><\/p>\n<p><span style=\"font-weight: 400;\">Despr\u00e9s de les presentacions, els participants han pogut gaudir de tallers pr\u00e0ctics organitzats per T-Systems, 42 Barcelona \u2013 Fundaci\u00f3 Telef\u00f2nica, Eurecat Academy i Draco Systems. A banda d&#8217;uns tallers de realitat virtual i d&#8217;art i fusta. Dividits en grups, els joves han pogut experimentar de primera m\u00e0 com es treballa amb intel\u00b7lig\u00e8ncia artificial, rob\u00f2tica, fabricaci\u00f3 additiva, realitat virtual i sistemes electr\u00f2nics intel\u00b7ligents.\u00a0<\/span><\/p>\n<p><span style=\"font-weight: 400;\">L\u2019alumnat participant tamb\u00e9 ha pogut gaudir d\u2019una visita guiada a les instal\u00b7lacions de T-Systems, fomentant aix\u00ed un contacte directe amb el dia a dia de l\u2019entorn empresarial tecnol\u00f2gic.\u00a0<\/span><\/p>\n<p><span style=\"font-weight: 400;\">Cal destacar que, pr\u00e8viament a aquesta jornada, l\u2019alumnat participant ha rebut formaci\u00f3 sobre educaci\u00f3 financera i habilitats comunicatives<\/span><span style=\"font-weight: 400;\">, <\/span><span style=\"font-weight: 400;\">gr\u00e0cies a la col\u00b7laboraci\u00f3 amb La M\u00fatua dels Enginyers.<\/span><\/p>\n<p><span style=\"font-weight: 400;\">La jornada ha comptat amb una visita lliure als estands que ha perm\u00e8s a tots els assistents con\u00e8ixer els projectes de la resta d\u2019alumnat i establir interaccions enriquidores. Finalment, s\u2019han lliurat els reconeixements <\/span><span style=\"font-weight: 400;\">per part de la M\u00fatua dels Enginyers <\/span><span style=\"font-weight: 400;\">a cada grup participant, en un acte que<\/span><span style=\"font-weight: 400;\"> ha servit<\/span><span style=\"font-weight: 400;\"> tamb\u00e9 per agrair la dedicaci\u00f3 del professorat i la implicaci\u00f3 de les empreses col\u00b7laboradores.<\/span><\/p>\n<p><span style=\"font-weight: 400;\">Aquesta jornada representa una aposta clara per la connexi\u00f3 entre la formaci\u00f3 professional i el m\u00f3n empresarial, un pas clau per construir un futur tecnol\u00f2gic m\u00e9s inclusiu, sostenible i orientat a potenciar les vocacions dels joves vers el sector.<\/span><\/p>\n<table style=\"border-collapse: collapse; width: 100%; height: 96px;\">\n<tbody>\n<tr style=\"height: 32px;\">\n<td style=\"width: 50%; height: 32px;\"><a href=\"https:\/\/projectes.xtec.cat\/pfi\/wp-content\/uploads\/usu1781\/2025\/05\/Captura-de-pantalla-2025-05-15-145906.png\"><img loading=\"lazy\" decoding=\"async\" class=\"aligncenter size-full wp-image-20310\" src=\"https:\/\/projectes.xtec.cat\/pfi\/wp-content\/uploads\/usu1781\/2025\/05\/Captura-de-pantalla-2025-05-15-145906.png\" alt=\"\" width=\"922\" height=\"622\" srcset=\"https:\/\/projectes.xtec.cat\/pfi\/wp-content\/uploads\/usu1781\/2025\/05\/Captura-de-pantalla-2025-05-15-145906.png 922w, https:\/\/projectes.xtec.cat\/pfi\/wp-content\/uploads\/usu1781\/2025\/05\/Captura-de-pantalla-2025-05-15-145906-300x202.png 300w, https:\/\/projectes.xtec.cat\/pfi\/wp-content\/uploads\/usu1781\/2025\/05\/Captura-de-pantalla-2025-05-15-145906-768x518.png 768w\" sizes=\"auto, (max-width: 922px) 100vw, 922px\" \/><\/a><\/td>\n<td style=\"width: 50%; height: 32px;\"><span style=\"color: #2795b6;\"><span style=\"font-size: 16px;\"><a style=\"color: #2795b6; font-size: 16px;\" href=\"https:\/\/projectes.xtec.cat\/pfi\/wp-content\/uploads\/usu1781\/2025\/05\/Captura-de-pantalla-2025-05-15-145932.png\"><img loading=\"lazy\" decoding=\"async\" class=\"aligncenter size-full wp-image-20311\" src=\"https:\/\/projectes.xtec.cat\/pfi\/wp-content\/uploads\/usu1781\/2025\/05\/Captura-de-pantalla-2025-05-15-145932.png\" alt=\"\" width=\"925\" height=\"615\" srcset=\"https:\/\/projectes.xtec.cat\/pfi\/wp-content\/uploads\/usu1781\/2025\/05\/Captura-de-pantalla-2025-05-15-145932.png 925w, https:\/\/projectes.xtec.cat\/pfi\/wp-content\/uploads\/usu1781\/2025\/05\/Captura-de-pantalla-2025-05-15-145932-300x199.png 300w, https:\/\/projectes.xtec.cat\/pfi\/wp-content\/uploads\/usu1781\/2025\/05\/Captura-de-pantalla-2025-05-15-145932-768x511.png 768w\" sizes=\"auto, (max-width: 925px) 100vw, 925px\" \/><\/a><\/span><\/span><\/p>\n<p>&nbsp;<\/td>\n<\/tr>\n<tr style=\"height: 32px;\">\n<td style=\"width: 50%; height: 32px;\"><a href=\"https:\/\/projectes.xtec.cat\/pfi\/wp-content\/uploads\/usu1781\/2025\/05\/Captura-de-pantalla-2025-05-15-150027.png\"><img loading=\"lazy\" decoding=\"async\" class=\"aligncenter size-full wp-image-20312\" src=\"https:\/\/projectes.xtec.cat\/pfi\/wp-content\/uploads\/usu1781\/2025\/05\/Captura-de-pantalla-2025-05-15-150027.png\" alt=\"\" width=\"922\" height=\"616\" srcset=\"https:\/\/projectes.xtec.cat\/pfi\/wp-content\/uploads\/usu1781\/2025\/05\/Captura-de-pantalla-2025-05-15-150027.png 922w, https:\/\/projectes.xtec.cat\/pfi\/wp-content\/uploads\/usu1781\/2025\/05\/Captura-de-pantalla-2025-05-15-150027-300x200.png 300w, https:\/\/projectes.xtec.cat\/pfi\/wp-content\/uploads\/usu1781\/2025\/05\/Captura-de-pantalla-2025-05-15-150027-768x513.png 768w\" sizes=\"auto, (max-width: 922px) 100vw, 922px\" \/><\/a><\/td>\n<td style=\"width: 50%; height: 32px;\"><a href=\"https:\/\/projectes.xtec.cat\/pfi\/wp-content\/uploads\/usu1781\/2025\/05\/Captura-de-pantalla-2025-05-15-150049.png\"><img loading=\"lazy\" decoding=\"async\" class=\"aligncenter size-full wp-image-20313\" src=\"https:\/\/projectes.xtec.cat\/pfi\/wp-content\/uploads\/usu1781\/2025\/05\/Captura-de-pantalla-2025-05-15-150049.png\" alt=\"\" width=\"919\" height=\"616\" srcset=\"https:\/\/projectes.xtec.cat\/pfi\/wp-content\/uploads\/usu1781\/2025\/05\/Captura-de-pantalla-2025-05-15-150049.png 919w, https:\/\/projectes.xtec.cat\/pfi\/wp-content\/uploads\/usu1781\/2025\/05\/Captura-de-pantalla-2025-05-15-150049-300x201.png 300w, https:\/\/projectes.xtec.cat\/pfi\/wp-content\/uploads\/usu1781\/2025\/05\/Captura-de-pantalla-2025-05-15-150049-768x515.png 768w\" sizes=\"auto, (max-width: 919px) 100vw, 919px\" \/><\/a><\/td>\n<\/tr>\n<tr style=\"height: 32px;\">\n<td style=\"width: 50%; height: 32px;\"><a href=\"https:\/\/projectes.xtec.cat\/pfi\/wp-content\/uploads\/usu1781\/2025\/05\/Captura-de-pantalla-2025-05-15-150111.png\"><img loading=\"lazy\" decoding=\"async\" class=\"aligncenter size-full wp-image-20314\" src=\"https:\/\/projectes.xtec.cat\/pfi\/wp-content\/uploads\/usu1781\/2025\/05\/Captura-de-pantalla-2025-05-15-150111.png\" alt=\"\" width=\"919\" height=\"606\" srcset=\"https:\/\/projectes.xtec.cat\/pfi\/wp-content\/uploads\/usu1781\/2025\/05\/Captura-de-pantalla-2025-05-15-150111.png 919w, https:\/\/projectes.xtec.cat\/pfi\/wp-content\/uploads\/usu1781\/2025\/05\/Captura-de-pantalla-2025-05-15-150111-300x198.png 300w, https:\/\/projectes.xtec.cat\/pfi\/wp-content\/uploads\/usu1781\/2025\/05\/Captura-de-pantalla-2025-05-15-150111-768x506.png 768w\" sizes=\"auto, (max-width: 919px) 100vw, 919px\" \/><\/a><\/td>\n<td style=\"width: 50%; height: 32px;\"><a href=\"https:\/\/projectes.xtec.cat\/pfi\/wp-content\/uploads\/usu1781\/2025\/05\/Captura-de-pantalla-2025-05-15-150154.png\"><img loading=\"lazy\" decoding=\"async\" class=\"aligncenter wp-image-20309 size-full\" src=\"https:\/\/projectes.xtec.cat\/pfi\/wp-content\/uploads\/usu1781\/2025\/05\/Captura-de-pantalla-2025-05-15-150154.png\" alt=\"\" width=\"925\" height=\"612\" srcset=\"https:\/\/projectes.xtec.cat\/pfi\/wp-content\/uploads\/usu1781\/2025\/05\/Captura-de-pantalla-2025-05-15-150154.png 925w, https:\/\/projectes.xtec.cat\/pfi\/wp-content\/uploads\/usu1781\/2025\/05\/Captura-de-pantalla-2025-05-15-150154-300x198.png 300w, https:\/\/projectes.xtec.cat\/pfi\/wp-content\/uploads\/usu1781\/2025\/05\/Captura-de-pantalla-2025-05-15-150154-768x508.png 768w\" sizes=\"auto, (max-width: 925px) 100vw, 925px\" \/><\/a><\/td>\n<\/tr>\n<\/tbody>\n<\/table>\n<p>&nbsp;<\/p>\n","protected":false},"excerpt":{"rendered":"<p>El dimarts 13 de maig de 2025 s\u2019ha celebrat a l&#8217;espai Ca l\u2019Alier de Barcelona la segona edici\u00f3 del PFITech, una jornada compromesa amb la promoci\u00f3 de vocacions industrials i tecnol\u00f2giques entre els joves dels Programes de Formaci\u00f3 i Inserci\u00f3 (PFI). L\u2019acte ha reunit al&hellip;  <a href=\"https:\/\/projectes.xtec.cat\/pfi\/general\/2a-edicio-pfi-tech\/\" title=\"Read 3a edici\u00f3 PFI Tech\">Llegeix m\u00e9s\u00bb<\/a><\/p>\n","protected":false},"author":1,"featured_media":20309,"comment_status":"open","ping_status":"closed","sticky":false,"template":"","format":"standard","meta":{"_bbp_topic_count":0,"_bbp_reply_count":0,"_bbp_total_topic_count":0,"_bbp_total_reply_count":0,"_bbp_voice_count":0,"_bbp_anonymous_reply_count":0,"_bbp_topic_count_hidden":0,"_bbp_reply_count_hidden":0,"_bbp_forum_subforum_count":0,"footnotes":""},"categories":[1,656,29],"tags":[],"class_list":["post-20308","post","type-post","status-publish","format-standard","has-post-thumbnail","hentry","category-general","category-pfi-tech","category-portada"],"post_mailing_queue_ids":[],"_links":{"self":[{"href":"https:\/\/projectes.xtec.cat\/pfi\/wp-json\/wp\/v2\/posts\/20308","targetHints":{"allow":["GET"]}}],"collection":[{"href":"https:\/\/projectes.xtec.cat\/pfi\/wp-json\/wp\/v2\/posts"}],"about":[{"href":"https:\/\/projectes.xtec.cat\/pfi\/wp-json\/wp\/v2\/types\/post"}],"author":[{"embeddable":true,"href":"https:\/\/projectes.xtec.cat\/pfi\/wp-json\/wp\/v2\/users\/1"}],"replies":[{"embeddable":true,"href":"https:\/\/projectes.xtec.cat\/pfi\/wp-json\/wp\/v2\/comments?post=20308"}],"version-history":[{"count":2,"href":"https:\/\/projectes.xtec.cat\/pfi\/wp-json\/wp\/v2\/posts\/20308\/revisions"}],"predecessor-version":[{"id":20639,"href":"https:\/\/projectes.xtec.cat\/pfi\/wp-json\/wp\/v2\/posts\/20308\/revisions\/20639"}],"wp:featuredmedia":[{"embeddable":true,"href":"https:\/\/projectes.xtec.cat\/pfi\/wp-json\/wp\/v2\/media\/20309"}],"wp:attachment":[{"href":"https:\/\/projectes.xtec.cat\/pfi\/wp-json\/wp\/v2\/media?parent=20308"}],"wp:term":[{"taxonomy":"category","embeddable":true,"href":"https:\/\/projectes.xtec.cat\/pfi\/wp-json\/wp\/v2\/categories?post=20308"},{"taxonomy":"post_tag","embeddable":true,"href":"https:\/\/projectes.xtec.cat\/pfi\/wp-json\/wp\/v2\/tags?post=20308"}],"curies":[{"name":"wp","href":"https:\/\/api.w.org\/{rel}","templated":true}]}}