{"id":20417,"date":"2025-06-02T09:22:16","date_gmt":"2025-06-02T07:22:16","guid":{"rendered":"https:\/\/projectes.xtec.cat\/pfi\/?p=20417"},"modified":"2025-06-02T12:55:19","modified_gmt":"2025-06-02T10:55:19","slug":"els-joves-dels-pfi-de-solsona-i-de-moia-milloren-espais-exteriors-del-crae-i-del-centre-lestrella-amb-esforc-professionalitat-i-compromis","status":"publish","type":"post","link":"https:\/\/projectes.xtec.cat\/pfi\/general\/els-joves-dels-pfi-de-solsona-i-de-moia-milloren-espais-exteriors-del-crae-i-del-centre-lestrella-amb-esforc-professionalitat-i-compromis\/","title":{"rendered":"Els PFI de Solsona i Moi\u00e0 milloren espais exteriors del CRAE i del centre l\u2019Estrella amb molta professionalitat"},"content":{"rendered":"<table style=\"border: none; width: 100%;\">\n<tbody>\n<tr style=\"border: none;\">\n<td style=\"width: 45.8839%; border: none;\">\n<div style=\"position: relative; width: 100%; height: 0; padding-top: 125.0000%; padding-bottom: 0; margin-top: 1.6em; margin-bottom: 0.9em; overflow: hidden; border-radius: 8px;\"><iframe style=\"position: absolute; width: 100%; height: 100%; top: 0; left: 0; border: none; padding: 0; margin: 0;\" src=\"https:\/\/www.canva.com\/design\/DAGovbSa5jM\/4MhczmLSnvyn8nNMX5pRkA\/watch?embed\"><br \/>\n<\/iframe><\/div>\n<\/td>\n<td style=\"width: 69.9056%; border: none; text-align: justify;\">L\u2019alumnat dels Programes de Formaci\u00f3 i Inserci\u00f3 (PFI) dels instituts Francesc Ribalta de Solsona i Institut Moian\u00e8s de Moi\u00e0 hem engegat un projecte col\u00b7laboratiu per millorar espais naturals i educatius de l\u2019entorn amb l\u2019objectiu de posar en pr\u00e0ctica les compet\u00e8ncies professionals adquirides al llarg del curs i compartir els aprenentatges. El passat dimarts dia 27 de maig el PFI de Moi\u00e0 es va despla\u00e7ar a Solsona per fer un intercanvi d\u2019experi\u00e8ncies amb el PFI d&#8217;auxiliar de vivers i jardineria de Solsona. Vam dur a terme una actuaci\u00f3 conjunta de millora dels entorns del CRAE i el Centre l\u2019Estrella.<\/p>\n<p>Els joves van treballar de valent i amb molta implicaci\u00f3 i gaireb\u00e9 vam realitzar totes les actuacions previstes: arreglar les escales de pedra que comuniquen els dos edificis, desbrossar la zona de l\u2019entorn de la casa i l\u2019era. A m\u00e9s, com a acci\u00f3 simb\u00f2lica i transformadora, vam plantar un arbre i diverses plantes ornamentals, aportant un toc de vida i color a l\u2019espai.<\/p>\n<p>Aquest projecte no nom\u00e9s ha perm\u00e8s als alumnes aplicar els seus coneixements professionals en manteniment de jardins i vivers, sin\u00f3 que tamb\u00e9 ha fomentat la col\u00b7laboraci\u00f3 entre centres, el comprom\u00eds i el vincle amb l\u2019entorn. La jornada ha sigut valorada molt positivament per tots els participants, i destaquem l\u2019ambient de cooperaci\u00f3, l\u2019esfor\u00e7 col\u00b7lectiu i la satisfacci\u00f3 de veure els resultats del seu treball.<\/td>\n<\/tr>\n<tr>\n<td style=\"width: 45.8839%; border: none;\" colspan=\"2\">Aquesta iniciativa forma part d\u2019una estrat\u00e8gia educativa que connecta formaci\u00f3, territori i valors comunitaris.<\/p>\n<p><span style=\"font-weight: 400;\">Volem agrair a la cooperativa GEDI SCCL (<\/span><a href=\"https:\/\/www.instagram.com\/gedi_sccl\/\"><span style=\"font-weight: 400;\">@gedi_sccl<\/span><\/a><span style=\"font-weight: 400;\">) l\u2019oportunitat que ens ha donat.\u00a0\u00a0<\/span><\/p>\n<p><span style=\"font-weight: 400;\">I tamb\u00e9 agrair a l\u2019Ajuntament de Moi\u00e0 (<a href=\"https:\/\/www.instagram.com\/ajmoia\/\">@ajmoia<\/a>) que ha subvencionat el transport.<\/span><\/p>\n<p><a href=\"https:\/\/www.instagram.com\/insfrancescribalta_solsona\/\" target=\"_blank\" rel=\"noopener\"><span style=\"font-weight: 400;\">@insfrancescribalta_solsona<\/span><\/a><span style=\"font-weight: 400;\">, <a href=\"https:\/\/www.instagram.com\/insmoianes\/\" target=\"_blank\" rel=\"noopener\">@insmoianes<\/a>, <\/span><a href=\"https:\/\/www.instagram.com\/gedi_sccl\/\"><span style=\"font-weight: 400;\">@gedi_sccl<\/span><\/a><span style=\"font-weight: 400;\">, <a href=\"https:\/\/www.instagram.com\/ajmoia\/\" target=\"_blank\" rel=\"noopener\">@ajmoia<\/a>, <a href=\"https:\/\/www.instagram.com\/pfi_edu\/\" target=\"_blank\" rel=\"noopener\">@pfi_edu<\/a>, <a href=\"https:\/\/www.instagram.com\/xarxespfi\/\" target=\"_blank\" rel=\"noopener\">@xarxespfi<\/a>, #pfiCAT, #somFP, #impulsFP, #projectescomunitaris #intercanvi_experi\u00e8ncies<\/span><\/td>\n<\/tr>\n<\/tbody>\n<\/table>\n","protected":false},"excerpt":{"rendered":"<p>L\u2019alumnat dels Programes de Formaci\u00f3 i Inserci\u00f3 (PFI) dels instituts Francesc Ribalta de Solsona i Institut Moian\u00e8s de Moi\u00e0 hem engegat un projecte col\u00b7laboratiu per millorar espais naturals i educatius de l\u2019entorn amb l\u2019objectiu de posar en pr\u00e0ctica les compet\u00e8ncies professionals adquirides al llarg del&hellip;  <a href=\"https:\/\/projectes.xtec.cat\/pfi\/general\/els-joves-dels-pfi-de-solsona-i-de-moia-milloren-espais-exteriors-del-crae-i-del-centre-lestrella-amb-esforc-professionalitat-i-compromis\/\" title=\"Read Els PFI de Solsona i Moi\u00e0 milloren espais exteriors del CRAE i del centre l\u2019Estrella amb molta professionalitat\">Llegeix m\u00e9s\u00bb<\/a><\/p>\n","protected":false},"author":382,"featured_media":20418,"comment_status":"open","ping_status":"closed","sticky":false,"template":"","format":"standard","meta":{"_bbp_topic_count":0,"_bbp_reply_count":0,"_bbp_total_topic_count":0,"_bbp_total_reply_count":0,"_bbp_voice_count":0,"_bbp_anonymous_reply_count":0,"_bbp_topic_count_hidden":0,"_bbp_reply_count_hidden":0,"_bbp_forum_subforum_count":0,"footnotes":""},"categories":[1,29],"tags":[],"class_list":["post-20417","post","type-post","status-publish","format-standard","has-post-thumbnail","hentry","category-general","category-portada"],"post_mailing_queue_ids":[],"_links":{"self":[{"href":"https:\/\/projectes.xtec.cat\/pfi\/wp-json\/wp\/v2\/posts\/20417","targetHints":{"allow":["GET"]}}],"collection":[{"href":"https:\/\/projectes.xtec.cat\/pfi\/wp-json\/wp\/v2\/posts"}],"about":[{"href":"https:\/\/projectes.xtec.cat\/pfi\/wp-json\/wp\/v2\/types\/post"}],"author":[{"embeddable":true,"href":"https:\/\/projectes.xtec.cat\/pfi\/wp-json\/wp\/v2\/users\/382"}],"replies":[{"embeddable":true,"href":"https:\/\/projectes.xtec.cat\/pfi\/wp-json\/wp\/v2\/comments?post=20417"}],"version-history":[{"count":6,"href":"https:\/\/projectes.xtec.cat\/pfi\/wp-json\/wp\/v2\/posts\/20417\/revisions"}],"predecessor-version":[{"id":20454,"href":"https:\/\/projectes.xtec.cat\/pfi\/wp-json\/wp\/v2\/posts\/20417\/revisions\/20454"}],"wp:featuredmedia":[{"embeddable":true,"href":"https:\/\/projectes.xtec.cat\/pfi\/wp-json\/wp\/v2\/media\/20418"}],"wp:attachment":[{"href":"https:\/\/projectes.xtec.cat\/pfi\/wp-json\/wp\/v2\/media?parent=20417"}],"wp:term":[{"taxonomy":"category","embeddable":true,"href":"https:\/\/projectes.xtec.cat\/pfi\/wp-json\/wp\/v2\/categories?post=20417"},{"taxonomy":"post_tag","embeddable":true,"href":"https:\/\/projectes.xtec.cat\/pfi\/wp-json\/wp\/v2\/tags?post=20417"}],"curies":[{"name":"wp","href":"https:\/\/api.w.org\/{rel}","templated":true}]}}