{"id":20434,"date":"2025-05-30T11:02:15","date_gmt":"2025-05-30T09:02:15","guid":{"rendered":"https:\/\/projectes.xtec.cat\/pfi\/?p=20434"},"modified":"2025-05-30T11:02:15","modified_gmt":"2025-05-30T09:02:15","slug":"residea-tanca-el-curs-2024-25-amb-mes-impacte-social","status":"publish","type":"post","link":"https:\/\/projectes.xtec.cat\/pfi\/general\/residea-tanca-el-curs-2024-25-amb-mes-impacte-social\/","title":{"rendered":"ResIdea tanca el curs 2024-25 amb m\u00e9s impacte social"},"content":{"rendered":"<p><span style=\"font-weight: 400;\">El 28 de maig ha tingut lloc a l\u2019espai Palo Alto de Barcelona l\u2019activitat final de la segona edici\u00f3 del projecte ResIdea dels Programes de Formaci\u00f3 i Inserci\u00f3 (PFI) del Departament d\u2019Educaci\u00f3 i Formaci\u00f3 Professional que s\u2019adre\u00e7a a crear oportunitats reals per a la formaci\u00f3, la sostenibilitat i el canvi social. En aquest projecte, que es porta a terme mitjan\u00e7ant la col\u00b7laboraci\u00f3 de CaixaBank Dualitza, participen empreses de diversos sectors. A m\u00e9s, en aquesta edici\u00f3, s\u2019ha comptat amb el suport de\u00a0 l\u2019Ag\u00e8ncia de Residus de Catalunya.<\/span><\/p>\n<p><span style=\"font-weight: 400;\">El projecte promou el treball des de l\u2019economia circular com a eix central i es convida l\u2019alumnat dels PFI a reflexionar sobre l\u2019impacte de l\u2019economia lineal i a donar una nova vida a materials en des\u00fas, amb el Design Thinking com a metodologia principal. Durant el transcurs del projecte, l\u2019alumnat ha dissenyat solucions a reptes reals proposats per entitats socials i institucions. A m\u00e9s, tamb\u00e9 han pogut participar en tallers de sensibilitzaci\u00f3 com escape rooms sobre els ODS, tallers d\u2019ecodisseny, fast fashion, creaci\u00f3 de paper i gesti\u00f3 de pl\u00e0stic, aix\u00ed com en accions de neteja i espigolades.<\/span><\/p>\n<p><span style=\"font-weight: 400;\">Aquest curs m\u00e9s de 30 docents i 19 grups, aproximadament 225 alumnes de PFI, de 18 instituts d\u2019arreu de Catalunya han participat en el projecte. Algunes de les creacions m\u00e9s destacades inclouen hivernacles per a planter ecol\u00f2gic, estructures per protegir dip\u00f2sits d\u2019aigua pluvial, reconeixements a professionals m\u00e8dics i bancs per a una escola de Catarroja que va patir els aiguats de la DANA fets amb materials pl\u00e0stics recollits pels centres.\u00a0<\/span><\/p>\n<p><span style=\"font-weight: 400;\">La jornada ha comptat amb la benvinguda institucional de la Sra. Olga Romero, cap del Servei de Programes de Qualificaci\u00f3 i Iniciaci\u00f3 Professional, qui ha felicitat l\u2019alumnat per les propostes i la feina feta des dels centres PFI per augmentar l\u2019impacte social de les propostes. S\u2019han presentat els projectes desenvolupats per l\u2019alumnat en resposta a reptes proposats per entitats com la Fundaci\u00f3 Enriqueta Villavecchia, el Servei Prelaboral de Salut Mental Gr\u00e0cia &#8211; Grup ATRA i l\u2019Ag\u00e8ncia de Residus de Catalunya, entre d\u2019altres.<\/span><\/p>\n<p><span style=\"font-weight: 400;\">Durant l\u2019acte tamb\u00e9 s\u2019han compartit experi\u00e8ncies d\u2019emprenedoria sostenible com la de Plastic Free Wave i s\u2019ha ressaltat el paper de l\u2019economia circular, amb una reflexi\u00f3 sobre el malbaratament alimentari per part de l&#8217;Ajuntament de Barcelona. El Sr. Eduard Oms, subdirector general de Programes i Projectes del Departament d\u2019Educaci\u00f3 i Formaci\u00f3 Professional i el Sr. Ricard Guillem, coordinador territorial de CaixaBank Dualitza han fet el lliurament dels reconeixements participants i a les entitats col\u00b7laboradores.\u00a0<\/span><\/p>\n<p><span style=\"font-weight: 400;\">Tota la jornada s\u2019ha pensat com un esdeveniment de residu zero, amb diverses accions com la invitaci\u00f3 a portar tassa pr\u00f2pia per evitar residus d\u2019un sol \u00fas o l\u2019obsequi d\u2019una pe\u00e7a de roba reutilitzada en el moment del registre, tot refor\u00e7ant el comprom\u00eds del projecte amb la reducci\u00f3 de residus.\u00a0<\/span><\/p>\n<p><span style=\"font-weight: 400;\">En definitiva, ResIdea fomenta que l\u2019alumnat dels PFI esdevingui agent actiu de transformaci\u00f3, demostrant que l\u2019economia circular pot ser una eina pedag\u00f2gica per construir un futur m\u00e9s sostenible.<\/span><\/p>\n<table style=\"border-collapse: collapse; width: 100%;\">\n<tbody>\n<tr>\n<td style=\"width: 50%;\"><a href=\"https:\/\/projectes.xtec.cat\/pfi\/wp-content\/uploads\/usu1781\/2025\/05\/Captura-de-pantalla-2025-05-30-105614.png\"><img loading=\"lazy\" decoding=\"async\" class=\"aligncenter size-full wp-image-20438\" src=\"https:\/\/projectes.xtec.cat\/pfi\/wp-content\/uploads\/usu1781\/2025\/05\/Captura-de-pantalla-2025-05-30-105614.png\" alt=\"\" width=\"927\" height=\"613\" srcset=\"https:\/\/projectes.xtec.cat\/pfi\/wp-content\/uploads\/usu1781\/2025\/05\/Captura-de-pantalla-2025-05-30-105614.png 927w, https:\/\/projectes.xtec.cat\/pfi\/wp-content\/uploads\/usu1781\/2025\/05\/Captura-de-pantalla-2025-05-30-105614-300x198.png 300w, https:\/\/projectes.xtec.cat\/pfi\/wp-content\/uploads\/usu1781\/2025\/05\/Captura-de-pantalla-2025-05-30-105614-768x508.png 768w\" sizes=\"auto, (max-width: 927px) 100vw, 927px\" \/><\/a><\/td>\n<td style=\"width: 50%;\"><a href=\"https:\/\/projectes.xtec.cat\/pfi\/wp-content\/uploads\/usu1781\/2025\/05\/Captura-de-pantalla-2025-05-30-105706.png\"><img loading=\"lazy\" decoding=\"async\" class=\"aligncenter size-full wp-image-20440\" src=\"https:\/\/projectes.xtec.cat\/pfi\/wp-content\/uploads\/usu1781\/2025\/05\/Captura-de-pantalla-2025-05-30-105706.png\" alt=\"\" width=\"916\" height=\"606\" srcset=\"https:\/\/projectes.xtec.cat\/pfi\/wp-content\/uploads\/usu1781\/2025\/05\/Captura-de-pantalla-2025-05-30-105706.png 916w, https:\/\/projectes.xtec.cat\/pfi\/wp-content\/uploads\/usu1781\/2025\/05\/Captura-de-pantalla-2025-05-30-105706-300x198.png 300w, https:\/\/projectes.xtec.cat\/pfi\/wp-content\/uploads\/usu1781\/2025\/05\/Captura-de-pantalla-2025-05-30-105706-768x508.png 768w\" sizes=\"auto, (max-width: 916px) 100vw, 916px\" \/><\/a><\/td>\n<\/tr>\n<tr>\n<td style=\"width: 50%;\"><a href=\"https:\/\/projectes.xtec.cat\/pfi\/wp-content\/uploads\/usu1781\/2025\/05\/Captura-de-pantalla-2025-05-30-105755.png\"><img loading=\"lazy\" decoding=\"async\" class=\"aligncenter size-full wp-image-20442\" src=\"https:\/\/projectes.xtec.cat\/pfi\/wp-content\/uploads\/usu1781\/2025\/05\/Captura-de-pantalla-2025-05-30-105755.png\" alt=\"\" width=\"931\" height=\"603\" srcset=\"https:\/\/projectes.xtec.cat\/pfi\/wp-content\/uploads\/usu1781\/2025\/05\/Captura-de-pantalla-2025-05-30-105755.png 931w, https:\/\/projectes.xtec.cat\/pfi\/wp-content\/uploads\/usu1781\/2025\/05\/Captura-de-pantalla-2025-05-30-105755-300x194.png 300w, https:\/\/projectes.xtec.cat\/pfi\/wp-content\/uploads\/usu1781\/2025\/05\/Captura-de-pantalla-2025-05-30-105755-768x497.png 768w\" sizes=\"auto, (max-width: 931px) 100vw, 931px\" \/><\/a><\/td>\n<td style=\"width: 50%;\"><a href=\"https:\/\/projectes.xtec.cat\/pfi\/wp-content\/uploads\/usu1781\/2025\/05\/Captura-de-pantalla-2025-05-30-105732.png\"><img loading=\"lazy\" decoding=\"async\" class=\"aligncenter size-full wp-image-20441\" src=\"https:\/\/projectes.xtec.cat\/pfi\/wp-content\/uploads\/usu1781\/2025\/05\/Captura-de-pantalla-2025-05-30-105732.png\" alt=\"\" width=\"910\" height=\"621\" srcset=\"https:\/\/projectes.xtec.cat\/pfi\/wp-content\/uploads\/usu1781\/2025\/05\/Captura-de-pantalla-2025-05-30-105732.png 910w, https:\/\/projectes.xtec.cat\/pfi\/wp-content\/uploads\/usu1781\/2025\/05\/Captura-de-pantalla-2025-05-30-105732-300x205.png 300w, https:\/\/projectes.xtec.cat\/pfi\/wp-content\/uploads\/usu1781\/2025\/05\/Captura-de-pantalla-2025-05-30-105732-768x524.png 768w\" sizes=\"auto, (max-width: 910px) 100vw, 910px\" \/><\/a><\/td>\n<\/tr>\n<\/tbody>\n<\/table>\n<p>&nbsp;<\/p>\n<p>&nbsp;<\/p>\n","protected":false},"excerpt":{"rendered":"<p>El 28 de maig ha tingut lloc a l\u2019espai Palo Alto de Barcelona l\u2019activitat final de la segona edici\u00f3 del projecte ResIdea dels Programes de Formaci\u00f3 i Inserci\u00f3 (PFI) del Departament d\u2019Educaci\u00f3 i Formaci\u00f3 Professional que s\u2019adre\u00e7a a crear oportunitats reals per a la formaci\u00f3,&hellip;  <a href=\"https:\/\/projectes.xtec.cat\/pfi\/general\/residea-tanca-el-curs-2024-25-amb-mes-impacte-social\/\" title=\"Read ResIdea tanca el curs 2024-25 amb m\u00e9s impacte social\">Llegeix m\u00e9s\u00bb<\/a><\/p>\n","protected":false},"author":1,"featured_media":20439,"comment_status":"open","ping_status":"closed","sticky":false,"template":"","format":"standard","meta":{"_bbp_topic_count":0,"_bbp_reply_count":0,"_bbp_total_topic_count":0,"_bbp_total_reply_count":0,"_bbp_voice_count":0,"_bbp_anonymous_reply_count":0,"_bbp_topic_count_hidden":0,"_bbp_reply_count_hidden":0,"_bbp_forum_subforum_count":0,"footnotes":""},"categories":[1,29,609],"tags":[],"class_list":["post-20434","post","type-post","status-publish","format-standard","has-post-thumbnail","hentry","category-general","category-portada","category-residea"],"post_mailing_queue_ids":[],"_links":{"self":[{"href":"https:\/\/projectes.xtec.cat\/pfi\/wp-json\/wp\/v2\/posts\/20434","targetHints":{"allow":["GET"]}}],"collection":[{"href":"https:\/\/projectes.xtec.cat\/pfi\/wp-json\/wp\/v2\/posts"}],"about":[{"href":"https:\/\/projectes.xtec.cat\/pfi\/wp-json\/wp\/v2\/types\/post"}],"author":[{"embeddable":true,"href":"https:\/\/projectes.xtec.cat\/pfi\/wp-json\/wp\/v2\/users\/1"}],"replies":[{"embeddable":true,"href":"https:\/\/projectes.xtec.cat\/pfi\/wp-json\/wp\/v2\/comments?post=20434"}],"version-history":[{"count":1,"href":"https:\/\/projectes.xtec.cat\/pfi\/wp-json\/wp\/v2\/posts\/20434\/revisions"}],"predecessor-version":[{"id":20444,"href":"https:\/\/projectes.xtec.cat\/pfi\/wp-json\/wp\/v2\/posts\/20434\/revisions\/20444"}],"wp:featuredmedia":[{"embeddable":true,"href":"https:\/\/projectes.xtec.cat\/pfi\/wp-json\/wp\/v2\/media\/20439"}],"wp:attachment":[{"href":"https:\/\/projectes.xtec.cat\/pfi\/wp-json\/wp\/v2\/media?parent=20434"}],"wp:term":[{"taxonomy":"category","embeddable":true,"href":"https:\/\/projectes.xtec.cat\/pfi\/wp-json\/wp\/v2\/categories?post=20434"},{"taxonomy":"post_tag","embeddable":true,"href":"https:\/\/projectes.xtec.cat\/pfi\/wp-json\/wp\/v2\/tags?post=20434"}],"curies":[{"name":"wp","href":"https:\/\/api.w.org\/{rel}","templated":true}]}}