{"id":20576,"date":"2025-09-10T13:23:44","date_gmt":"2025-09-10T11:23:44","guid":{"rendered":"https:\/\/projectes.xtec.cat\/pfi\/?p=20576"},"modified":"2025-10-30T16:12:04","modified_gmt":"2025-10-30T15:12:04","slug":"jornada-pedagogica-pfi-curs-2025-2026","status":"publish","type":"post","link":"https:\/\/projectes.xtec.cat\/pfi\/general\/jornada-pedagogica-pfi-curs-2025-2026\/","title":{"rendered":"Jornada Pedag\u00f2gica PFI curs 2025-2026"},"content":{"rendered":"<p>El dia 9 de setembre a l&#8217;Institut Nacional d&#8217;Educaci\u00f3 F\u00edsica de Catalunya (INEFC) a Barcelona ha tingut lloc la Jornada Pedag\u00f2gica PFI, organitzada pel Departament d\u2019Educaci\u00f3 i Formaci\u00f3 Professional, amb la que s\u2019ha donat la benvinguda al nou curs 2025-26.<\/p>\n<p>La jornada ha reunit al voltant de 400 docents i ha estat un punt de trobada per compartir experi\u00e8ncies, intercanviar coneixements i millorar les eines pedag\u00f2giques i els recursos destinats a l\u2019alumnat dels Programes de Formaci\u00f3 i Inserci\u00f3 (PFI). Com en edicions anteriors, la jornada ha refor\u00e7at l\u2019aprenentatge compartit i la col\u00b7laboraci\u00f3 entre els docents.<\/p>\n<p>La jornada ha comen\u00e7at amb la benvinguda institucional a c\u00e0rrec del subdirector general de Programes i Projectes, el Sr. Eduard Oms Tirado, qui ha destacat la dedicaci\u00f3 i el comprom\u00eds dels equips docents en la millora dels PFI i de la Formaci\u00f3 Professional. Tot seguit, la cap del Servei de Programes de Qualificaci\u00f3 i Iniciaci\u00f3 Professional, la Sra. Olga Romero Mir, ha ressaltat els bons resultats dels programes en xifres i ha donat pas a la confer\u00e8ncia inaugural.<\/p>\n<p>La confer\u00e8ncia central ha anat a c\u00e0rrec del Sr. Daniel Gabarr\u00f3, mestre i psicopedagog, sota el t\u00edtol: <em>\u201cSer docent en temps incerts: recuperar l\u2019esperan\u00e7a i el sentit de la professi\u00f3\u201d<\/em>. La pon\u00e8ncia ha estat inspiradora i ha tractat el paper transformador de la tasca docent, posant l\u2019accent en la import\u00e0ncia de cuidar la pr\u00f2pia motivaci\u00f3, recuperar el sentit de la professi\u00f3 i afrontar els reptes actuals des de la confian\u00e7a i la cooperaci\u00f3.<\/p>\n<p>A la segona part de la jornada, els participants han pogut escollir entre diversos tallers tem\u00e0tics que han abordat q\u00fcestions clau com la <em>cura de la veu dels professionals de l\u2019educaci\u00f3<\/em>, la metodologia dels <em>cercles restauratius com a eina per resoldre conflictes<\/em>, el <em>mindfulness per al benestar docent<\/em>, una proposta sobre pensament cr\u00edtic, el <em>Programa de benestar emocional: Benestar per estar b\u00e9<\/em>, i iniciatives relacionades amb la <em>sostenibilitat<\/em>.<\/p>\n<p>El tancament de la jornada ha anat a c\u00e0rrec del subdirector general de Programes i Projectes, el Sr. Eduard Oms Tirado qui ha destacat la import\u00e0ncia de continuar impulsant els PFI com a eina essencial per a l\u2019\u00e8xit educatiu i la inserci\u00f3 laboral dels joves.<\/p>\n<p>En un ambient dist\u00e8s i reflexiu, la Jornada Pedag\u00f2gica PFI ha posat de manifest la for\u00e7a del treball en xarxa i la vocaci\u00f3 pedag\u00f2gica dels professionals que acompanyen l\u2019alumnat dels programes de formaci\u00f3 i inserci\u00f3.<\/p>\n<p style=\"text-align: center;\">\r\n\t<div class=\"slideshow_container slideshow_container_style-light\" style=\"height: 300px; \" data-slideshow-id=\"20579\" data-style-name=\"style-light\" data-style-version=\"2.3.1\" >\r\n\r\n\t\t\t\t\t<div class=\"slideshow_loading_icon\"><\/div>\r\n\t\t\r\n\t\t<div class=\"slideshow_content\" style=\"display: none;\">\r\n\r\n\t\t\t<div class=\"slideshow_view\">\r\n\t\t\t\t<div class=\"slideshow_slide slideshow_slide_image\">\r\n\t\t\t\t\t\t\t\t\t\t\t<img src=\"https:\/\/projectes.xtec.cat\/pfi\/wp-content\/uploads\/usu1781\/2025\/09\/WhatsApp-Image-2025-09-09-at-10.48.13.jpeg\" alt=\"\" width=\"2048\" height=\"1536\" \/>\r\n\t\t\t\t\t\t\t\t\t\t<div class=\"slideshow_description_box slideshow_transparent\">\r\n\t\t\t\t\t\t\t\t\t\t\t\t\t\t\t\t\t<\/div>\r\n\t\t\t\t<\/div>\r\n\r\n\t\t\t\t\t\t<div style=\"clear: both;\"><\/div><\/div><div class=\"slideshow_view\">\r\n\t\t\t\t<div class=\"slideshow_slide slideshow_slide_image\">\r\n\t\t\t\t\t\t\t\t\t\t\t<img src=\"https:\/\/projectes.xtec.cat\/pfi\/wp-content\/uploads\/usu1781\/2025\/09\/WhatsApp-Image-2025-09-09-at-10.50.37-scaled.jpeg\" alt=\"WhatsApp Image 2025-09-09 at 10.50.37\" width=\"1920\" height=\"2560\" \/>\r\n\t\t\t\t\t\t\t\t\t\t<div class=\"slideshow_description_box slideshow_transparent\">\r\n\t\t\t\t\t\t<div class=\"slideshow_title\">WhatsApp Image 2025-09-09 at 10.50.37<\/div>\t\t\t\t\t\t\t\t\t\t\t<\/div>\r\n\t\t\t\t<\/div>\r\n\r\n\t\t\t\t\t\t<div style=\"clear: both;\"><\/div><\/div><div class=\"slideshow_view\">\r\n\t\t\t\t<div class=\"slideshow_slide slideshow_slide_image\">\r\n\t\t\t\t\t\t\t\t\t\t\t<img src=\"https:\/\/projectes.xtec.cat\/pfi\/wp-content\/uploads\/usu1781\/2025\/09\/WhatsApp-Image-2025-09-09-at-12.28.18.jpeg\" alt=\"WhatsApp Image 2025-09-09 at 12.28.18\" width=\"2040\" height=\"1536\" \/>\r\n\t\t\t\t\t\t\t\t\t\t<div class=\"slideshow_description_box slideshow_transparent\">\r\n\t\t\t\t\t\t<div class=\"slideshow_title\">WhatsApp Image 2025-09-09 at 12.28.18<\/div>\t\t\t\t\t\t\t\t\t\t\t<\/div>\r\n\t\t\t\t<\/div>\r\n\r\n\t\t\t\t\t\t<div style=\"clear: both;\"><\/div><\/div><div class=\"slideshow_view\">\r\n\t\t\t\t<div class=\"slideshow_slide slideshow_slide_image\">\r\n\t\t\t\t\t\t\t\t\t\t\t<img src=\"https:\/\/projectes.xtec.cat\/pfi\/wp-content\/uploads\/usu1781\/2025\/09\/WhatsApp-Image-2025-09-09-at-13.00.56-scaled.jpeg\" alt=\"WhatsApp Image 2025-09-09 at 13.00.56\" width=\"2560\" height=\"1920\" \/>\r\n\t\t\t\t\t\t\t\t\t\t<div class=\"slideshow_description_box slideshow_transparent\">\r\n\t\t\t\t\t\t<div class=\"slideshow_title\">WhatsApp Image 2025-09-09 at 13.00.56<\/div>\t\t\t\t\t\t\t\t\t\t\t<\/div>\r\n\t\t\t\t<\/div>\r\n\r\n\t\t\t\t\t\t<div style=\"clear: both;\"><\/div><\/div><div class=\"slideshow_view\">\r\n\t\t\t\t<div class=\"slideshow_slide slideshow_slide_image\">\r\n\t\t\t\t\t\t\t\t\t\t\t<img src=\"https:\/\/projectes.xtec.cat\/pfi\/wp-content\/uploads\/usu1781\/2025\/09\/WhatsApp-Image-2025-09-09-at-13.13.41.jpeg\" alt=\"WhatsApp Image 2025-09-09 at 13.13.41\" width=\"2048\" height=\"1536\" \/>\r\n\t\t\t\t\t\t\t\t\t\t<div class=\"slideshow_description_box slideshow_transparent\">\r\n\t\t\t\t\t\t<div class=\"slideshow_title\">WhatsApp Image 2025-09-09 at 13.13.41<\/div>\t\t\t\t\t\t\t\t\t\t\t<\/div>\r\n\t\t\t\t<\/div>\r\n\r\n\t\t\t\t\t\t<div style=\"clear: both;\"><\/div><\/div><div class=\"slideshow_view\">\r\n\t\t\t\t<div class=\"slideshow_slide slideshow_slide_image\">\r\n\t\t\t\t\t\t\t\t\t\t\t<img src=\"https:\/\/projectes.xtec.cat\/pfi\/wp-content\/uploads\/usu1781\/2025\/09\/WhatsApp-Image-2025-09-09-at-15.34.53.jpeg\" alt=\"WhatsApp Image 2025-09-09 at 15.34.53\" width=\"1600\" height=\"738\" \/>\r\n\t\t\t\t\t\t\t\t\t\t<div class=\"slideshow_description_box slideshow_transparent\">\r\n\t\t\t\t\t\t<div class=\"slideshow_title\">WhatsApp Image 2025-09-09 at 15.34.53<\/div>\t\t\t\t\t\t\t\t\t\t\t<\/div>\r\n\t\t\t\t<\/div>\r\n\r\n\t\t\t\t\t\t<div style=\"clear: both;\"><\/div><\/div><div class=\"slideshow_view\">\r\n\t\t\t\t<div class=\"slideshow_slide slideshow_slide_image\">\r\n\t\t\t\t\t\t\t\t\t\t\t<img src=\"https:\/\/projectes.xtec.cat\/pfi\/wp-content\/uploads\/usu1781\/2025\/09\/WhatsApp-Image-2025-09-09-at-15.28.36-1.jpeg\" alt=\"WhatsApp Image 2025-09-09 at 15.28.36 (1)\" width=\"1600\" height=\"1227\" \/>\r\n\t\t\t\t\t\t\t\t\t\t<div class=\"slideshow_description_box slideshow_transparent\">\r\n\t\t\t\t\t\t<div class=\"slideshow_title\">WhatsApp Image 2025-09-09 at 15.28.36 (1)<\/div>\t\t\t\t\t\t\t\t\t\t\t<\/div>\r\n\t\t\t\t<\/div>\r\n\r\n\t\t\t\t\t\t<div style=\"clear: both;\"><\/div><\/div><div class=\"slideshow_view\">\r\n\t\t\t\t<div class=\"slideshow_slide slideshow_slide_image\">\r\n\t\t\t\t\t\t\t\t\t\t\t<img src=\"https:\/\/projectes.xtec.cat\/pfi\/wp-content\/uploads\/usu1781\/2025\/09\/WhatsApp-Image-2025-09-09-at-12.59.27.jpeg\" alt=\"WhatsApp Image 2025-09-09 at 12.59.27\" width=\"2040\" height=\"1536\" \/>\r\n\t\t\t\t\t\t\t\t\t\t<div class=\"slideshow_description_box slideshow_transparent\">\r\n\t\t\t\t\t\t<div class=\"slideshow_title\">WhatsApp Image 2025-09-09 at 12.59.27<\/div>\t\t\t\t\t\t\t\t\t\t\t<\/div>\r\n\t\t\t\t<\/div>\r\n\r\n\t\t\t\t\t\t<div style=\"clear: both;\"><\/div><\/div><div class=\"slideshow_view\">\r\n\t\t\t\t<div class=\"slideshow_slide slideshow_slide_image\">\r\n\t\t\t\t\t\t\t\t\t\t\t<img src=\"https:\/\/projectes.xtec.cat\/pfi\/wp-content\/uploads\/usu1781\/2025\/09\/WhatsApp-Image-2025-09-09-at-10.48.12.jpeg\" alt=\"WhatsApp Image 2025-09-09 at 10.48.12\" width=\"2048\" height=\"1536\" \/>\r\n\t\t\t\t\t\t\t\t\t\t<div class=\"slideshow_description_box slideshow_transparent\">\r\n\t\t\t\t\t\t<div class=\"slideshow_title\">WhatsApp Image 2025-09-09 at 10.48.12<\/div>\t\t\t\t\t\t\t\t\t\t\t<\/div>\r\n\t\t\t\t<\/div>\r\n\r\n\t\t\t\t\t\t<div style=\"clear: both;\"><\/div><\/div><div class=\"slideshow_view\">\r\n\t\t\t\t<div class=\"slideshow_slide slideshow_slide_image\">\r\n\t\t\t\t\t\t\t\t\t\t\t<img src=\"https:\/\/projectes.xtec.cat\/pfi\/wp-content\/uploads\/usu1781\/2025\/09\/WhatsApp-Image-2025-09-09-at-10.48.10-1.jpeg\" alt=\"WhatsApp Image 2025-09-09 at 10.48.10 (1)\" width=\"1600\" height=\"1200\" \/>\r\n\t\t\t\t\t\t\t\t\t\t<div class=\"slideshow_description_box slideshow_transparent\">\r\n\t\t\t\t\t\t<div class=\"slideshow_title\">WhatsApp Image 2025-09-09 at 10.48.10 (1)<\/div>\t\t\t\t\t\t\t\t\t\t\t<\/div>\r\n\t\t\t\t<\/div>\r\n\r\n\t\t\t\t\t\t<div style=\"clear: both;\"><\/div><\/div><div class=\"slideshow_view\">\r\n\t\t\t\t<div class=\"slideshow_slide slideshow_slide_image\">\r\n\t\t\t\t\t\t\t\t\t\t\t<img src=\"https:\/\/projectes.xtec.cat\/pfi\/wp-content\/uploads\/usu1781\/2025\/09\/WhatsApp-Image-2025-09-09-at-10.48.11.jpeg\" alt=\"WhatsApp Image 2025-09-09 at 10.48.11\" width=\"1600\" height=\"1200\" \/>\r\n\t\t\t\t\t\t\t\t\t\t<div class=\"slideshow_description_box slideshow_transparent\">\r\n\t\t\t\t\t\t<div class=\"slideshow_title\">WhatsApp Image 2025-09-09 at 10.48.11<\/div>\t\t\t\t\t\t\t\t\t\t\t<\/div>\r\n\t\t\t\t<\/div>\r\n\r\n\t\t\t\t\t\t<div style=\"clear: both;\"><\/div><\/div><div class=\"slideshow_view\">\r\n\t\t\t\t<div class=\"slideshow_slide slideshow_slide_image\">\r\n\t\t\t\t\t\t\t\t\t\t\t<img src=\"https:\/\/projectes.xtec.cat\/pfi\/wp-content\/uploads\/usu1781\/2025\/09\/WhatsApp-Image-2025-09-09-at-10.48.12.jpeg\" alt=\"WhatsApp Image 2025-09-09 at 10.48.12\" width=\"2048\" height=\"1536\" \/>\r\n\t\t\t\t\t\t\t\t\t\t<div class=\"slideshow_description_box slideshow_transparent\">\r\n\t\t\t\t\t\t<div class=\"slideshow_title\">WhatsApp Image 2025-09-09 at 10.48.12<\/div>\t\t\t\t\t\t\t\t\t\t\t<\/div>\r\n\t\t\t\t<\/div>\r\n\r\n\t\t\t\t\t\t<div style=\"clear: both;\"><\/div><\/div>\r\n\t\t<\/div>\r\n\r\n\t\t<div class=\"slideshow_controlPanel slideshow_transparent\" style=\"display: none;\"><ul><li class=\"slideshow_togglePlay\" data-play-text=\"Visualitza\" data-pause-text=\"Pausa\"><\/li><\/ul><\/div>\r\n\r\n\t\t<div class=\"slideshow_button slideshow_previous slideshow_transparent\" role=\"button\" data-previous-text=\"Anterior\" style=\"display: none;\"><\/div>\r\n\t\t<div class=\"slideshow_button slideshow_next slideshow_transparent\" role=\"button\" data-next-text=\"Seg\u00fcent\" style=\"display: none;\"><\/div>\r\n\r\n\t\t<div class=\"slideshow_pagination\" style=\"display: none;\" data-go-to-text=\"V\u00e9s a la diapositiva\"><div class=\"slideshow_pagination_center\"><\/div><\/div>\r\n\r\n\t\t<!-- WordPress Slideshow Version 2.3.1 -->\r\n\r\n\t\t\t<\/div>\r\n\r\n<\/p>\n<p>&nbsp;<\/p>\n","protected":false},"excerpt":{"rendered":"<p>Jornada PFI 25-26 &hellip;  <a href=\"https:\/\/projectes.xtec.cat\/pfi\/general\/jornada-pedagogica-pfi-curs-2025-2026\/\" title=\"Read Jornada Pedag\u00f2gica PFI curs 2025-2026\">Llegeix m\u00e9s\u00bb<\/a><\/p>\n","protected":false},"author":1,"featured_media":20577,"comment_status":"open","ping_status":"open","sticky":false,"template":"","format":"standard","meta":{"_bbp_topic_count":0,"_bbp_reply_count":0,"_bbp_total_topic_count":0,"_bbp_total_reply_count":0,"_bbp_voice_count":0,"_bbp_anonymous_reply_count":0,"_bbp_topic_count_hidden":0,"_bbp_reply_count_hidden":0,"_bbp_forum_subforum_count":0,"footnotes":""},"categories":[1,672,29],"tags":[],"class_list":["post-20576","post","type-post","status-publish","format-standard","has-post-thumbnail","hentry","category-general","category-jornada-pfi-25-26","category-portada"],"post_mailing_queue_ids":[],"_links":{"self":[{"href":"https:\/\/projectes.xtec.cat\/pfi\/wp-json\/wp\/v2\/posts\/20576","targetHints":{"allow":["GET"]}}],"collection":[{"href":"https:\/\/projectes.xtec.cat\/pfi\/wp-json\/wp\/v2\/posts"}],"about":[{"href":"https:\/\/projectes.xtec.cat\/pfi\/wp-json\/wp\/v2\/types\/post"}],"author":[{"embeddable":true,"href":"https:\/\/projectes.xtec.cat\/pfi\/wp-json\/wp\/v2\/users\/1"}],"replies":[{"embeddable":true,"href":"https:\/\/projectes.xtec.cat\/pfi\/wp-json\/wp\/v2\/comments?post=20576"}],"version-history":[{"count":2,"href":"https:\/\/projectes.xtec.cat\/pfi\/wp-json\/wp\/v2\/posts\/20576\/revisions"}],"predecessor-version":[{"id":20594,"href":"https:\/\/projectes.xtec.cat\/pfi\/wp-json\/wp\/v2\/posts\/20576\/revisions\/20594"}],"wp:featuredmedia":[{"embeddable":true,"href":"https:\/\/projectes.xtec.cat\/pfi\/wp-json\/wp\/v2\/media\/20577"}],"wp:attachment":[{"href":"https:\/\/projectes.xtec.cat\/pfi\/wp-json\/wp\/v2\/media?parent=20576"}],"wp:term":[{"taxonomy":"category","embeddable":true,"href":"https:\/\/projectes.xtec.cat\/pfi\/wp-json\/wp\/v2\/categories?post=20576"},{"taxonomy":"post_tag","embeddable":true,"href":"https:\/\/projectes.xtec.cat\/pfi\/wp-json\/wp\/v2\/tags?post=20576"}],"curies":[{"name":"wp","href":"https:\/\/api.w.org\/{rel}","templated":true}]}}