{"id":20595,"date":"2025-09-10T13:29:26","date_gmt":"2025-09-10T11:29:26","guid":{"rendered":"https:\/\/projectes.xtec.cat\/pfi\/?p=20595"},"modified":"2025-09-10T14:17:22","modified_gmt":"2025-09-10T12:17:22","slug":"darreres-places-formacio-professorat-pfi","status":"publish","type":"post","link":"https:\/\/projectes.xtec.cat\/pfi\/portada\/darreres-places-formacio-professorat-pfi\/","title":{"rendered":"Darreres places formaci\u00f3 professorat PFI"},"content":{"rendered":"<p>Us compartim la formaci\u00f3 espec\u00edfica per al professorat PFI que es realitzar\u00e0 durant el primer trimestre:<\/p>\n<div><strong>\u2013 Conviv\u00e8ncia i mediaci\u00f3 a l\u2019aula PFI. <\/strong>Curs telem\u00e0tic amb connexions en directe, del 23\/09 al 11\/11. <a href=\"https:\/\/aplicacions.gestioeducativa.gencat.cat\/ords\/pls\/soloas\/pk_for_mod_ins.p_for_detall_activitat?p_header=Llista%20d%27activitats^pk_for_mod_ins.p_for_cons_activitats?p_totes=N%26p_inici=1%26p_excloure_crp_rec=T&amp;p_codi=9000050867&amp;p_curs=2025-2026&amp;p_es_inscr=S\">Enlla\u00e7 a la inscripci\u00f3<\/a><\/div>\n<div><\/div>\n<div>\n<div><\/div>\n<\/div>\n<div>#pfiCAT<\/div>\n","protected":false},"excerpt":{"rendered":"<p>Us compartim la formaci\u00f3 espec\u00edfica per al professorat PFI que es realitzar\u00e0 durant el primer trimestre:<br \/>\n\u2013 Conviv\u00e8ncia i mediaci\u00f3 a l\u2019aula PFI. Curs telem\u00e0tic amb connexions en directe, del 23\/09 al 11\/11. <a href=\"https:\/\/aplicacions.gestioeducativa.gencat.cat\/ords\/pls\/soloas\/pk_for_mod_ins.p_for_detall_activitat?p_header=Llista%20d%27activitats^pk_for_mod_ins.p_for_cons_activitats?p_totes=N%26p_inici=1%26p_excloure_crp_rec=T&amp;p_codi=9000050867&amp;p_curs=2025-2026&amp;p_es_inscr=S\">Enlla\u00e7 a la inscripci\u00f3<\/a><\/p>\n<p>#pfiCAT<\/p>\n","protected":false},"author":1,"featured_media":15903,"comment_status":"open","ping_status":"open","sticky":false,"template":"","format":"standard","meta":{"_bbp_topic_count":0,"_bbp_reply_count":0,"_bbp_total_topic_count":0,"_bbp_total_reply_count":0,"_bbp_voice_count":0,"_bbp_anonymous_reply_count":0,"_bbp_topic_count_hidden":0,"_bbp_reply_count_hidden":0,"_bbp_forum_subforum_count":0,"footnotes":""},"categories":[154,29],"tags":[],"class_list":["post-20595","post","type-post","status-publish","format-standard","has-post-thumbnail","hentry","category-formacio","category-portada"],"post_mailing_queue_ids":[],"_links":{"self":[{"href":"https:\/\/projectes.xtec.cat\/pfi\/wp-json\/wp\/v2\/posts\/20595","targetHints":{"allow":["GET"]}}],"collection":[{"href":"https:\/\/projectes.xtec.cat\/pfi\/wp-json\/wp\/v2\/posts"}],"about":[{"href":"https:\/\/projectes.xtec.cat\/pfi\/wp-json\/wp\/v2\/types\/post"}],"author":[{"embeddable":true,"href":"https:\/\/projectes.xtec.cat\/pfi\/wp-json\/wp\/v2\/users\/1"}],"replies":[{"embeddable":true,"href":"https:\/\/projectes.xtec.cat\/pfi\/wp-json\/wp\/v2\/comments?post=20595"}],"version-history":[{"count":3,"href":"https:\/\/projectes.xtec.cat\/pfi\/wp-json\/wp\/v2\/posts\/20595\/revisions"}],"predecessor-version":[{"id":20598,"href":"https:\/\/projectes.xtec.cat\/pfi\/wp-json\/wp\/v2\/posts\/20595\/revisions\/20598"}],"wp:featuredmedia":[{"embeddable":true,"href":"https:\/\/projectes.xtec.cat\/pfi\/wp-json\/wp\/v2\/media\/15903"}],"wp:attachment":[{"href":"https:\/\/projectes.xtec.cat\/pfi\/wp-json\/wp\/v2\/media?parent=20595"}],"wp:term":[{"taxonomy":"category","embeddable":true,"href":"https:\/\/projectes.xtec.cat\/pfi\/wp-json\/wp\/v2\/categories?post=20595"},{"taxonomy":"post_tag","embeddable":true,"href":"https:\/\/projectes.xtec.cat\/pfi\/wp-json\/wp\/v2\/tags?post=20595"}],"curies":[{"name":"wp","href":"https:\/\/api.w.org\/{rel}","templated":true}]}}