{"id":20626,"date":"2025-10-06T09:47:39","date_gmt":"2025-10-06T07:47:39","guid":{"rendered":"https:\/\/projectes.xtec.cat\/pfi\/?p=20626"},"modified":"2025-10-06T11:04:14","modified_gmt":"2025-10-06T09:04:14","slug":"activitat-inaugural-projecte-histories-de-vida","status":"publish","type":"post","link":"https:\/\/projectes.xtec.cat\/pfi\/general\/activitat-inaugural-projecte-histories-de-vida\/","title":{"rendered":"Activitat Inaugural projecte Hist\u00f2ries de Vida"},"content":{"rendered":"<p data-start=\"385\" data-end=\"752\">Divendres passat dia 3\u00a0d\u2019octubre, els Programes de Formaci\u00f3 i Inserci\u00f3 (PFI) van celebrar l\u2019activitat inaugural de la 8a edici\u00f3 del projecte <em data-start=\"535\" data-end=\"554\">Hist\u00f2ries de Vida<\/em> a l\u2019Hotel Hilton Diagonal Mar de Barcelona. L\u2019acte va reunir alumnat, voluntaris i representants d\u2019empreses col\u00b7laboradores en una jornada plena d\u2019emoci\u00f3, aprenentatge i comprom\u00eds social.<\/p>\n<p style=\"font-family: 'Helvetica Neue', Helvetica, Helvetica, Arial, sans-serif; font-size: 16px;\"><a style=\"color: #2795b6;\" href=\"https:\/\/projectes.xtec.cat\/pfi\/wp-content\/uploads\/usu1781\/2025\/10\/WhatsApp-Image-2025-10-03-at-14.24.34-2-scaled.jpeg\"><img loading=\"lazy\" decoding=\"async\" class=\"wp-image-20631 alignleft\" src=\"https:\/\/projectes.xtec.cat\/pfi\/wp-content\/uploads\/usu1781\/2025\/10\/WhatsApp-Image-2025-10-03-at-14.24.34-2-scaled.jpeg\" alt=\"\" width=\"199\" height=\"265\" srcset=\"https:\/\/projectes.xtec.cat\/pfi\/wp-content\/uploads\/usu1781\/2025\/10\/WhatsApp-Image-2025-10-03-at-14.24.34-2-scaled.jpeg 1920w, https:\/\/projectes.xtec.cat\/pfi\/wp-content\/uploads\/usu1781\/2025\/10\/WhatsApp-Image-2025-10-03-at-14.24.34-2-225x300.jpeg 225w, https:\/\/projectes.xtec.cat\/pfi\/wp-content\/uploads\/usu1781\/2025\/10\/WhatsApp-Image-2025-10-03-at-14.24.34-2-768x1024.jpeg 768w, https:\/\/projectes.xtec.cat\/pfi\/wp-content\/uploads\/usu1781\/2025\/10\/WhatsApp-Image-2025-10-03-at-14.24.34-2-1152x1536.jpeg 1152w, https:\/\/projectes.xtec.cat\/pfi\/wp-content\/uploads\/usu1781\/2025\/10\/WhatsApp-Image-2025-10-03-at-14.24.34-2-1536x2048.jpeg 1536w\" sizes=\"auto, (max-width: 199px) 100vw, 199px\" \/><\/a>La trobada va comen\u00e7ar amb una recepci\u00f3 i petit refrigeri, durant la qual els assistents van poder con\u00e8ixer-se.\u00a0 Tot seguit, Nat\u00e0lia Guerrero, directora de Recursos Humans de l\u2019hotel amfitri\u00f3, va donar la benvinguda institucional, destacant el seu comprom\u00eds amb el projecte.<\/p>\n<p data-start=\"1117\" data-end=\"1506\">Despr\u00e9s, l\u2019equip del PFI va presentar el projecte <em data-start=\"1171\" data-end=\"1190\">Hist\u00f2ries de Vida<\/em>, una iniciativa que busca acostar els joves a la realitat laboral i social a trav\u00e9s de trobades amb professionals i entitats inspiradores, a trav\u00e9s de l&#8217;acompanyament i l&#8217;orientaci\u00f3.<\/p>\n<p data-start=\"1117\" data-end=\"1506\">Cristina Guti\u00e9rrez, de <em data-start=\"1361\" data-end=\"1372\">La Granja<\/em>, va compartir la seva filosofia que es duran a terme durant el curs a trav\u00e9s de diferents tallers, enfocats en el desenvolupament personal i emocional\u00a0 dels participants.<\/p>\n<p>&nbsp;<\/p>\n<p><a href=\"https:\/\/projectes.xtec.cat\/pfi\/wp-content\/uploads\/usu1781\/2025\/10\/WhatsApp-Image-2025-10-06-at-08.40.23-scaled.jpeg\"><img loading=\"lazy\" decoding=\"async\" class=\"wp-image-20632 alignright\" src=\"https:\/\/projectes.xtec.cat\/pfi\/wp-content\/uploads\/usu1781\/2025\/10\/WhatsApp-Image-2025-10-06-at-08.40.23-scaled.jpeg\" alt=\"\" width=\"208\" height=\"277\" srcset=\"https:\/\/projectes.xtec.cat\/pfi\/wp-content\/uploads\/usu1781\/2025\/10\/WhatsApp-Image-2025-10-06-at-08.40.23-scaled.jpeg 1920w, https:\/\/projectes.xtec.cat\/pfi\/wp-content\/uploads\/usu1781\/2025\/10\/WhatsApp-Image-2025-10-06-at-08.40.23-225x300.jpeg 225w, https:\/\/projectes.xtec.cat\/pfi\/wp-content\/uploads\/usu1781\/2025\/10\/WhatsApp-Image-2025-10-06-at-08.40.23-768x1024.jpeg 768w, https:\/\/projectes.xtec.cat\/pfi\/wp-content\/uploads\/usu1781\/2025\/10\/WhatsApp-Image-2025-10-06-at-08.40.23-1152x1536.jpeg 1152w, https:\/\/projectes.xtec.cat\/pfi\/wp-content\/uploads\/usu1781\/2025\/10\/WhatsApp-Image-2025-10-06-at-08.40.23-1536x2048.jpeg 1536w\" sizes=\"auto, (max-width: 208px) 100vw, 208px\" \/><\/a><span style=\"font-family: inherit; font-size: 1em;\">Un dels moments m\u00e9s destacats va ser la presentaci\u00f3 de l\u2019entitat benefici\u00e0ria d\u2019aquesta edici\u00f3: la Fundaci\u00f3 Institut Guttmann, un referent internacional en neurorehabilitaci\u00f3 que enguany celebra el seu 60\u00e8 aniversari.<\/span><\/p>\n<p><span style=\"font-family: inherit; font-size: 1em;\">La seva missi\u00f3, centrada a empoderar les persones amb discapacitats sobrevingudes, connecta plenament amb els valors de <\/span><em style=\"font-family: inherit; font-size: 1em;\" data-start=\"1863\" data-end=\"1882\">Hist\u00f2ries de Vida<\/em><span style=\"font-family: inherit; font-size: 1em;\">. <\/span><\/p>\n<p>La jornada va continuar amb un espai de trobada per con\u00e8ixer l\u2019alumnat i un taller participatiu de dinamitzaci\u00f3 a c\u00e0rrec d\u2019Elsa Gim\u00e9nez, de l\u2019empresa <em data-start=\"2043\" data-end=\"2050\">Kitco<\/em>, que va oferir eines i idees per enriquir les futures sessions del projecte.<\/p>\n<p>L\u2019acte es va tancar amb un missatge compartit per tots els assistents: la import\u00e0ncia de sumar esfor\u00e7os entre joves, empreses i voluntariat per construir hist\u00f2ries de vida plenes de sentit, aprenentatge i solidaritat.<a href=\"https:\/\/projectes.xtec.cat\/pfi\/wp-content\/uploads\/usu1781\/2025\/10\/WhatsApp-Image-2025-10-03-at-14.24.34-2-scaled.jpeg\"><br \/>\n<\/a><\/p>\n<p>&nbsp;<\/p>\n<p data-start=\"2130\" data-end=\"2351\"><a href=\"https:\/\/projectes.xtec.cat\/pfi\/wp-content\/uploads\/usu1781\/2025\/10\/WhatsApp-Image-2025-10-03-at-14.24.33-scaled.jpeg\"><img loading=\"lazy\" decoding=\"async\" class=\"wp-image-20628 alignleft\" src=\"https:\/\/projectes.xtec.cat\/pfi\/wp-content\/uploads\/usu1781\/2025\/10\/WhatsApp-Image-2025-10-03-at-14.24.33-scaled.jpeg\" alt=\"\" width=\"250\" height=\"188\" srcset=\"https:\/\/projectes.xtec.cat\/pfi\/wp-content\/uploads\/usu1781\/2025\/10\/WhatsApp-Image-2025-10-03-at-14.24.33-scaled.jpeg 2560w, https:\/\/projectes.xtec.cat\/pfi\/wp-content\/uploads\/usu1781\/2025\/10\/WhatsApp-Image-2025-10-03-at-14.24.33-300x225.jpeg 300w, https:\/\/projectes.xtec.cat\/pfi\/wp-content\/uploads\/usu1781\/2025\/10\/WhatsApp-Image-2025-10-03-at-14.24.33-1024x768.jpeg 1024w, https:\/\/projectes.xtec.cat\/pfi\/wp-content\/uploads\/usu1781\/2025\/10\/WhatsApp-Image-2025-10-03-at-14.24.33-768x576.jpeg 768w, https:\/\/projectes.xtec.cat\/pfi\/wp-content\/uploads\/usu1781\/2025\/10\/WhatsApp-Image-2025-10-03-at-14.24.33-1536x1152.jpeg 1536w, https:\/\/projectes.xtec.cat\/pfi\/wp-content\/uploads\/usu1781\/2025\/10\/WhatsApp-Image-2025-10-03-at-14.24.33-2048x1536.jpeg 2048w, https:\/\/projectes.xtec.cat\/pfi\/wp-content\/uploads\/usu1781\/2025\/10\/WhatsApp-Image-2025-10-03-at-14.24.33-200x150.jpeg 200w\" sizes=\"auto, (max-width: 250px) 100vw, 250px\" \/><\/a> <a href=\"https:\/\/projectes.xtec.cat\/pfi\/wp-content\/uploads\/usu1781\/2025\/10\/WhatsApp-Image-2025-10-06-at-08.39.48.jpeg\"><img loading=\"lazy\" decoding=\"async\" class=\"wp-image-20629 alignleft\" src=\"https:\/\/projectes.xtec.cat\/pfi\/wp-content\/uploads\/usu1781\/2025\/10\/WhatsApp-Image-2025-10-06-at-08.39.48.jpeg\" alt=\"\" width=\"251\" height=\"188\" srcset=\"https:\/\/projectes.xtec.cat\/pfi\/wp-content\/uploads\/usu1781\/2025\/10\/WhatsApp-Image-2025-10-06-at-08.39.48.jpeg 1600w, https:\/\/projectes.xtec.cat\/pfi\/wp-content\/uploads\/usu1781\/2025\/10\/WhatsApp-Image-2025-10-06-at-08.39.48-300x225.jpeg 300w, https:\/\/projectes.xtec.cat\/pfi\/wp-content\/uploads\/usu1781\/2025\/10\/WhatsApp-Image-2025-10-06-at-08.39.48-1024x768.jpeg 1024w, https:\/\/projectes.xtec.cat\/pfi\/wp-content\/uploads\/usu1781\/2025\/10\/WhatsApp-Image-2025-10-06-at-08.39.48-768x576.jpeg 768w, https:\/\/projectes.xtec.cat\/pfi\/wp-content\/uploads\/usu1781\/2025\/10\/WhatsApp-Image-2025-10-06-at-08.39.48-1536x1152.jpeg 1536w, https:\/\/projectes.xtec.cat\/pfi\/wp-content\/uploads\/usu1781\/2025\/10\/WhatsApp-Image-2025-10-06-at-08.39.48-200x150.jpeg 200w\" sizes=\"auto, (max-width: 251px) 100vw, 251px\" \/><\/a> <a href=\"https:\/\/projectes.xtec.cat\/pfi\/wp-content\/uploads\/usu1781\/2025\/10\/WhatsApp-Image-2025-10-03-at-14.24.34-3-scaled.jpeg\"><img loading=\"lazy\" decoding=\"async\" class=\"wp-image-20630 alignleft\" src=\"https:\/\/projectes.xtec.cat\/pfi\/wp-content\/uploads\/usu1781\/2025\/10\/WhatsApp-Image-2025-10-03-at-14.24.34-3-scaled.jpeg\" alt=\"\" width=\"248\" height=\"186\" srcset=\"https:\/\/projectes.xtec.cat\/pfi\/wp-content\/uploads\/usu1781\/2025\/10\/WhatsApp-Image-2025-10-03-at-14.24.34-3-scaled.jpeg 2560w, https:\/\/projectes.xtec.cat\/pfi\/wp-content\/uploads\/usu1781\/2025\/10\/WhatsApp-Image-2025-10-03-at-14.24.34-3-300x225.jpeg 300w, https:\/\/projectes.xtec.cat\/pfi\/wp-content\/uploads\/usu1781\/2025\/10\/WhatsApp-Image-2025-10-03-at-14.24.34-3-1024x768.jpeg 1024w, https:\/\/projectes.xtec.cat\/pfi\/wp-content\/uploads\/usu1781\/2025\/10\/WhatsApp-Image-2025-10-03-at-14.24.34-3-768x576.jpeg 768w, https:\/\/projectes.xtec.cat\/pfi\/wp-content\/uploads\/usu1781\/2025\/10\/WhatsApp-Image-2025-10-03-at-14.24.34-3-1536x1152.jpeg 1536w, https:\/\/projectes.xtec.cat\/pfi\/wp-content\/uploads\/usu1781\/2025\/10\/WhatsApp-Image-2025-10-03-at-14.24.34-3-2048x1536.jpeg 2048w, https:\/\/projectes.xtec.cat\/pfi\/wp-content\/uploads\/usu1781\/2025\/10\/WhatsApp-Image-2025-10-03-at-14.24.34-3-200x150.jpeg 200w\" sizes=\"auto, (max-width: 248px) 100vw, 248px\" \/><\/a><\/p>\n","protected":false},"excerpt":{"rendered":"<p>Divendres passat dia 3\u00a0d\u2019octubre, els Programes de Formaci\u00f3 i Inserci\u00f3 (PFI) van celebrar l\u2019activitat inaugural de la 8a edici\u00f3 del projecte Hist\u00f2ries de Vida a l\u2019Hotel Hilton Diagonal Mar de Barcelona. L\u2019acte va reunir alumnat, voluntaris i representants d\u2019empreses col\u00b7laboradores en una jornada plena d\u2019emoci\u00f3,&hellip;  <a href=\"https:\/\/projectes.xtec.cat\/pfi\/general\/activitat-inaugural-projecte-histories-de-vida\/\" title=\"Read Activitat Inaugural projecte Hist\u00f2ries de Vida\">Llegeix m\u00e9s\u00bb<\/a><\/p>\n","protected":false},"author":1,"featured_media":20627,"comment_status":"open","ping_status":"open","sticky":false,"template":"","format":"standard","meta":{"_bbp_topic_count":0,"_bbp_reply_count":0,"_bbp_total_topic_count":0,"_bbp_total_reply_count":0,"_bbp_voice_count":0,"_bbp_anonymous_reply_count":0,"_bbp_topic_count_hidden":0,"_bbp_reply_count_hidden":0,"_bbp_forum_subforum_count":0,"footnotes":""},"categories":[1,373,29],"tags":[],"class_list":["post-20626","post","type-post","status-publish","format-standard","has-post-thumbnail","hentry","category-general","category-histories-de-vida","category-portada"],"post_mailing_queue_ids":[],"_links":{"self":[{"href":"https:\/\/projectes.xtec.cat\/pfi\/wp-json\/wp\/v2\/posts\/20626","targetHints":{"allow":["GET"]}}],"collection":[{"href":"https:\/\/projectes.xtec.cat\/pfi\/wp-json\/wp\/v2\/posts"}],"about":[{"href":"https:\/\/projectes.xtec.cat\/pfi\/wp-json\/wp\/v2\/types\/post"}],"author":[{"embeddable":true,"href":"https:\/\/projectes.xtec.cat\/pfi\/wp-json\/wp\/v2\/users\/1"}],"replies":[{"embeddable":true,"href":"https:\/\/projectes.xtec.cat\/pfi\/wp-json\/wp\/v2\/comments?post=20626"}],"version-history":[{"count":5,"href":"https:\/\/projectes.xtec.cat\/pfi\/wp-json\/wp\/v2\/posts\/20626\/revisions"}],"predecessor-version":[{"id":20638,"href":"https:\/\/projectes.xtec.cat\/pfi\/wp-json\/wp\/v2\/posts\/20626\/revisions\/20638"}],"wp:featuredmedia":[{"embeddable":true,"href":"https:\/\/projectes.xtec.cat\/pfi\/wp-json\/wp\/v2\/media\/20627"}],"wp:attachment":[{"href":"https:\/\/projectes.xtec.cat\/pfi\/wp-json\/wp\/v2\/media?parent=20626"}],"wp:term":[{"taxonomy":"category","embeddable":true,"href":"https:\/\/projectes.xtec.cat\/pfi\/wp-json\/wp\/v2\/categories?post=20626"},{"taxonomy":"post_tag","embeddable":true,"href":"https:\/\/projectes.xtec.cat\/pfi\/wp-json\/wp\/v2\/tags?post=20626"}],"curies":[{"name":"wp","href":"https:\/\/api.w.org\/{rel}","templated":true}]}}