{"id":20667,"date":"2025-10-17T13:37:33","date_gmt":"2025-10-17T11:37:33","guid":{"rendered":"https:\/\/projectes.xtec.cat\/pfi\/?p=20667"},"modified":"2025-10-17T13:38:20","modified_gmt":"2025-10-17T11:38:20","slug":"masterclass-com-crear-el-meu-primer-curriculum-vitae-jo-soc-el-meu-futur","status":"publish","type":"post","link":"https:\/\/projectes.xtec.cat\/pfi\/portada\/masterclass-com-crear-el-meu-primer-curriculum-vitae-jo-soc-el-meu-futur\/","title":{"rendered":"MASTERCLASS: Com crear el meu primer Curr\u00edculum Vitae? &#8211; Jo soc el meu futur"},"content":{"rendered":"<p style=\"font-weight: 400;\">En el marc del programa Z-SHAKE, YO SOY MI FUTURO i gr\u00e0cies al suport de la Z Zurich Foundation i GIRA Coca-Cola, us convidem a una masterclass en l\u00ednia adre\u00e7ada a joves d\u2019Educaci\u00f3 Secund\u00e0ria, Batxillerat i Formaci\u00f3 Professional.<\/p>\n<p style=\"font-weight: 400;\">L\u2019objectiu d\u2019aquesta sessi\u00f3 \u00e9s que l\u2019alumnat aprengui a crear el seu\u00a0primer curr\u00edculum i descobreixi com destacar les seves habilitats preparant aix\u00ed el seu primer pas cap al m\u00f3n professional.<\/p>\n<p><strong>MASTERCLASS: Com crear el meu primer Curr\u00edculum Vitae?<\/strong><br \/>\nData: dimecres,\u00a022 d\u2019octubre<br \/>\nHora: 11.50 h \u2013 13.00 h<br \/>\nFormat: En l\u00ednia \u2013 Plataforma Zoom (un cop inscrits es rebr\u00e0 l\u2019enlla\u00e7 d\u2019acc\u00e9s uns dies abans de la masterclass).<\/p>\n<p style=\"font-weight: 400;\">Podeu inscriure el\/s vostre\/s grup\/s en el seg\u00fcent enlla\u00e7: <a href=\"https:\/\/es.surveymonkey.com\/r\/MIPRIMERCVZ-SHAKE\">https:\/\/es.surveymonkey.com\/r\/MIPRIMERCVZ-SHAKE<\/a><br \/>\nData l\u00edmit d\u2019inscripci\u00f3: 21 d\u2019octubre.<\/p>\n<p style=\"font-weight: 400;\">Ponents:<\/p>\n<ul style=\"list-style-type: square;\">\n<li>Laia Beltran, Talent Acquisition Business Partner en Zurich Insurance Company<\/li>\n<li>Beatriz S\u00e1nchez, de Talent Aquisition Coca-Cola<\/li>\n<\/ul>\n<p style=\"font-weight: 400;\">Qu\u00e8 aprendran en aquesta sessi\u00f3?<br \/>\n&#8211; Les claus perqu\u00e8 un curr\u00edculum capti l\u2019atenci\u00f3 dels reclutadors.<br \/>\n&#8211; Quina informaci\u00f3 incloure, fins i tot sense experi\u00e8ncia laboral pr\u00e8via.<br \/>\n&#8211; Com llegir i adaptar el CV a una oferta de feina real.<\/p>\n","protected":false},"excerpt":{"rendered":"<p>En el marc del programa Z-SHAKE, YO SOY MI FUTURO i gr\u00e0cies al suport de la Z Zurich Foundation i GIRA Coca-Cola, us convidem a una masterclass en l\u00ednia adre\u00e7ada a joves d\u2019Educaci\u00f3 Secund\u00e0ria, Batxillerat i Formaci\u00f3 Professional.<br \/>\nL\u2019objectiu d\u2019aquesta sessi\u00f3 \u00e9s que l\u2019alumnat aprengui a&hellip;  <a href=\"https:\/\/projectes.xtec.cat\/pfi\/portada\/masterclass-com-crear-el-meu-primer-curriculum-vitae-jo-soc-el-meu-futur\/\" title=\"Read MASTERCLASS: Com crear el meu primer Curr\u00edculum Vitae? &#8211; Jo soc el meu futur\">Llegeix m\u00e9s\u00bb<\/a><\/p>\n","protected":false},"author":1,"featured_media":0,"comment_status":"open","ping_status":"open","sticky":false,"template":"","format":"standard","meta":{"_bbp_topic_count":0,"_bbp_reply_count":0,"_bbp_total_topic_count":0,"_bbp_total_reply_count":0,"_bbp_voice_count":0,"_bbp_anonymous_reply_count":0,"_bbp_topic_count_hidden":0,"_bbp_reply_count_hidden":0,"_bbp_forum_subforum_count":0,"footnotes":""},"categories":[29,76],"tags":[612,673,310],"class_list":["post-20667","post","type-post","status-publish","format-standard","hentry","category-portada","category-recursos","tag-juniorachievement","tag-masterclass","tag-orientacio"],"post_mailing_queue_ids":[],"_links":{"self":[{"href":"https:\/\/projectes.xtec.cat\/pfi\/wp-json\/wp\/v2\/posts\/20667","targetHints":{"allow":["GET"]}}],"collection":[{"href":"https:\/\/projectes.xtec.cat\/pfi\/wp-json\/wp\/v2\/posts"}],"about":[{"href":"https:\/\/projectes.xtec.cat\/pfi\/wp-json\/wp\/v2\/types\/post"}],"author":[{"embeddable":true,"href":"https:\/\/projectes.xtec.cat\/pfi\/wp-json\/wp\/v2\/users\/1"}],"replies":[{"embeddable":true,"href":"https:\/\/projectes.xtec.cat\/pfi\/wp-json\/wp\/v2\/comments?post=20667"}],"version-history":[{"count":2,"href":"https:\/\/projectes.xtec.cat\/pfi\/wp-json\/wp\/v2\/posts\/20667\/revisions"}],"predecessor-version":[{"id":20669,"href":"https:\/\/projectes.xtec.cat\/pfi\/wp-json\/wp\/v2\/posts\/20667\/revisions\/20669"}],"wp:attachment":[{"href":"https:\/\/projectes.xtec.cat\/pfi\/wp-json\/wp\/v2\/media?parent=20667"}],"wp:term":[{"taxonomy":"category","embeddable":true,"href":"https:\/\/projectes.xtec.cat\/pfi\/wp-json\/wp\/v2\/categories?post=20667"},{"taxonomy":"post_tag","embeddable":true,"href":"https:\/\/projectes.xtec.cat\/pfi\/wp-json\/wp\/v2\/tags?post=20667"}],"curies":[{"name":"wp","href":"https:\/\/api.w.org\/{rel}","templated":true}]}}