{"id":20699,"date":"2025-11-03T09:33:43","date_gmt":"2025-11-03T08:33:43","guid":{"rendered":"https:\/\/projectes.xtec.cat\/pfi\/?p=20699"},"modified":"2025-11-03T09:34:29","modified_gmt":"2025-11-03T08:34:29","slug":"connectat-a-lempresa-ciencia-per-fer-front-al-canvi-climatic-2","status":"publish","type":"post","link":"https:\/\/projectes.xtec.cat\/pfi\/portada\/connectat-a-lempresa-ciencia-per-fer-front-al-canvi-climatic-2\/","title":{"rendered":"Connecta\u2019t a l\u2019empresa: Ci\u00e8ncia per fer front al canvi clim\u00e0tic"},"content":{"rendered":"<p>El dijous 13 de novembre de 10 a 11h tindr\u00e0 lloc una nova connexi\u00f3 en directe. Gl\u00f2ria Villalba, enginyera agr\u00f2noma i responsable de l\u2019\u00e0rea de creixement de plantes i cultiu in vitro del CRAG (Centre de Recerca en Agrigen\u00f2mica), ens parlar\u00e0 sobre \u201c<strong>La resposta de la ci\u00e8ncia per fer front al canvi clim\u00e0tic\u201d.<\/strong><\/p>\n<p>Al llarg de la sessi\u00f3 es tractaran els nous reptes que afronta la producci\u00f3 agr\u00e0ria per adaptar-se al canvi clim\u00e0tic i al creixement demogr\u00e0fic (adaptaci\u00f3 de cultius, aprofitament de recursos etc.) i com la ci\u00e8ncia est\u00e0 fomentant la sostenibilitat per adaptar-nos millor a aquests canvis.<\/p>\n<p>En aquest <a href=\"https:\/\/docs.google.com\/forms\/d\/e\/1FAIpQLSeC3sU5JKqQrzN9Fv_fd6BP_xJU8yfhy_RfaFQDcWjYFz505Q\/viewform\">Formulari d&#8217;inscripci\u00f3<\/a>\u00a0us podeu inscriure el teu grup i tu (amb una \u00fanica inscripci\u00f3!).<\/p>\n","protected":false},"excerpt":{"rendered":"<p>El dijous 13 de novembre de 10 a 11h tindr\u00e0 lloc una nova connexi\u00f3 en directe. Gl\u00f2ria Villalba, enginyera agr\u00f2noma i responsable de l\u2019\u00e0rea de creixement de plantes i cultiu in vitro del CRAG (Centre de Recerca en Agrigen\u00f2mica), ens parlar\u00e0 sobre \u201cLa resposta de&hellip;  <a href=\"https:\/\/projectes.xtec.cat\/pfi\/portada\/connectat-a-lempresa-ciencia-per-fer-front-al-canvi-climatic-2\/\" title=\"Read Connecta\u2019t a l\u2019empresa: Ci\u00e8ncia per fer front al canvi clim\u00e0tic\">Llegeix m\u00e9s\u00bb<\/a><\/p>\n","protected":false},"author":1,"featured_media":19897,"comment_status":"open","ping_status":"open","sticky":false,"template":"","format":"standard","meta":{"_bbp_topic_count":0,"_bbp_reply_count":0,"_bbp_total_topic_count":0,"_bbp_total_reply_count":0,"_bbp_voice_count":0,"_bbp_anonymous_reply_count":0,"_bbp_topic_count_hidden":0,"_bbp_reply_count_hidden":0,"_bbp_forum_subforum_count":0,"footnotes":""},"categories":[565,29],"tags":[674,403,428],"class_list":["post-20699","post","type-post","status-publish","format-standard","has-post-thumbnail","hentry","category-connectat-a-lempresa","category-portada","tag-canviclimatic","tag-ciencia","tag-sostenibilitat"],"post_mailing_queue_ids":[],"_links":{"self":[{"href":"https:\/\/projectes.xtec.cat\/pfi\/wp-json\/wp\/v2\/posts\/20699","targetHints":{"allow":["GET"]}}],"collection":[{"href":"https:\/\/projectes.xtec.cat\/pfi\/wp-json\/wp\/v2\/posts"}],"about":[{"href":"https:\/\/projectes.xtec.cat\/pfi\/wp-json\/wp\/v2\/types\/post"}],"author":[{"embeddable":true,"href":"https:\/\/projectes.xtec.cat\/pfi\/wp-json\/wp\/v2\/users\/1"}],"replies":[{"embeddable":true,"href":"https:\/\/projectes.xtec.cat\/pfi\/wp-json\/wp\/v2\/comments?post=20699"}],"version-history":[{"count":2,"href":"https:\/\/projectes.xtec.cat\/pfi\/wp-json\/wp\/v2\/posts\/20699\/revisions"}],"predecessor-version":[{"id":20705,"href":"https:\/\/projectes.xtec.cat\/pfi\/wp-json\/wp\/v2\/posts\/20699\/revisions\/20705"}],"wp:featuredmedia":[{"embeddable":true,"href":"https:\/\/projectes.xtec.cat\/pfi\/wp-json\/wp\/v2\/media\/19897"}],"wp:attachment":[{"href":"https:\/\/projectes.xtec.cat\/pfi\/wp-json\/wp\/v2\/media?parent=20699"}],"wp:term":[{"taxonomy":"category","embeddable":true,"href":"https:\/\/projectes.xtec.cat\/pfi\/wp-json\/wp\/v2\/categories?post=20699"},{"taxonomy":"post_tag","embeddable":true,"href":"https:\/\/projectes.xtec.cat\/pfi\/wp-json\/wp\/v2\/tags?post=20699"}],"curies":[{"name":"wp","href":"https:\/\/api.w.org\/{rel}","templated":true}]}}