{"id":20770,"date":"2025-12-03T12:45:48","date_gmt":"2025-12-03T11:45:48","guid":{"rendered":"https:\/\/projectes.xtec.cat\/pfi\/?p=20770"},"modified":"2025-12-03T12:46:21","modified_gmt":"2025-12-03T11:46:21","slug":"connectat-a-lempresa-prl-3","status":"publish","type":"post","link":"https:\/\/projectes.xtec.cat\/pfi\/portada\/connectat-a-lempresa-prl-3\/","title":{"rendered":"Connecta&#8217;t a l&#8217;empresa: PRL"},"content":{"rendered":"<p>El dijous 11 de desembre de 10.00 a 10.45h tenim un nou Connecta&#8217;t a l&#8217;empresa sobre <strong>Prevenci\u00f3 de riscos laborals.<\/strong><\/p>\n<p>L\u2019Elena Ferre\u00f1o, t\u00e8cnica de prevenci\u00f3 de la Mancomunitat Sanit\u00e0ria de Prevenci\u00f3, tractar\u00e0 el tema de\u00a0<strong>Per qu\u00e8 la Prevenci\u00f3 de riscos laborals \u00e9s important per les empreses i la societat?<br \/>\n<\/strong><\/p>\n<p>Per <a href=\"https:\/\/docs.google.com\/forms\/d\/e\/1FAIpQLSdReaqV6g3dBnXUvBZm_4NFCyYxyH39Ix2GqgIxvBuOMxIoyA\/viewform?usp=preview\">inscriure\u2019t\u00a0clica aqu\u00ed<\/a><\/p>\n","protected":false},"excerpt":{"rendered":"<p>El dijous 11 de desembre de 10.00 a 10.45h tenim un nou Connecta&#8217;t a l&#8217;empresa sobre Prevenci\u00f3 de riscos laborals.<br \/>\nL\u2019Elena Ferre\u00f1o, t\u00e8cnica de prevenci\u00f3 de la Mancomunitat Sanit\u00e0ria de Prevenci\u00f3, tractar\u00e0 el tema de\u00a0Per qu\u00e8 la Prevenci\u00f3 de riscos laborals \u00e9s important per les empreses&hellip;  <a href=\"https:\/\/projectes.xtec.cat\/pfi\/portada\/connectat-a-lempresa-prl-3\/\" title=\"Read Connecta&#8217;t a l&#8217;empresa: PRL\">Llegeix m\u00e9s\u00bb<\/a><\/p>\n","protected":false},"author":1,"featured_media":17865,"comment_status":"open","ping_status":"open","sticky":false,"template":"","format":"standard","meta":{"_bbp_topic_count":0,"_bbp_reply_count":0,"_bbp_total_topic_count":0,"_bbp_total_reply_count":0,"_bbp_voice_count":0,"_bbp_anonymous_reply_count":0,"_bbp_topic_count_hidden":0,"_bbp_reply_count_hidden":0,"_bbp_forum_subforum_count":0,"footnotes":""},"categories":[565,596,29],"tags":[],"class_list":["post-20770","post","type-post","status-publish","format-standard","has-post-thumbnail","hentry","category-connectat-a-lempresa","category-noticies","category-portada"],"post_mailing_queue_ids":[],"_links":{"self":[{"href":"https:\/\/projectes.xtec.cat\/pfi\/wp-json\/wp\/v2\/posts\/20770","targetHints":{"allow":["GET"]}}],"collection":[{"href":"https:\/\/projectes.xtec.cat\/pfi\/wp-json\/wp\/v2\/posts"}],"about":[{"href":"https:\/\/projectes.xtec.cat\/pfi\/wp-json\/wp\/v2\/types\/post"}],"author":[{"embeddable":true,"href":"https:\/\/projectes.xtec.cat\/pfi\/wp-json\/wp\/v2\/users\/1"}],"replies":[{"embeddable":true,"href":"https:\/\/projectes.xtec.cat\/pfi\/wp-json\/wp\/v2\/comments?post=20770"}],"version-history":[{"count":1,"href":"https:\/\/projectes.xtec.cat\/pfi\/wp-json\/wp\/v2\/posts\/20770\/revisions"}],"predecessor-version":[{"id":20771,"href":"https:\/\/projectes.xtec.cat\/pfi\/wp-json\/wp\/v2\/posts\/20770\/revisions\/20771"}],"wp:featuredmedia":[{"embeddable":true,"href":"https:\/\/projectes.xtec.cat\/pfi\/wp-json\/wp\/v2\/media\/17865"}],"wp:attachment":[{"href":"https:\/\/projectes.xtec.cat\/pfi\/wp-json\/wp\/v2\/media?parent=20770"}],"wp:term":[{"taxonomy":"category","embeddable":true,"href":"https:\/\/projectes.xtec.cat\/pfi\/wp-json\/wp\/v2\/categories?post=20770"},{"taxonomy":"post_tag","embeddable":true,"href":"https:\/\/projectes.xtec.cat\/pfi\/wp-json\/wp\/v2\/tags?post=20770"}],"curies":[{"name":"wp","href":"https:\/\/api.w.org\/{rel}","templated":true}]}}