{"id":20803,"date":"2025-12-15T15:06:38","date_gmt":"2025-12-15T14:06:38","guid":{"rendered":"https:\/\/projectes.xtec.cat\/pfi\/?p=20803"},"modified":"2025-12-15T15:06:38","modified_gmt":"2025-12-15T14:06:38","slug":"la-marato-laparador-i-la-decoracio-del-ptt-de-mollerussa-2","status":"publish","type":"post","link":"https:\/\/projectes.xtec.cat\/pfi\/general\/la-marato-laparador-i-la-decoracio-del-ptt-de-mollerussa-2\/","title":{"rendered":"La Marat\u00f3, l&#8217;aparador i la decoraci\u00f3 del PTT de Mollerussa"},"content":{"rendered":"<p>Les activitats estrella d&#8217;aquest desembre!<\/p>\n<p data-start=\"209\" data-end=\"526\">Un any m\u00e9s, coincidint amb el mercat setmanal de Mollerussa, l\u2019alumnat ha participat en una iniciativa solid\u00e0ria que ens fa sentir molt orgullosos. Vam preparar una paradeta plena de creativitat per recaptar fons, i la resposta de la gent va ser espectacular: hem aconseguit 250 \u20ac, una xifra r\u00e8cord de recaptaci\u00f3!<\/p>\n<p data-start=\"209\" data-end=\"526\"><a href=\"https:\/\/projectes.xtec.cat\/pfi\/wp-content\/uploads\/usu1781\/2025\/12\/Foto-Marato_parada.png\"><img loading=\"lazy\" decoding=\"async\" class=\"alignnone wp-image-20805 size-medium\" src=\"https:\/\/projectes.xtec.cat\/pfi\/wp-content\/uploads\/usu1781\/2025\/12\/Foto-Marato_parada-300x235.png\" alt=\"\" width=\"300\" height=\"235\" srcset=\"https:\/\/projectes.xtec.cat\/pfi\/wp-content\/uploads\/usu1781\/2025\/12\/Foto-Marato_parada-300x235.png 300w, https:\/\/projectes.xtec.cat\/pfi\/wp-content\/uploads\/usu1781\/2025\/12\/Foto-Marato_parada-768x603.png 768w, https:\/\/projectes.xtec.cat\/pfi\/wp-content\/uploads\/usu1781\/2025\/12\/Foto-Marato_parada.png 962w\" sizes=\"auto, (max-width: 300px) 100vw, 300px\" \/><\/a> <a href=\"https:\/\/projectes.xtec.cat\/pfi\/wp-content\/uploads\/usu1781\/2025\/12\/Foto-marato_alumnes.png\"><img loading=\"lazy\" decoding=\"async\" class=\"wp-image-20804 size-medium aligncenter\" src=\"https:\/\/projectes.xtec.cat\/pfi\/wp-content\/uploads\/usu1781\/2025\/12\/Foto-marato_alumnes-300x207.png\" alt=\"\" width=\"300\" height=\"207\" srcset=\"https:\/\/projectes.xtec.cat\/pfi\/wp-content\/uploads\/usu1781\/2025\/12\/Foto-marato_alumnes-300x207.png 300w, https:\/\/projectes.xtec.cat\/pfi\/wp-content\/uploads\/usu1781\/2025\/12\/Foto-marato_alumnes-768x530.png 768w, https:\/\/projectes.xtec.cat\/pfi\/wp-content\/uploads\/usu1781\/2025\/12\/Foto-marato_alumnes.png 984w\" sizes=\"auto, (max-width: 300px) 100vw, 300px\" \/><\/a><\/p>\n<p data-start=\"528\" data-end=\"678\">A totes les persones que van col\u00b7laborar els vam agrair el gest amb petits detalls nadalencs fets a m\u00e0 pels alumnes, com clauers i ornaments de Nadal. Tots els diners recaptats es destinaran enguany a la investigaci\u00f3 del c\u00e0ncer, donant encara m\u00e9s sentit a l\u2019esfor\u00e7 i la implicaci\u00f3 de tothom.<\/p>\n<p data-start=\"528\" data-end=\"678\"><a href=\"https:\/\/projectes.xtec.cat\/pfi\/wp-content\/uploads\/usu1781\/2025\/12\/Aparador-ok.jpg\"><img loading=\"lazy\" decoding=\"async\" class=\"alignnone wp-image-20810 size-medium\" src=\"https:\/\/projectes.xtec.cat\/pfi\/wp-content\/uploads\/usu1781\/2025\/12\/Aparador-ok-300x225.jpg\" alt=\"\" width=\"300\" height=\"225\" srcset=\"https:\/\/projectes.xtec.cat\/pfi\/wp-content\/uploads\/usu1781\/2025\/12\/Aparador-ok-300x225.jpg 300w, https:\/\/projectes.xtec.cat\/pfi\/wp-content\/uploads\/usu1781\/2025\/12\/Aparador-ok-1024x768.jpg 1024w, https:\/\/projectes.xtec.cat\/pfi\/wp-content\/uploads\/usu1781\/2025\/12\/Aparador-ok-768x576.jpg 768w, https:\/\/projectes.xtec.cat\/pfi\/wp-content\/uploads\/usu1781\/2025\/12\/Aparador-ok-1536x1152.jpg 1536w, https:\/\/projectes.xtec.cat\/pfi\/wp-content\/uploads\/usu1781\/2025\/12\/Aparador-ok-200x150.jpg 200w, https:\/\/projectes.xtec.cat\/pfi\/wp-content\/uploads\/usu1781\/2025\/12\/Aparador-ok.jpg 1600w\" sizes=\"auto, (max-width: 300px) 100vw, 300px\" \/><\/a><\/p>\n<p data-start=\"680\" data-end=\"929\">A m\u00e9s, aquest any hem anat un pas m\u00e9s enll\u00e0: no nom\u00e9s hem decorat l\u2019aparador amb molta dedicaci\u00f3 i esperit nadalenc, sin\u00f3 que tamb\u00e9 vam crear una b\u00fastia especial per recollir cartes m\u00e0giques.<\/p>\n<p data-start=\"680\" data-end=\"929\"><a href=\"https:\/\/projectes.xtec.cat\/pfi\/wp-content\/uploads\/usu1781\/2025\/12\/Aparador-2.jpg\"><img loading=\"lazy\" decoding=\"async\" class=\"wp-image-20809 size-medium alignnone\" src=\"https:\/\/projectes.xtec.cat\/pfi\/wp-content\/uploads\/usu1781\/2025\/12\/Aparador-2-225x300.jpg\" alt=\"\" width=\"225\" height=\"300\" srcset=\"https:\/\/projectes.xtec.cat\/pfi\/wp-content\/uploads\/usu1781\/2025\/12\/Aparador-2-225x300.jpg 225w, https:\/\/projectes.xtec.cat\/pfi\/wp-content\/uploads\/usu1781\/2025\/12\/Aparador-2-768x1024.jpg 768w, https:\/\/projectes.xtec.cat\/pfi\/wp-content\/uploads\/usu1781\/2025\/12\/Aparador-2-1152x1536.jpg 1152w, https:\/\/projectes.xtec.cat\/pfi\/wp-content\/uploads\/usu1781\/2025\/12\/Aparador-2.jpg 1200w\" sizes=\"auto, (max-width: 225px) 100vw, 225px\" \/><\/a><\/p>\n<p data-start=\"931\" data-end=\"1078\">Tamb\u00e9 compartim imatges de la decoraci\u00f3 nadalenca que hem fet al centre. <a href=\"https:\/\/projectes.xtec.cat\/pfi\/wp-content\/uploads\/usu1781\/2025\/12\/Imatge-arbre-PTT.jpg\"><img loading=\"lazy\" decoding=\"async\" class=\"aligncenter wp-image-20808 size-medium\" src=\"https:\/\/projectes.xtec.cat\/pfi\/wp-content\/uploads\/usu1781\/2025\/12\/Imatge-arbre-PTT-225x300.jpg\" alt=\"\" width=\"225\" height=\"300\" srcset=\"https:\/\/projectes.xtec.cat\/pfi\/wp-content\/uploads\/usu1781\/2025\/12\/Imatge-arbre-PTT-225x300.jpg 225w, https:\/\/projectes.xtec.cat\/pfi\/wp-content\/uploads\/usu1781\/2025\/12\/Imatge-arbre-PTT-768x1024.jpg 768w, https:\/\/projectes.xtec.cat\/pfi\/wp-content\/uploads\/usu1781\/2025\/12\/Imatge-arbre-PTT-1152x1536.jpg 1152w, https:\/\/projectes.xtec.cat\/pfi\/wp-content\/uploads\/usu1781\/2025\/12\/Imatge-arbre-PTT.jpg 1200w\" sizes=\"auto, (max-width: 225px) 100vw, 225px\" \/><\/a><\/p>\n","protected":false},"excerpt":{"rendered":"<p>Les activitats estrella d&#8217;aquest desembre!<br \/>\nUn any m\u00e9s, coincidint amb el mercat setmanal de Mollerussa, l\u2019alumnat ha participat en una iniciativa solid\u00e0ria que ens fa sentir molt orgullosos. Vam preparar una paradeta plena de creativitat per recaptar fons, i la resposta de la gent va ser&hellip;  <a href=\"https:\/\/projectes.xtec.cat\/pfi\/general\/la-marato-laparador-i-la-decoracio-del-ptt-de-mollerussa-2\/\" title=\"Read La Marat\u00f3, l&#8217;aparador i la decoraci\u00f3 del PTT de Mollerussa\">Llegeix m\u00e9s\u00bb<\/a><\/p>\n","protected":false},"author":166,"featured_media":20805,"comment_status":"open","ping_status":"open","sticky":false,"template":"","format":"standard","meta":{"_bbp_topic_count":0,"_bbp_reply_count":0,"_bbp_total_topic_count":0,"_bbp_total_reply_count":0,"_bbp_voice_count":0,"_bbp_anonymous_reply_count":0,"_bbp_topic_count_hidden":0,"_bbp_reply_count_hidden":0,"_bbp_forum_subforum_count":0,"footnotes":""},"categories":[1,29],"tags":[],"class_list":["post-20803","post","type-post","status-publish","format-standard","has-post-thumbnail","hentry","category-general","category-portada"],"post_mailing_queue_ids":[],"_links":{"self":[{"href":"https:\/\/projectes.xtec.cat\/pfi\/wp-json\/wp\/v2\/posts\/20803","targetHints":{"allow":["GET"]}}],"collection":[{"href":"https:\/\/projectes.xtec.cat\/pfi\/wp-json\/wp\/v2\/posts"}],"about":[{"href":"https:\/\/projectes.xtec.cat\/pfi\/wp-json\/wp\/v2\/types\/post"}],"author":[{"embeddable":true,"href":"https:\/\/projectes.xtec.cat\/pfi\/wp-json\/wp\/v2\/users\/166"}],"replies":[{"embeddable":true,"href":"https:\/\/projectes.xtec.cat\/pfi\/wp-json\/wp\/v2\/comments?post=20803"}],"version-history":[{"count":1,"href":"https:\/\/projectes.xtec.cat\/pfi\/wp-json\/wp\/v2\/posts\/20803\/revisions"}],"predecessor-version":[{"id":20811,"href":"https:\/\/projectes.xtec.cat\/pfi\/wp-json\/wp\/v2\/posts\/20803\/revisions\/20811"}],"wp:featuredmedia":[{"embeddable":true,"href":"https:\/\/projectes.xtec.cat\/pfi\/wp-json\/wp\/v2\/media\/20805"}],"wp:attachment":[{"href":"https:\/\/projectes.xtec.cat\/pfi\/wp-json\/wp\/v2\/media?parent=20803"}],"wp:term":[{"taxonomy":"category","embeddable":true,"href":"https:\/\/projectes.xtec.cat\/pfi\/wp-json\/wp\/v2\/categories?post=20803"},{"taxonomy":"post_tag","embeddable":true,"href":"https:\/\/projectes.xtec.cat\/pfi\/wp-json\/wp\/v2\/tags?post=20803"}],"curies":[{"name":"wp","href":"https:\/\/api.w.org\/{rel}","templated":true}]}}