{"id":20992,"date":"2026-02-09T12:06:47","date_gmt":"2026-02-09T11:06:47","guid":{"rendered":"https:\/\/projectes.xtec.cat\/pfi\/?p=20992"},"modified":"2026-02-09T17:29:16","modified_gmt":"2026-02-09T16:29:16","slug":"histories-de-vida-activitat-a-la-granja-escola-fent-pinya-entre-agents-persones-voluntaries-i-docents-dels-pfi","status":"publish","type":"post","link":"https:\/\/projectes.xtec.cat\/pfi\/general\/histories-de-vida-activitat-a-la-granja-escola-fent-pinya-entre-agents-persones-voluntaries-i-docents-dels-pfi\/","title":{"rendered":"Hist\u00f2ries de Vida, activitat a la Granja Escola, fent xarxa (persones volunt\u00e0ries i docents dels PFI)"},"content":{"rendered":"<p data-start=\"293\" data-end=\"752\">El passat <strong data-start=\"303\" data-end=\"333\">dijous 5 de febrer de 2026<\/strong>, <strong data-start=\"347\" data-end=\"428\">\u00a0persones volunt\u00e0ries i docents dels Programes de Formaci\u00f3 i Inserci\u00f3 (PFI)<\/strong> van participar en una jornada formativa a <strong data-start=\"471\" data-end=\"491\">La Granja Escola<\/strong>, situada a Santa Maria de Palautordera. L\u2019activitat va tenir com a objectiu principal promoure el creixement personal i el treball cooperatiu mitjan\u00e7ant experi\u00e8ncies vivencials centrades en la gesti\u00f3 emocional, el lideratge i la responsabilitat compartida.<\/p>\n<p data-start=\"754\" data-end=\"1159\">La jornada es va iniciar a les 9.30 h amb l\u2019arribada del grup i un caf\u00e8 de benvinguda que va servir per crear un ambient dist\u00e8s i propiciar el primer contacte entre les persones participants. Tamb\u00e9 va tenir lloc una xerrada sobre emocions, que va posar el focus en la import\u00e0ncia de la consci\u00e8ncia emocional tant en l\u2019\u00e0mbit personal com en el context educatiu i professional dels PFI.<\/p>\n<p data-start=\"1161\" data-end=\"1639\">Al llarg del mat\u00ed es van desenvolupar tres activitats pr\u00e0ctiques, distribu\u00efdes en diferents franges hor\u00e0ries, dissenyades per fomentar el treball en equip, el lideratge compartit i la confian\u00e7a. Aquestes din\u00e0miques van permetre als i les participants experimentar situacions de cooperaci\u00f3 i reflexionar sobre el seu rol dins del grup, tot refor\u00e7ant valors clau per a la tasca educativa i social que desenvolupen.<\/p>\n<p data-start=\"1641\" data-end=\"1987\">La jornada es va tancar amb un espai de posada en com\u00fa i valoraci\u00f3 de l\u2019experi\u00e8ncia, abans de donar-la per finalitzada. Les persones assistents van destacar positivament l\u2019enfocament pr\u00e0ctic de les activitats i la utilitat dels aprenentatges obtinguts per aplicar-los tant en l\u2019\u00e0mbit professional com personal.<\/p>\n<table style=\"border-collapse: collapse; width: 100%;\">\n<tbody>\n<tr>\n<td style=\"width: 33.3333%;\"><a href=\"https:\/\/projectes.xtec.cat\/pfi\/wp-content\/uploads\/usu1781\/2026\/02\/WhatsApp-Image-2026-02-09-at-12.40.03.jpeg\"><img loading=\"lazy\" decoding=\"async\" class=\"aligncenter size-full wp-image-20998\" src=\"https:\/\/projectes.xtec.cat\/pfi\/wp-content\/uploads\/usu1781\/2026\/02\/WhatsApp-Image-2026-02-09-at-12.40.03.jpeg\" alt=\"\" width=\"1600\" height=\"1200\" srcset=\"https:\/\/projectes.xtec.cat\/pfi\/wp-content\/uploads\/usu1781\/2026\/02\/WhatsApp-Image-2026-02-09-at-12.40.03.jpeg 1600w, https:\/\/projectes.xtec.cat\/pfi\/wp-content\/uploads\/usu1781\/2026\/02\/WhatsApp-Image-2026-02-09-at-12.40.03-300x225.jpeg 300w, https:\/\/projectes.xtec.cat\/pfi\/wp-content\/uploads\/usu1781\/2026\/02\/WhatsApp-Image-2026-02-09-at-12.40.03-1024x768.jpeg 1024w, https:\/\/projectes.xtec.cat\/pfi\/wp-content\/uploads\/usu1781\/2026\/02\/WhatsApp-Image-2026-02-09-at-12.40.03-768x576.jpeg 768w, https:\/\/projectes.xtec.cat\/pfi\/wp-content\/uploads\/usu1781\/2026\/02\/WhatsApp-Image-2026-02-09-at-12.40.03-1536x1152.jpeg 1536w, https:\/\/projectes.xtec.cat\/pfi\/wp-content\/uploads\/usu1781\/2026\/02\/WhatsApp-Image-2026-02-09-at-12.40.03-200x150.jpeg 200w\" sizes=\"auto, (max-width: 1600px) 100vw, 1600px\" \/><\/a><\/td>\n<td style=\"width: 33.3333%;\"><a href=\"https:\/\/projectes.xtec.cat\/pfi\/wp-content\/uploads\/usu1781\/2026\/02\/WhatsApp-Image-2026-02-09-at-12.40.03-2.jpeg\"><img loading=\"lazy\" decoding=\"async\" class=\"aligncenter size-full wp-image-20999\" src=\"https:\/\/projectes.xtec.cat\/pfi\/wp-content\/uploads\/usu1781\/2026\/02\/WhatsApp-Image-2026-02-09-at-12.40.03-2.jpeg\" alt=\"\" width=\"1600\" height=\"1200\" srcset=\"https:\/\/projectes.xtec.cat\/pfi\/wp-content\/uploads\/usu1781\/2026\/02\/WhatsApp-Image-2026-02-09-at-12.40.03-2.jpeg 1600w, https:\/\/projectes.xtec.cat\/pfi\/wp-content\/uploads\/usu1781\/2026\/02\/WhatsApp-Image-2026-02-09-at-12.40.03-2-300x225.jpeg 300w, https:\/\/projectes.xtec.cat\/pfi\/wp-content\/uploads\/usu1781\/2026\/02\/WhatsApp-Image-2026-02-09-at-12.40.03-2-1024x768.jpeg 1024w, https:\/\/projectes.xtec.cat\/pfi\/wp-content\/uploads\/usu1781\/2026\/02\/WhatsApp-Image-2026-02-09-at-12.40.03-2-768x576.jpeg 768w, https:\/\/projectes.xtec.cat\/pfi\/wp-content\/uploads\/usu1781\/2026\/02\/WhatsApp-Image-2026-02-09-at-12.40.03-2-1536x1152.jpeg 1536w, https:\/\/projectes.xtec.cat\/pfi\/wp-content\/uploads\/usu1781\/2026\/02\/WhatsApp-Image-2026-02-09-at-12.40.03-2-200x150.jpeg 200w\" sizes=\"auto, (max-width: 1600px) 100vw, 1600px\" \/><\/a><\/td>\n<td style=\"width: 33.3333%;\"><a href=\"https:\/\/projectes.xtec.cat\/pfi\/wp-content\/uploads\/usu1781\/2026\/02\/WhatsApp-Image-2026-02-09-at-12.40.03-3.jpeg\"><img loading=\"lazy\" decoding=\"async\" class=\"aligncenter size-full wp-image-21000\" src=\"https:\/\/projectes.xtec.cat\/pfi\/wp-content\/uploads\/usu1781\/2026\/02\/WhatsApp-Image-2026-02-09-at-12.40.03-3.jpeg\" alt=\"\" width=\"1600\" height=\"1200\" srcset=\"https:\/\/projectes.xtec.cat\/pfi\/wp-content\/uploads\/usu1781\/2026\/02\/WhatsApp-Image-2026-02-09-at-12.40.03-3.jpeg 1600w, https:\/\/projectes.xtec.cat\/pfi\/wp-content\/uploads\/usu1781\/2026\/02\/WhatsApp-Image-2026-02-09-at-12.40.03-3-300x225.jpeg 300w, https:\/\/projectes.xtec.cat\/pfi\/wp-content\/uploads\/usu1781\/2026\/02\/WhatsApp-Image-2026-02-09-at-12.40.03-3-1024x768.jpeg 1024w, https:\/\/projectes.xtec.cat\/pfi\/wp-content\/uploads\/usu1781\/2026\/02\/WhatsApp-Image-2026-02-09-at-12.40.03-3-768x576.jpeg 768w, https:\/\/projectes.xtec.cat\/pfi\/wp-content\/uploads\/usu1781\/2026\/02\/WhatsApp-Image-2026-02-09-at-12.40.03-3-1536x1152.jpeg 1536w, https:\/\/projectes.xtec.cat\/pfi\/wp-content\/uploads\/usu1781\/2026\/02\/WhatsApp-Image-2026-02-09-at-12.40.03-3-200x150.jpeg 200w\" sizes=\"auto, (max-width: 1600px) 100vw, 1600px\" \/><\/a><\/td>\n<\/tr>\n<\/tbody>\n<\/table>\n","protected":false},"excerpt":{"rendered":"<p>El passat dijous 5 de febrer de 2026, \u00a0persones volunt\u00e0ries i docents dels Programes de Formaci\u00f3 i Inserci\u00f3 (PFI) van participar en una jornada formativa a La Granja Escola, situada a Santa Maria de Palautordera. L\u2019activitat va tenir com a objectiu principal promoure el creixement&hellip;  <a href=\"https:\/\/projectes.xtec.cat\/pfi\/general\/histories-de-vida-activitat-a-la-granja-escola-fent-pinya-entre-agents-persones-voluntaries-i-docents-dels-pfi\/\" title=\"Read Hist\u00f2ries de Vida, activitat a la Granja Escola, fent xarxa (persones volunt\u00e0ries i docents dels PFI)\">Llegeix m\u00e9s\u00bb<\/a><\/p>\n","protected":false},"author":1,"featured_media":21001,"comment_status":"open","ping_status":"open","sticky":false,"template":"","format":"standard","meta":{"_bbp_topic_count":0,"_bbp_reply_count":0,"_bbp_total_topic_count":0,"_bbp_total_reply_count":0,"_bbp_voice_count":0,"_bbp_anonymous_reply_count":0,"_bbp_topic_count_hidden":0,"_bbp_reply_count_hidden":0,"_bbp_forum_subforum_count":0,"footnotes":""},"categories":[1,373,29],"tags":[],"class_list":["post-20992","post","type-post","status-publish","format-standard","has-post-thumbnail","hentry","category-general","category-histories-de-vida","category-portada"],"post_mailing_queue_ids":[],"_links":{"self":[{"href":"https:\/\/projectes.xtec.cat\/pfi\/wp-json\/wp\/v2\/posts\/20992","targetHints":{"allow":["GET"]}}],"collection":[{"href":"https:\/\/projectes.xtec.cat\/pfi\/wp-json\/wp\/v2\/posts"}],"about":[{"href":"https:\/\/projectes.xtec.cat\/pfi\/wp-json\/wp\/v2\/types\/post"}],"author":[{"embeddable":true,"href":"https:\/\/projectes.xtec.cat\/pfi\/wp-json\/wp\/v2\/users\/1"}],"replies":[{"embeddable":true,"href":"https:\/\/projectes.xtec.cat\/pfi\/wp-json\/wp\/v2\/comments?post=20992"}],"version-history":[{"count":6,"href":"https:\/\/projectes.xtec.cat\/pfi\/wp-json\/wp\/v2\/posts\/20992\/revisions"}],"predecessor-version":[{"id":21003,"href":"https:\/\/projectes.xtec.cat\/pfi\/wp-json\/wp\/v2\/posts\/20992\/revisions\/21003"}],"wp:featuredmedia":[{"embeddable":true,"href":"https:\/\/projectes.xtec.cat\/pfi\/wp-json\/wp\/v2\/media\/21001"}],"wp:attachment":[{"href":"https:\/\/projectes.xtec.cat\/pfi\/wp-json\/wp\/v2\/media?parent=20992"}],"wp:term":[{"taxonomy":"category","embeddable":true,"href":"https:\/\/projectes.xtec.cat\/pfi\/wp-json\/wp\/v2\/categories?post=20992"},{"taxonomy":"post_tag","embeddable":true,"href":"https:\/\/projectes.xtec.cat\/pfi\/wp-json\/wp\/v2\/tags?post=20992"}],"curies":[{"name":"wp","href":"https:\/\/api.w.org\/{rel}","templated":true}]}}