{"id":21004,"date":"2026-02-10T15:34:55","date_gmt":"2026-02-10T14:34:55","guid":{"rendered":"https:\/\/projectes.xtec.cat\/pfi\/?p=21004"},"modified":"2026-02-10T15:34:55","modified_gmt":"2026-02-10T14:34:55","slug":"primer-any-primer-repte-el-pfi-de-perruqueria-i-estetica-al-concurs-de-loreal","status":"publish","type":"post","link":"https:\/\/projectes.xtec.cat\/pfi\/general\/primer-any-primer-repte-el-pfi-de-perruqueria-i-estetica-al-concurs-de-loreal\/","title":{"rendered":"Primer any, primer repte: el PFI de Perruqueria i Est\u00e8tica al Concurs de L\u2019Or\u00e9al"},"content":{"rendered":"<div class=\"entry-content\">\n<figure class=\"wp-block-image size-thumbnail\">El Narc\u00eds Xifra de Girona participa al concurs de PFI de Perruqueria i est\u00e8tica organitzat a les instal\u00b7lacions de l&#8217;Oreal.<\/figure>\n<p>Aquest curs \u00e9s especialment important per al nostre centre: coincidint amb el primer any d\u2019implantaci\u00f3 del PFI en aquesta especialitat, l\u2019alumnat del PFI de Perruqueria i Est\u00e8tica participa per primera vegada en el Concurs.<\/p>\n<p>Aquesta experi\u00e8ncia suposa una oportunitat \u00fanica perqu\u00e8 l\u2019alumnat mostri el seu talent, la seva creativitat i les compet\u00e8ncies professionals adquirides a l\u2019aula, tot enfrontant-se a un repte real del sector de la imatge personal.<\/p>\n<p>La il\u00b7lusi\u00f3, el comprom\u00eds i les ganes d\u2019aprendre s\u00f3n els motors d\u2019aquest projecte, que refor\u00e7a l\u2019autoestima de l\u2019alumnat i el seu vincle amb el m\u00f3n professional. Des del centre, celebrem aquesta iniciativa com un gran pas endavant i animem l\u2019alumnat a gaudir al m\u00e0xim d\u2019aquesta experi\u00e8ncia<\/p>\n<p>.<a href=\"https:\/\/iesnx.xtec.cat\/primer-any-primer-repte-el-pfi-de-perruqueria-i-estetica-al-concurs-de-loreal\/\">https:\/\/iesnx.xtec.cat\/primer-any-primer-repte-el-pfi-de-perruqueria-i-estetica-al-concurs-de-loreal\/<\/a><\/p>\n<\/div>\n","protected":false},"excerpt":{"rendered":"<p>El Narc\u00eds Xifra de Girona participa al concurs de PFI de Perruqueria i est\u00e8tica organitzat a les instal\u00b7lacions de l&#8217;Oreal. Aquest curs \u00e9s especialment important per al nostre centre: coincidint amb el primer any d\u2019implantaci\u00f3 del PFI en aquesta especialitat, l\u2019alumnat del PFI de Perruqueria i Est\u00e8tica participa per primera vegada en el Concurs. Aquesta [&hellip;]<\/p>\n","protected":false},"author":392,"featured_media":0,"comment_status":"open","ping_status":"open","sticky":false,"template":"","format":"standard","meta":{"_bbp_topic_count":0,"_bbp_reply_count":0,"_bbp_total_topic_count":0,"_bbp_total_reply_count":0,"_bbp_voice_count":0,"_bbp_anonymous_reply_count":0,"_bbp_topic_count_hidden":0,"_bbp_reply_count_hidden":0,"_bbp_forum_subforum_count":0,"site-sidebar-layout":"default","site-content-layout":"","ast-site-content-layout":"","site-content-style":"default","site-sidebar-style":"default","ast-global-header-display":"","ast-banner-title-visibility":"","ast-main-header-display":"","ast-hfb-above-header-display":"","ast-hfb-below-header-display":"","ast-hfb-mobile-header-display":"","site-post-title":"","ast-breadcrumbs-content":"","ast-featured-img":"","footer-sml-layout":"","theme-transparent-header-meta":"","adv-header-id-meta":"","stick-header-meta":"","header-above-stick-meta":"","header-main-stick-meta":"","header-below-stick-meta":"","astra-migrate-meta-layouts":"default","ast-page-background-enabled":"default","ast-page-background-meta":{"desktop":{"background-color":"var(--ast-global-color-4)","background-image":"","background-repeat":"repeat","background-position":"center center","background-size":"auto","background-attachment":"scroll","background-type":"","background-media":"","overlay-type":"","overlay-color":"","overlay-opacity":"","overlay-gradient":""},"tablet":{"background-color":"","background-image":"","background-repeat":"repeat","background-position":"center center","background-size":"auto","background-attachment":"scroll","background-type":"","background-media":"","overlay-type":"","overlay-color":"","overlay-opacity":"","overlay-gradient":""},"mobile":{"background-color":"","background-image":"","background-repeat":"repeat","background-position":"center center","background-size":"auto","background-attachment":"scroll","background-type":"","background-media":"","overlay-type":"","overlay-color":"","overlay-opacity":"","overlay-gradient":""}},"ast-content-background-meta":{"desktop":{"background-color":"var(--ast-global-color-5)","background-image":"","background-repeat":"repeat","background-position":"center center","background-size":"auto","background-attachment":"scroll","background-type":"","background-media":"","overlay-type":"","overlay-color":"","overlay-opacity":"","overlay-gradient":""},"tablet":{"background-color":"var(--ast-global-color-5)","background-image":"","background-repeat":"repeat","background-position":"center center","background-size":"auto","background-attachment":"scroll","background-type":"","background-media":"","overlay-type":"","overlay-color":"","overlay-opacity":"","overlay-gradient":""},"mobile":{"background-color":"var(--ast-global-color-5)","background-image":"","background-repeat":"repeat","background-position":"center center","background-size":"auto","background-attachment":"scroll","background-type":"","background-media":"","overlay-type":"","overlay-color":"","overlay-opacity":"","overlay-gradient":""}},"footnotes":""},"categories":[526,1,29],"tags":[],"class_list":["post-21004","post","type-post","status-publish","format-standard","hentry","category-concurs-perruqueria-i-estetica","category-general","category-portada"],"post_mailing_queue_ids":[],"_links":{"self":[{"href":"https:\/\/projectes.xtec.cat\/pfi\/wp-json\/wp\/v2\/posts\/21004","targetHints":{"allow":["GET"]}}],"collection":[{"href":"https:\/\/projectes.xtec.cat\/pfi\/wp-json\/wp\/v2\/posts"}],"about":[{"href":"https:\/\/projectes.xtec.cat\/pfi\/wp-json\/wp\/v2\/types\/post"}],"author":[{"embeddable":true,"href":"https:\/\/projectes.xtec.cat\/pfi\/wp-json\/wp\/v2\/users\/392"}],"replies":[{"embeddable":true,"href":"https:\/\/projectes.xtec.cat\/pfi\/wp-json\/wp\/v2\/comments?post=21004"}],"version-history":[{"count":2,"href":"https:\/\/projectes.xtec.cat\/pfi\/wp-json\/wp\/v2\/posts\/21004\/revisions"}],"predecessor-version":[{"id":21006,"href":"https:\/\/projectes.xtec.cat\/pfi\/wp-json\/wp\/v2\/posts\/21004\/revisions\/21006"}],"wp:attachment":[{"href":"https:\/\/projectes.xtec.cat\/pfi\/wp-json\/wp\/v2\/media?parent=21004"}],"wp:term":[{"taxonomy":"category","embeddable":true,"href":"https:\/\/projectes.xtec.cat\/pfi\/wp-json\/wp\/v2\/categories?post=21004"},{"taxonomy":"post_tag","embeddable":true,"href":"https:\/\/projectes.xtec.cat\/pfi\/wp-json\/wp\/v2\/tags?post=21004"}],"curies":[{"name":"wp","href":"https:\/\/api.w.org\/{rel}","templated":true}]}}