{"id":21476,"date":"2026-04-24T09:20:49","date_gmt":"2026-04-24T07:20:49","guid":{"rendered":"https:\/\/projectes.xtec.cat\/pfi\/?p=21476"},"modified":"2026-04-24T09:20:58","modified_gmt":"2026-04-24T07:20:58","slug":"2a-edicio-de-lactivat-fp-a-linstitut-lluis-domenech-i-montaner-de-reus","status":"publish","type":"post","link":"https:\/\/projectes.xtec.cat\/pfi\/general\/2a-edicio-de-lactivat-fp-a-linstitut-lluis-domenech-i-montaner-de-reus\/","title":{"rendered":"2a edici\u00f3 de l&#8217;Activa&#8217;t FP a l&#8217;Institut Llu\u00eds Dom\u00e8nech i Montaner de Reus"},"content":{"rendered":"<p class=\"font-claude-response-body break-words whitespace-normal leading-[1.7]\">El passat 14 d&#8217;abril vam celebrar la segona edici\u00f3 de l&#8217;Activa&#8217;t FP, una jornada de cohesi\u00f3, professi\u00f3 i futur en la qual va participar tot l&#8217;alumnat de Formaci\u00f3 Professional del centre.<\/p>\n<p class=\"font-claude-response-body break-words whitespace-normal leading-[1.7]\">La jornada es va desenvolupar en format gimcana: grups heterogenis formats per alumnes de tots els cicles, pfi i ife, van rec\u00f3rrer junts les aules i tallers de l&#8217;institut, realitzant proves t\u00e8cniques de cada especialitat. Aquesta din\u00e0mica va permetre que l&#8217;alumnat treball\u00e9s en equip amb companys i companyes de perfils molt diversos, posant en valor les compet\u00e8ncies de cadasc\u00fa i fomentant la cohesi\u00f3 entre tota la formaci\u00f3 professional del nostre centre.<\/p>\n<p class=\"font-claude-response-body break-words whitespace-normal leading-[1.7]\">Amb aquesta segona edici\u00f3, l&#8217;Activa&#8217;t FP consolida el seu lloc al calendari del centre com una activitat que va m\u00e9s enll\u00e0 de la t\u00e8cnica: una FP que forma professionals col\u00b7laboratius, amb visi\u00f3 de futur i sentit de comunitat \u00a0.<a href=\"https:\/\/projectes.xtec.cat\/pfi\/wp-content\/uploads\/usu1781\/2026\/04\/IMG_8338.jpg\"><img loading=\"lazy\" decoding=\"async\" class=\"alignnone size-full wp-image-21500\" src=\"https:\/\/projectes.xtec.cat\/pfi\/wp-content\/uploads\/usu1781\/2026\/04\/IMG_8338.jpg\" alt=\"\" width=\"756\" height=\"1008\" srcset=\"https:\/\/projectes.xtec.cat\/pfi\/wp-content\/uploads\/usu1781\/2026\/04\/IMG_8338.jpg 756w, https:\/\/projectes.xtec.cat\/pfi\/wp-content\/uploads\/usu1781\/2026\/04\/IMG_8338-225x300.jpg 225w\" sizes=\"auto, (max-width: 756px) 100vw, 756px\" \/><\/a> <a href=\"https:\/\/projectes.xtec.cat\/pfi\/wp-content\/uploads\/usu1781\/2026\/04\/IMG_8313.jpg\"><img loading=\"lazy\" decoding=\"async\" class=\"alignnone size-full wp-image-21499\" src=\"https:\/\/projectes.xtec.cat\/pfi\/wp-content\/uploads\/usu1781\/2026\/04\/IMG_8313.jpg\" alt=\"\" width=\"756\" height=\"1008\" srcset=\"https:\/\/projectes.xtec.cat\/pfi\/wp-content\/uploads\/usu1781\/2026\/04\/IMG_8313.jpg 756w, https:\/\/projectes.xtec.cat\/pfi\/wp-content\/uploads\/usu1781\/2026\/04\/IMG_8313-225x300.jpg 225w\" sizes=\"auto, (max-width: 756px) 100vw, 756px\" \/><\/a> <a href=\"https:\/\/projectes.xtec.cat\/pfi\/wp-content\/uploads\/usu1781\/2026\/04\/IMG_8248.jpg\"><img loading=\"lazy\" decoding=\"async\" class=\"alignnone size-full wp-image-21498\" src=\"https:\/\/projectes.xtec.cat\/pfi\/wp-content\/uploads\/usu1781\/2026\/04\/IMG_8248.jpg\" alt=\"\" width=\"756\" height=\"1008\" srcset=\"https:\/\/projectes.xtec.cat\/pfi\/wp-content\/uploads\/usu1781\/2026\/04\/IMG_8248.jpg 756w, https:\/\/projectes.xtec.cat\/pfi\/wp-content\/uploads\/usu1781\/2026\/04\/IMG_8248-225x300.jpg 225w\" sizes=\"auto, (max-width: 756px) 100vw, 756px\" \/><\/a> <a href=\"https:\/\/projectes.xtec.cat\/pfi\/wp-content\/uploads\/usu1781\/2026\/04\/IMG_8246.jpg\"><img loading=\"lazy\" decoding=\"async\" class=\"alignnone size-full wp-image-21497\" src=\"https:\/\/projectes.xtec.cat\/pfi\/wp-content\/uploads\/usu1781\/2026\/04\/IMG_8246.jpg\" alt=\"\" width=\"756\" height=\"1008\" srcset=\"https:\/\/projectes.xtec.cat\/pfi\/wp-content\/uploads\/usu1781\/2026\/04\/IMG_8246.jpg 756w, https:\/\/projectes.xtec.cat\/pfi\/wp-content\/uploads\/usu1781\/2026\/04\/IMG_8246-225x300.jpg 225w\" sizes=\"auto, (max-width: 756px) 100vw, 756px\" \/><\/a> <a href=\"https:\/\/projectes.xtec.cat\/pfi\/wp-content\/uploads\/usu1781\/2026\/04\/IMG_8144.jpg\"><img loading=\"lazy\" decoding=\"async\" class=\"alignnone size-full wp-image-21492\" src=\"https:\/\/projectes.xtec.cat\/pfi\/wp-content\/uploads\/usu1781\/2026\/04\/IMG_8144.jpg\" alt=\"\" width=\"756\" height=\"1008\" srcset=\"https:\/\/projectes.xtec.cat\/pfi\/wp-content\/uploads\/usu1781\/2026\/04\/IMG_8144.jpg 756w, https:\/\/projectes.xtec.cat\/pfi\/wp-content\/uploads\/usu1781\/2026\/04\/IMG_8144-225x300.jpg 225w\" sizes=\"auto, (max-width: 756px) 100vw, 756px\" \/><\/a> <a href=\"https:\/\/projectes.xtec.cat\/pfi\/wp-content\/uploads\/usu1781\/2026\/04\/IMG_8123.jpg\"><img loading=\"lazy\" decoding=\"async\" class=\"alignnone size-full wp-image-21490\" src=\"https:\/\/projectes.xtec.cat\/pfi\/wp-content\/uploads\/usu1781\/2026\/04\/IMG_8123.jpg\" alt=\"\" width=\"756\" height=\"1008\" srcset=\"https:\/\/projectes.xtec.cat\/pfi\/wp-content\/uploads\/usu1781\/2026\/04\/IMG_8123.jpg 756w, https:\/\/projectes.xtec.cat\/pfi\/wp-content\/uploads\/usu1781\/2026\/04\/IMG_8123-225x300.jpg 225w\" sizes=\"auto, (max-width: 756px) 100vw, 756px\" \/><\/a><\/p>\n","protected":false},"excerpt":{"rendered":"<p>El passat 14 d&#8217;abril vam celebrar la segona edici\u00f3 de l&#8217;Activa&#8217;t FP, una jornada de cohesi\u00f3, professi\u00f3 i futur en la qual va participar tot l&#8217;alumnat de Formaci\u00f3 Professional del centre.<br \/>\nLa jornada es va desenvolupar en format gimcana: grups heterogenis formats per alumnes de tots&hellip;  <a href=\"https:\/\/projectes.xtec.cat\/pfi\/general\/2a-edicio-de-lactivat-fp-a-linstitut-lluis-domenech-i-montaner-de-reus\/\" title=\"Read 2a edici\u00f3 de l&#8217;Activa&#8217;t FP a l&#8217;Institut Llu\u00eds Dom\u00e8nech i Montaner de Reus\">Llegeix m\u00e9s\u00bb<\/a><\/p>\n","protected":false},"author":280,"featured_media":21500,"comment_status":"open","ping_status":"open","sticky":false,"template":"","format":"standard","meta":{"_bbp_topic_count":0,"_bbp_reply_count":0,"_bbp_total_topic_count":0,"_bbp_total_reply_count":0,"_bbp_voice_count":0,"_bbp_anonymous_reply_count":0,"_bbp_topic_count_hidden":0,"_bbp_reply_count_hidden":0,"_bbp_forum_subforum_count":0,"footnotes":""},"categories":[1,680,29],"tags":[356,694,681,679,693],"class_list":["post-21476","post","type-post","status-publish","format-standard","has-post-thumbnail","hentry","category-general","category-innovacio","category-portada","tag-fp","tag-insdimreus","tag-pinpfi","tag-programa-innovacio-pfi","tag-tenimoficitenimfutur"],"post_mailing_queue_ids":[],"_links":{"self":[{"href":"https:\/\/projectes.xtec.cat\/pfi\/wp-json\/wp\/v2\/posts\/21476","targetHints":{"allow":["GET"]}}],"collection":[{"href":"https:\/\/projectes.xtec.cat\/pfi\/wp-json\/wp\/v2\/posts"}],"about":[{"href":"https:\/\/projectes.xtec.cat\/pfi\/wp-json\/wp\/v2\/types\/post"}],"author":[{"embeddable":true,"href":"https:\/\/projectes.xtec.cat\/pfi\/wp-json\/wp\/v2\/users\/280"}],"replies":[{"embeddable":true,"href":"https:\/\/projectes.xtec.cat\/pfi\/wp-json\/wp\/v2\/comments?post=21476"}],"version-history":[{"count":5,"href":"https:\/\/projectes.xtec.cat\/pfi\/wp-json\/wp\/v2\/posts\/21476\/revisions"}],"predecessor-version":[{"id":21505,"href":"https:\/\/projectes.xtec.cat\/pfi\/wp-json\/wp\/v2\/posts\/21476\/revisions\/21505"}],"wp:featuredmedia":[{"embeddable":true,"href":"https:\/\/projectes.xtec.cat\/pfi\/wp-json\/wp\/v2\/media\/21500"}],"wp:attachment":[{"href":"https:\/\/projectes.xtec.cat\/pfi\/wp-json\/wp\/v2\/media?parent=21476"}],"wp:term":[{"taxonomy":"category","embeddable":true,"href":"https:\/\/projectes.xtec.cat\/pfi\/wp-json\/wp\/v2\/categories?post=21476"},{"taxonomy":"post_tag","embeddable":true,"href":"https:\/\/projectes.xtec.cat\/pfi\/wp-json\/wp\/v2\/tags?post=21476"}],"curies":[{"name":"wp","href":"https:\/\/api.w.org\/{rel}","templated":true}]}}